{"id":32905,"date":"2026-04-26T21:01:47","date_gmt":"2026-04-27T00:01:47","guid":{"rendered":"https:\/\/radiobitacora.com.ar\/web\/?p=32905"},"modified":"2026-04-26T21:01:47","modified_gmt":"2026-04-27T00:01:47","slug":"moverse-para-vivir-mejor-la-propuesta-de-fernando-lopez-torres-y-modo-runner-team-en-goya","status":"publish","type":"post","link":"https:\/\/radiobitacora.com.ar\/web\/2026\/04\/26\/moverse-para-vivir-mejor-la-propuesta-de-fernando-lopez-torres-y-modo-runner-team-en-goya\/","title":{"rendered":"MOVERSE PARA VIVIR MEJOR: LA PROPUESTA DE FERNANDO L\u00d3PEZ TORRES Y MODO RUNNER TEAM EN GOYA"},"content":{"rendered":"<p data-start=\"96\" data-end=\"382\">En los estudios de Multiplataformas Bit\u00e1cora, durante el programa <em data-start=\"162\" data-end=\"177\">Cont\u00e1 Conmigo<\/em>, se llev\u00f3 a cabo una entrevista con Fernando L\u00f3pez Torres, creador y referente de Modo Runner Team, quien comparti\u00f3 su mirada sobre la importancia de la actividad f\u00edsica y su impacto en la salud integral.<\/p>\n<p data-start=\"384\" data-end=\"863\">Desde el inicio de la charla, L\u00f3pez Torres destac\u00f3 que el movimiento forma parte de la naturaleza humana y que, en un contexto marcado por el sedentarismo, recuperar h\u00e1bitos simples como caminar, trotar o andar en bicicleta puede marcar una diferencia significativa en la calidad de vida. En ese sentido, remarc\u00f3 que no es necesario comenzar con entrenamientos exigentes, sino incorporar peque\u00f1as acciones cotidianas como subir escaleras, dejar el auto o sumar caminatas diarias.<\/p>\n<p data-start=\"384\" data-end=\"863\"><img loading=\"lazy\" decoding=\"async\" class=\"wp-image-32907 alignleft\" src=\"https:\/\/radiobitacora.com.ar\/web\/wp-content\/uploads\/2026\/04\/WhatsApp-Image-2026-04-26-at-7.56.39-PM-1.jpeg\" alt=\"\" width=\"315\" height=\"420\" srcset=\"https:\/\/radiobitacora.com.ar\/web\/wp-content\/uploads\/2026\/04\/WhatsApp-Image-2026-04-26-at-7.56.39-PM-1.jpeg 1200w, https:\/\/radiobitacora.com.ar\/web\/wp-content\/uploads\/2026\/04\/WhatsApp-Image-2026-04-26-at-7.56.39-PM-1-315x420.jpeg 315w, https:\/\/radiobitacora.com.ar\/web\/wp-content\/uploads\/2026\/04\/WhatsApp-Image-2026-04-26-at-7.56.39-PM-1-696x928.jpeg 696w, https:\/\/radiobitacora.com.ar\/web\/wp-content\/uploads\/2026\/04\/WhatsApp-Image-2026-04-26-at-7.56.39-PM-1-1068x1424.jpeg 1068w\" sizes=\"auto, (max-width: 315px) 100vw, 315px\" \/><\/p>\n<p data-start=\"865\" data-end=\"1277\">El referente del running en la ciudad explic\u00f3 que existe una diferencia entre actividad f\u00edsica y entrenamiento. Mientras la primera se vincula con los h\u00e1bitos diarios, el entrenamiento implica planificaci\u00f3n y objetivos m\u00e1s espec\u00edficos. Para quienes reci\u00e9n comienzan, recomend\u00f3 iniciar con caminatas de entre 20 y 30 minutos e ir progresando de manera gradual, incluso incorporando peque\u00f1os tramos de trote suave.<\/p>\n<p data-start=\"1279\" data-end=\"1519\">Asimismo, subray\u00f3 que la clave est\u00e1 en la progresi\u00f3n y en escuchar al cuerpo. \u201cNo todos est\u00e1n en el mismo punto de partida, y ah\u00ed es donde la gu\u00eda profesional cobra importancia\u201d, se\u00f1al\u00f3, haciendo hincapi\u00e9 en evitar lesiones y frustraciones.<\/p>\n<p data-start=\"1521\" data-end=\"2017\">Modo Runner Team, el espacio que lidera, funciona en la zona de la Costanera de Goya y re\u00fane a m\u00e1s de 140 personas con objetivos diversos: desde quienes buscan mejorar su salud hasta aquellos que se preparan para competir. El grupo abarca un amplio rango etario, desde ni\u00f1os de 4 a\u00f1os hasta adultos mayores, con propuestas inclusivas y accesibles. En este sentido, destac\u00f3 el trabajo con categor\u00edas infantiles y juveniles, que no tienen costo, como parte de una pol\u00edtica de promoci\u00f3n del deporte.<\/p>\n<p data-start=\"2019\" data-end=\"2300\">Durante la entrevista, L\u00f3pez Torres tambi\u00e9n remarc\u00f3 los beneficios comprobados de la actividad f\u00edsica en la prevenci\u00f3n de enfermedades no transmisibles como la diabetes, hipertensi\u00f3n y problemas cardiovasculares. Adem\u00e1s, resalt\u00f3 su impacto positivo en el bienestar mental y social.<\/p>\n<p data-start=\"2302\" data-end=\"2702\">En relaci\u00f3n al crecimiento del running en la ciudad, anticip\u00f3 la d\u00e9cima edici\u00f3n de la \u201cOto\u00f1o Trail Run\u201d, que se realizar\u00e1 el 17 de mayo y que ya se posiciona como un evento destacado dentro del circuito correntino. La competencia contar\u00e1 con distancias de 5, 10 y 21 kil\u00f3metros, adem\u00e1s de una instancia para ni\u00f1os, y se espera una importante convocatoria de corredores locales y de otras localidades.<\/p>\n<p data-start=\"2704\" data-end=\"2968\" data-is-last-node=\"\" data-is-only-node=\"\">Finalmente, L\u00f3pez Torres destac\u00f3 que el running es una de las disciplinas m\u00e1s accesibles, ya que no requiere grandes inversiones, y alent\u00f3 a la comunidad a animarse a dar el primer paso. \u201cCon ganas, constancia y acompa\u00f1amiento, cualquiera puede empezar\u201d, concluy\u00f3.<\/p>\n<p data-start=\"2704\" data-end=\"2968\" data-is-last-node=\"\" data-is-only-node=\"\">Mira el programa completo aca :<\/p>\n<p data-start=\"2704\" data-end=\"2968\" data-is-last-node=\"\" data-is-only-node=\"\"><a href=\"https:\/\/www.youtube.com\/live\/6QCYGw7EOZ8?si=3uWYR4ew7Rsh4859\">https:\/\/www.youtube.com\/live\/6QCYGw7EOZ8?si=3uWYR4ew7Rsh4859<\/a><\/p>\n<div dir=\"auto\">FUENTE : Multiplataformas Radio, Tv y Streaming de Goya<\/div>\n<div dir=\"auto\">Producci\u00f3n General :<\/div>\n<div dir=\"auto\"><span class=\"html-span xdj266r x14z9mp xat24cr x1lziwak xexx8yu xyri2b x18d9i69 x1c1uobl x1hl2dhg x16tdsg8 x1vvkbs\"><a class=\"x1i10hfl xjbqb8w x1ejq31n x18oe1m7 x1sy0etr xstzfhl x972fbf x10w94by x1qhh985 x14e42zd x9f619 x1ypdohk xt0psk2 x3ct3a4 xdj266r x14z9mp xat24cr x1lziwak xexx8yu xyri2b x18d9i69 x1c1uobl x16tdsg8 x1hl2dhg xggy1nq x1a2a7pz xkrqix3 x1sur9pj x1fey0fg x1s688f\" tabindex=\"0\" role=\"link\" href=\"https:\/\/www.facebook.com\/sebastiansoler6?__cft__[0]=AZYN_RzhaHIryl7oRxgXWOXTMjkN_RnvdeKDIVDurwvOEGj2bD1AWTZk9zTCq66yUpQoI0EDjGsVkfUya26p1VPmdubhbzmsafR0h6zuohcHyIKufsyXwdvSinxlV-2qXxvCfre9jYTwZufdjjcJ8G9bb57RttB8r9fq-jtxQTj0QLaM8Yo4sF9g5bifVTsI7FQ&amp;__tn__=-]K-R\"><span class=\"xt0psk2\"><span class=\"xjp7ctv\">Sebastian Soler<\/span><\/span><\/a><\/span><\/div>\n","protected":false},"excerpt":{"rendered":"<p>En los estudios de Multiplataformas Bit\u00e1cora, durante el programa Cont\u00e1 Conmigo, se llev\u00f3 a cabo una entrevista con Fernando L\u00f3pez Torres, creador y referente de Modo Runner Team, quien comparti\u00f3 su mirada sobre la importancia de la actividad f\u00edsica y su impacto en la salud integral. Desde el inicio de la charla, L\u00f3pez Torres destac\u00f3 [&hellip;]<\/p>\n","protected":false},"author":2,"featured_media":32906,"comment_status":"open","ping_status":"open","sticky":false,"template":"","format":"standard","meta":{"footnotes":""},"categories":[74],"tags":[],"class_list":{"0":"post-32905","1":"post","2":"type-post","3":"status-publish","4":"format-standard","5":"has-post-thumbnail","7":"category-bitacora-tv"},"_links":{"self":[{"href":"https:\/\/radiobitacora.com.ar\/web\/wp-json\/wp\/v2\/posts\/32905","targetHints":{"allow":["GET"]}}],"collection":[{"href":"https:\/\/radiobitacora.com.ar\/web\/wp-json\/wp\/v2\/posts"}],"about":[{"href":"https:\/\/radiobitacora.com.ar\/web\/wp-json\/wp\/v2\/types\/post"}],"author":[{"embeddable":true,"href":"https:\/\/radiobitacora.com.ar\/web\/wp-json\/wp\/v2\/users\/2"}],"replies":[{"embeddable":true,"href":"https:\/\/radiobitacora.com.ar\/web\/wp-json\/wp\/v2\/comments?post=32905"}],"version-history":[{"count":1,"href":"https:\/\/radiobitacora.com.ar\/web\/wp-json\/wp\/v2\/posts\/32905\/revisions"}],"predecessor-version":[{"id":32908,"href":"https:\/\/radiobitacora.com.ar\/web\/wp-json\/wp\/v2\/posts\/32905\/revisions\/32908"}],"wp:featuredmedia":[{"embeddable":true,"href":"https:\/\/radiobitacora.com.ar\/web\/wp-json\/wp\/v2\/media\/32906"}],"wp:attachment":[{"href":"https:\/\/radiobitacora.com.ar\/web\/wp-json\/wp\/v2\/media?parent=32905"}],"wp:term":[{"taxonomy":"category","embeddable":true,"href":"https:\/\/radiobitacora.com.ar\/web\/wp-json\/wp\/v2\/categories?post=32905"},{"taxonomy":"post_tag","embeddable":true,"href":"https:\/\/radiobitacora.com.ar\/web\/wp-json\/wp\/v2\/tags?post=32905"}],"curies":[{"name":"wp","href":"https:\/\/api.w.org\/{rel}","templated":true}]}}