{"id":32912,"date":"2026-04-26T21:32:36","date_gmt":"2026-04-27T00:32:36","guid":{"rendered":"https:\/\/radiobitacora.com.ar\/web\/?p=32912"},"modified":"2026-04-26T21:32:36","modified_gmt":"2026-04-27T00:32:36","slug":"1a-carrera-en-adhesion-a-la-fiesta-nacional-del-surubi","status":"publish","type":"post","link":"https:\/\/radiobitacora.com.ar\/web\/2026\/04\/26\/1a-carrera-en-adhesion-a-la-fiesta-nacional-del-surubi\/","title":{"rendered":"1\u00aa CARRERA EN ADHESI\u00d3N A LA FIESTA NACIONAL DEL SURUB\u00cd"},"content":{"rendered":"<p style=\"font-weight: 400;\">Con una buena participaci\u00f3n de corredores, se desarroll\u00f3, este domingo, desde las 8 y 30 horas, la competencia organizada desde la Direcci\u00f3n de Deportes y la Prefectura Goya.<\/p>\n<p style=\"font-weight: 400;\">\n<p style=\"font-weight: 400;\">Para destacar en la clasificaci\u00f3n general de los 10K en masculino fue para Sergio P\u00e9rez y en Femenino Teresita Zolezzi, ratificando ambos su excelente performance y quien se qued\u00f3 en la categor\u00eda Interfuerzas Masculino con la clasificaci\u00f3n general, repitiendo sus \u00faltimos logros, el Prefecto Sebasti\u00e1n Marcelo Regondi<\/p>\n<p style=\"font-weight: 400;\">En las tres distancias establecidas 3K participativa, 5 K esta con la particularidad que estaba destinada la competencia entre los miembros de las fuerzas policiales de la provincia y federal, gendarmer\u00eda y prefectura, completando la distancia de 10 kil\u00f3metros.<\/p>\n<p style=\"font-weight: 400;\">\n<p style=\"font-weight: 400;\">\n<p style=\"font-weight: 400;\">Como en cada convocatoria pedestre los team, equipos de la ciudad dieron su apoyo con la presencia de sus integrantes, buscando una consagraci\u00f3n que no es solo la obtenci\u00f3n de los palmares deportivos, sino se afianza algo que sucede en cada desaf\u00edo, la camarader\u00eda de los corredores.<\/p>\n<p style=\"font-weight: 400;\">\n<p style=\"font-weight: 400;\">Un escenario rodeando la prefectura, el fijado para esta competencia, que arroj\u00f3 en la Clasificaci\u00f3n General, los siguientes resultados, recordando que todos los participantes llevaron su medalla finisher y la premiaci\u00f3n se posicion\u00f3 del 1\u00ba al 5\u00ba lugar.<\/p>\n<p style=\"font-weight: 400;\">\n<p style=\"font-weight: 400;\">CLASIFICACION GENERAL 10 K<\/p>\n<p style=\"font-weight: 400;\">Masculino:<\/p>\n<p style=\"font-weight: 400;\">1\u00ba Sergio P\u00e9rez<\/p>\n<p style=\"font-weight: 400;\">2\u00ba Francisco Balestra<\/p>\n<p style=\"font-weight: 400;\">3\u00ba Thiago Escalante<\/p>\n<p style=\"font-weight: 400;\">4\u00ba Gast\u00f3n Silva<\/p>\n<p style=\"font-weight: 400;\">5\u00ba Federico Gast\u00f3n Mil<\/p>\n<p style=\"font-weight: 400;\">\n<p style=\"font-weight: 400;\">Femenino:<\/p>\n<p style=\"font-weight: 400;\">1\u00ba Teresita Zolezzi<\/p>\n<p style=\"font-weight: 400;\">2\u00ba Clara In\u00e9s Vel\u00e1zquez<\/p>\n<p style=\"font-weight: 400;\">3\u00ba Camila Fern\u00e1ndez<\/p>\n<p style=\"font-weight: 400;\">4\u00ba Priscila Romero<\/p>\n<p style=\"font-weight: 400;\">5\u00ba Karina D\u2019Aveta<\/p>\n<p style=\"font-weight: 400;\">\n<p style=\"font-weight: 400;\">CLASIFICACI\u00d3N GENERAL 3 K<\/p>\n<p style=\"font-weight: 400;\">Masculino<\/p>\n<p style=\"font-weight: 400;\">1\u00ba Steven Silva<\/p>\n<p style=\"font-weight: 400;\">2\u00ba Guillermo Ariel Escobar<\/p>\n<p style=\"font-weight: 400;\">3\u00ba Sergio Quiroz<\/p>\n<p style=\"font-weight: 400;\">4\u00ba Nahuel Andr\u00e9s Almir\u00f3n<\/p>\n<p style=\"font-weight: 400;\">5\u00ba Ricardo S\u00e1nchez<\/p>\n<p style=\"font-weight: 400;\">\n<p style=\"font-weight: 400;\">Femenino:<\/p>\n<p style=\"font-weight: 400;\">1\u00ba Avril R\u00edos Escobar<\/p>\n<p style=\"font-weight: 400;\">2\u00ba Marta Liz Gonz\u00e1lez \u00c1lvarez<\/p>\n<p style=\"font-weight: 400;\">3\u00ba Leticia Lugo<\/p>\n<p style=\"font-weight: 400;\">4\u00ba Lucila Mart\u00ednez<\/p>\n<p style=\"font-weight: 400;\">5\u00ba Milagros Monge<\/p>\n<p style=\"font-weight: 400;\">\n<p style=\"font-weight: 400;\">CLASIFICACI\u00d3N GENERAL 5K<\/p>\n<p style=\"font-weight: 400;\">Masculino:<\/p>\n<p style=\"font-weight: 400;\">\n<p style=\"font-weight: 400;\">1\u00ba Leonel Sosa<\/p>\n<p style=\"font-weight: 400;\">2\u00ba Antonio Alejandro Romero<\/p>\n<p style=\"font-weight: 400;\">3\u00ba Hern\u00e1n Cuenca<\/p>\n<p style=\"font-weight: 400;\">4\u00ba Alex Joaqu\u00edn Fern\u00e1ndez<\/p>\n<p style=\"font-weight: 400;\">5\u00ba Juan Manuel Zabala<\/p>\n<p style=\"font-weight: 400;\">\n<p style=\"font-weight: 400;\">Femenino:<\/p>\n<p style=\"font-weight: 400;\">1\u00ba Oriana Guti\u00e9rrez Zabala<\/p>\n<p style=\"font-weight: 400;\">2\u00ba Jael Romero<\/p>\n<p style=\"font-weight: 400;\">3\u00ba Judith Romero<\/p>\n<p style=\"font-weight: 400;\">4\u00ba Diana Aguirre<\/p>\n<p style=\"font-weight: 400;\">5\u00ba Rita Machuca<\/p>\n<p style=\"font-weight: 400;\">\n<p style=\"font-weight: 400;\">CLASIFICACI\u00d3N GENERAL 5K INTERFUERZAS<\/p>\n<p style=\"font-weight: 400;\">Masculino<\/p>\n<p style=\"font-weight: 400;\">1\u00ba Marcelo Sebasti\u00e1n Regondi<\/p>\n<p style=\"font-weight: 400;\">2\u00ba Roberto Lopez<\/p>\n<p style=\"font-weight: 400;\">3\u00ba Eduardo Daniel Aguirre<\/p>\n<p style=\"font-weight: 400;\">4\u00ba Jos\u00e9 Eduardo Ayala<\/p>\n<p style=\"font-weight: 400;\">5\u00ba Cristian Ram\u00f3n Gomez<\/p>\n<p style=\"font-weight: 400;\">\n<p style=\"font-weight: 400;\">Femenino:<\/p>\n<p style=\"font-weight: 400;\">1\u00ba Elizabeth Noem\u00ed Sol\u00eds<\/p>\n<p style=\"font-weight: 400;\">2\u00ba Mar\u00eda Estefan\u00eda S\u00e1nchez<\/p>\n<p style=\"font-weight: 400;\">3\u00ba Miguelina Leonor Kachurak<\/p>\n<p style=\"font-weight: 400;\">4\u00ba Paula Ver\u00f3n<\/p>\n<p style=\"font-weight: 400;\">5\u00ba Mar\u00eda Almir\u00f3n<\/p>\n<p style=\"font-weight: 400;\">\n<p style=\"font-weight: 400;\">Los corredores agradecieron las atenciones recibidas, desde la organizaci\u00f3n destacaron el nivel de los participantes, en cada una de las distancias y categor\u00edas, reconociendo el despliegue de la Direcci\u00f3n de Tr\u00e1nsito para cortar los puntos establecidos y acompa\u00f1ar a los deportistas, de esta manera con la entrega de medallas y los premios concluyo esta prueba pedestre en adhesi\u00f3n a la Fiesta Nacional del Surub\u00ed.<\/p>\n<p style=\"font-weight: 400;\">\n","protected":false},"excerpt":{"rendered":"<p>Con una buena participaci\u00f3n de corredores, se desarroll\u00f3, este domingo, desde las 8 y 30 horas, la competencia organizada desde la Direcci\u00f3n de Deportes y la Prefectura Goya. Para destacar en la clasificaci\u00f3n general de los 10K en masculino fue para Sergio P\u00e9rez y en Femenino Teresita Zolezzi, ratificando ambos su excelente performance y quien [&hellip;]<\/p>\n","protected":false},"author":2,"featured_media":32913,"comment_status":"open","ping_status":"open","sticky":false,"template":"","format":"standard","meta":{"footnotes":""},"categories":[78],"tags":[],"class_list":{"0":"post-32912","1":"post","2":"type-post","3":"status-publish","4":"format-standard","5":"has-post-thumbnail","7":"category-deportes"},"_links":{"self":[{"href":"https:\/\/radiobitacora.com.ar\/web\/wp-json\/wp\/v2\/posts\/32912","targetHints":{"allow":["GET"]}}],"collection":[{"href":"https:\/\/radiobitacora.com.ar\/web\/wp-json\/wp\/v2\/posts"}],"about":[{"href":"https:\/\/radiobitacora.com.ar\/web\/wp-json\/wp\/v2\/types\/post"}],"author":[{"embeddable":true,"href":"https:\/\/radiobitacora.com.ar\/web\/wp-json\/wp\/v2\/users\/2"}],"replies":[{"embeddable":true,"href":"https:\/\/radiobitacora.com.ar\/web\/wp-json\/wp\/v2\/comments?post=32912"}],"version-history":[{"count":1,"href":"https:\/\/radiobitacora.com.ar\/web\/wp-json\/wp\/v2\/posts\/32912\/revisions"}],"predecessor-version":[{"id":32914,"href":"https:\/\/radiobitacora.com.ar\/web\/wp-json\/wp\/v2\/posts\/32912\/revisions\/32914"}],"wp:featuredmedia":[{"embeddable":true,"href":"https:\/\/radiobitacora.com.ar\/web\/wp-json\/wp\/v2\/media\/32913"}],"wp:attachment":[{"href":"https:\/\/radiobitacora.com.ar\/web\/wp-json\/wp\/v2\/media?parent=32912"}],"wp:term":[{"taxonomy":"category","embeddable":true,"href":"https:\/\/radiobitacora.com.ar\/web\/wp-json\/wp\/v2\/categories?post=32912"},{"taxonomy":"post_tag","embeddable":true,"href":"https:\/\/radiobitacora.com.ar\/web\/wp-json\/wp\/v2\/tags?post=32912"}],"curies":[{"name":"wp","href":"https:\/\/api.w.org\/{rel}","templated":true}]}}