{"id":32915,"date":"2026-04-26T21:33:35","date_gmt":"2026-04-27T00:33:35","guid":{"rendered":"https:\/\/radiobitacora.com.ar\/web\/?p=32915"},"modified":"2026-04-26T21:33:48","modified_gmt":"2026-04-27T00:33:48","slug":"prefectura-naval-argentina","status":"publish","type":"post","link":"https:\/\/radiobitacora.com.ar\/web\/2026\/04\/26\/prefectura-naval-argentina\/","title":{"rendered":"PREFECTURA NAVAL ARGENTINA"},"content":{"rendered":"<p style=\"font-weight: 400;\">Campa\u00f1a Intensiva de Promoci\u00f3n para ingresar a la instituci\u00f3n custodio de nuestras costas.<\/p>\n<p style=\"font-weight: 400;\">La entidad prefecturiana desde la Direcci\u00f3n de Educaci\u00f3n, Divisi\u00f3n de Incorporaciones durante el desarrollo de la FNS har\u00e1 una intensa campa\u00f1a de promoci\u00f3n para los j\u00f3venes interesados a ingresar a sus filas, en las escuelas de oficiales y suboficiales que cuenta la Prefectura<\/p>\n<p style=\"font-weight: 400;\">El Jefe de la mencionada divisi\u00f3n el Prefecto Walter Daniel Rodr\u00edguez, en contacto con Radio Ciudad, dio a conocer los detalles para el ingreso a la fuerza, custodio de nuestros r\u00edos.<\/p>\n<p style=\"font-weight: 400;\">OFERTA DE FORMACI\u00d3N ACAD\u00c9MICA E INSTITUCIONAL PARA J\u00d3VENES<\/p>\n<p style=\"font-weight: 400;\">El Prefecto Rodr\u00edguez,, consultado sobre el perfil del joven ingresante a los cuadros prefecturiano, explic\u00f3: \u201c Nosotros estamos en la b\u00fasqueda u oferta para j\u00f3venes de ambos sexos, argentinos, nativos o por opci\u00f3n, en el caso de la Escuela de Oficiales, la edad m\u00ednima es 17 a\u00f1os y la m\u00e1xima de 22 a\u00f1os, en el caso de Suboficiales, la misma edad m\u00ednima, pero en este caso la edad m\u00e1xima se extiende hasta los 27 a\u00f1os, en ambos casos nuestros Institutos de Formaci\u00f3n se encuentran situadas en Z\u00e1rate, provincia de Buenos Aires, el otro requisito solicitado es el t\u00edtulo del nivel secundario, para los que est\u00e1n cursando ese \u00faltimo a\u00f1o la correspondiente constancia de alumno regular, al concluir sus estudios en diciembre la constancia del t\u00edtulo en tr\u00e1mite y no poseer antecedentes penales, estos son los tr\u00e1mites b\u00e1sicos en nuestra oferta.\u201d<\/p>\n<p style=\"font-weight: 400;\">FORMACI\u00d3N INSTITUCIONAL Y UNIVERSITARIA<\/p>\n<p style=\"font-weight: 400;\">El responsable de la Divisi\u00f3n Incorporaciones de la Direcci\u00f3n de Educaci\u00f3n, indic\u00f3: \u201cLa Escuela de Oficiales tiene una formaci\u00f3n de tres a\u00f1os, haciendo un a\u00f1o m\u00e1s pueden egresar como licenciados en Seguridad Mar\u00edtima, o en Administraci\u00f3n y Contabilidad del Sector P\u00fablico o Analista Universitario, a la formaci\u00f3n espec\u00edfica ofrecemos esta capacitaci\u00f3n acad\u00e9mica\u201d<\/p>\n<p style=\"font-weight: 400;\">\u201cEn el caso de la Escuela de Suboficiales al t\u00e9rmino \u2013agrego- de dos a\u00f1os se reciben en protecci\u00f3n de la seguridad p\u00fablica, un t\u00edtulo t\u00e9cnico universitario en varias especialidades.\u201d<\/p>\n<p style=\"font-weight: 400;\">PRESENCIA EN LA FNS Y ESTABLECIMIENTOS DE LA REGI\u00d3N<\/p>\n<p style=\"font-weight: 400;\">El Jefe Prefecturiano del departamento educaci\u00f3n, se\u00f1al\u00f3: \u201cLa Prefectura ofrece varias opciones de formaci\u00f3n, de all\u00ed la importancia de dar a conocer durante esta gran convocatoria como es la Fiesta Nacional del Surub\u00ed, haremos una intensa campa\u00f1a de difusi\u00f3n, de invitar a formar parte de nuestras filas.<\/p>\n<p style=\"font-weight: 400;\">\u201cPondremos un stand en la FNS, nosotros desde la Divisi\u00f3n de Incorporaciones de la Direcci\u00f3n de Educaci\u00f3n, nos trasladaremos a Corrientes, -sostuvo durante la entrevista- junto al Mundial de Pesca, tomaremos contacto con establecimientos de Lavalle, Santa Luc\u00eda, entre otras localidades, si bien la inscripci\u00f3n es on line, gratuito, a idea es vincularnos con los directivos y estudiantes para resolver algunas cuestiones de conexi\u00f3n y de explicar mejor las condiciones de ingreso para dar a conocer esta oferta educativa.\u201d<\/p>\n<p style=\"font-weight: 400;\">Finalmente, el Prefecto Walter Rodr\u00edguez, de la Direcci\u00f3n de Educaci\u00f3n, Invit\u00f3 a los j\u00f3venes de la regi\u00f3n a: &#8220;acercarse a nuestro stand en la Fiesta Nacional del Surub\u00ed, desde el 29 de abril al 2 de mayo, donde haremos una gran campa\u00f1a de difusi\u00f3n a la Escuela de Oficiales\u201d General Matias de Irigoyen\u201d y a la Escuela de Suboficiales \u201cPrefecto Martin Jacobo Thompson\u201d<\/p>\n","protected":false},"excerpt":{"rendered":"<p>Campa\u00f1a Intensiva de Promoci\u00f3n para ingresar a la instituci\u00f3n custodio de nuestras costas. La entidad prefecturiana desde la Direcci\u00f3n de Educaci\u00f3n, Divisi\u00f3n de Incorporaciones durante el desarrollo de la FNS har\u00e1 una intensa campa\u00f1a de promoci\u00f3n para los j\u00f3venes interesados a ingresar a sus filas, en las escuelas de oficiales y suboficiales que cuenta la [&hellip;]<\/p>\n","protected":false},"author":2,"featured_media":32916,"comment_status":"open","ping_status":"open","sticky":false,"template":"","format":"standard","meta":{"footnotes":""},"categories":[56],"tags":[],"class_list":{"0":"post-32915","1":"post","2":"type-post","3":"status-publish","4":"format-standard","5":"has-post-thumbnail","7":"category-locales"},"_links":{"self":[{"href":"https:\/\/radiobitacora.com.ar\/web\/wp-json\/wp\/v2\/posts\/32915","targetHints":{"allow":["GET"]}}],"collection":[{"href":"https:\/\/radiobitacora.com.ar\/web\/wp-json\/wp\/v2\/posts"}],"about":[{"href":"https:\/\/radiobitacora.com.ar\/web\/wp-json\/wp\/v2\/types\/post"}],"author":[{"embeddable":true,"href":"https:\/\/radiobitacora.com.ar\/web\/wp-json\/wp\/v2\/users\/2"}],"replies":[{"embeddable":true,"href":"https:\/\/radiobitacora.com.ar\/web\/wp-json\/wp\/v2\/comments?post=32915"}],"version-history":[{"count":2,"href":"https:\/\/radiobitacora.com.ar\/web\/wp-json\/wp\/v2\/posts\/32915\/revisions"}],"predecessor-version":[{"id":32918,"href":"https:\/\/radiobitacora.com.ar\/web\/wp-json\/wp\/v2\/posts\/32915\/revisions\/32918"}],"wp:featuredmedia":[{"embeddable":true,"href":"https:\/\/radiobitacora.com.ar\/web\/wp-json\/wp\/v2\/media\/32916"}],"wp:attachment":[{"href":"https:\/\/radiobitacora.com.ar\/web\/wp-json\/wp\/v2\/media?parent=32915"}],"wp:term":[{"taxonomy":"category","embeddable":true,"href":"https:\/\/radiobitacora.com.ar\/web\/wp-json\/wp\/v2\/categories?post=32915"},{"taxonomy":"post_tag","embeddable":true,"href":"https:\/\/radiobitacora.com.ar\/web\/wp-json\/wp\/v2\/tags?post=32915"}],"curies":[{"name":"wp","href":"https:\/\/api.w.org\/{rel}","templated":true}]}}