{"id":32922,"date":"2026-04-28T08:08:10","date_gmt":"2026-04-28T11:08:10","guid":{"rendered":"https:\/\/radiobitacora.com.ar\/web\/?p=32922"},"modified":"2026-04-28T08:08:10","modified_gmt":"2026-04-28T11:08:10","slug":"feria-nemuha-el-motor-de-la-economia-social-brilla-en-el-corazon-de-goya-durante-la-fiesta-del-surubi","status":"publish","type":"post","link":"https:\/\/radiobitacora.com.ar\/web\/2026\/04\/28\/feria-nemuha-el-motor-de-la-economia-social-brilla-en-el-corazon-de-goya-durante-la-fiesta-del-surubi\/","title":{"rendered":"FERIA \u00d1EMUHA: EL MOTOR DE LA ECONOM\u00cdA SOCIAL BRILLA EN EL CORAZ\u00d3N DE GOYA DURANTE LA FIESTA DEL SURUB\u00cd"},"content":{"rendered":"<p style=\"font-weight: 400;\">Con la participaci\u00f3n de 190 expositores, la Plaza Mitre se consolida como el epicentro de artesanos y emprendedores locales y de la regi\u00f3n. Mercedes Pintos, directora de Promoci\u00f3n Social, destac\u00f3 que el espacio funciona como una \u201cvitrina vibrante\u201d para la comercializaci\u00f3n de productos con identidad propia.<\/p>\n<p style=\"font-weight: 400;\">La ciudad de Goya se prepara para vivir una nueva edici\u00f3n de la Feria \u00d1emuha este a\u00f1o ha sido denominado como la \u201cVenta del Surub\u00ed\u201d.<\/p>\n<p style=\"font-weight: 400;\">Ubicada en la Plaza Mitre, esta feria surge como una alternativa estrat\u00e9gica y econ\u00f3mica para que 190 expositores, tanto locales como for\u00e1neos, puedan exhibir y vender sus productos durante el marco de la Fiesta Nacional del Surub\u00ed.<\/p>\n<p style=\"font-weight: 400;\">UN PILAR PARA LA ECONOM\u00cdA GOYANA<\/p>\n<p style=\"font-weight: 400;\">La Directora de Promoci\u00f3n Social del municipio, Mercedes Pintos, subray\u00f3 que este espacio es un pilar fundamental impulsado por la gesti\u00f3n del intendente para acompa\u00f1ar a los trabajadores independientes frente al contexto econ\u00f3mico actual.<\/p>\n<p style=\"font-weight: 400;\">Muchos de los participantes forman parte del programa Emprendedores Goyanos, habiendo recibido microcr\u00e9ditos o herramientas a trav\u00e9s de la obtenci\u00f3n de bienes de capital para fortalecer sus proyectos.<\/p>\n<p style=\"font-weight: 400;\">&#8220;La feria es un punto de encuentro para quienes buscan autenticidad y calidez&#8221;, se\u00f1al\u00f3 Pintos.<\/p>\n<p style=\"font-weight: 400;\">Adem\u00e1s de los emprendedores independientes, participan instituciones consolidadas como la Asociaci\u00f3n de Artesanos Agay, Uni\u00f3n y Progreso, y la cooperativa Feria Franca.<\/p>\n<p style=\"font-weight: 400;\">PRESENCIA EN EL PREDIO COSTA SURUB\u00cd<\/p>\n<p style=\"font-weight: 400;\">M\u00e1s all\u00e1 de la concentraci\u00f3n masiva en Plaza Mitre, el municipio ha gestionado un espacio exclusivo en el Predio Costa Surub\u00ed. All\u00ed, un grupo seleccionado de 13 peque\u00f1os emprendedores locales, que han pasado por procesos de capacitaci\u00f3n en el Club de Emprendedores, tendr\u00e1n la oportunidad de promocionar y comercializar sus productos en la vitrina principal de la fiesta.<\/p>\n<p style=\"font-weight: 400;\">CULTURA, ESPECT\u00c1CULOS Y HORARIOS<\/p>\n<p style=\"font-weight: 400;\">La experiencia de la Feria \u00d1emuha no se limita a las compras. A partir del jueves y hasta el domingo 3 de mayo, la plaza contar\u00e1 con una cartelera de talentos en vivo, incluyendo ballets, institutos de danza y conjuntos musicales para el disfrute de las familias y turistas.<\/p>\n<p style=\"font-weight: 400;\">El cronograma de actividades establece que el mi\u00e9rcoles la comercializaci\u00f3n en la plaza se realizar\u00e1 hasta las 20 horas, permitiendo que tanto feriantes como p\u00fablico asistan a la noche inaugural de la fiesta.<\/p>\n<p style=\"font-weight: 400;\">Desde el jueves, la actividad ser\u00e1 plena durante todo el d\u00eda, convirtiendo a la plaza en un &#8220;epicentro importante&#8221; que ya ha comenzado a recibir la visita de los primeros turistas.<\/p>\n<p style=\"font-weight: 400;\">\n<p style=\"font-weight: 400;\">AN\u00c9CDOTAS Y PRESTIGIO<\/p>\n<p style=\"font-weight: 400;\">Pintos record\u00f3 que la feria ha ganado tal relevancia que, en ediciones anteriores, artistas de renombre como los integrantes de \u201cLa Delio Vald\u00e9s\u201d han visitado los puestos de la Plaza Mitre para adquirir productos regionales, como las cl\u00e1sicas tortas fritas y asadas, mezcl\u00e1ndose entre los visitantes de la ciudad.<\/p>\n<p style=\"font-weight: 400;\">\n","protected":false},"excerpt":{"rendered":"<p>Con la participaci\u00f3n de 190 expositores, la Plaza Mitre se consolida como el epicentro de artesanos y emprendedores locales y de la regi\u00f3n. Mercedes Pintos, directora de Promoci\u00f3n Social, destac\u00f3 que el espacio funciona como una \u201cvitrina vibrante\u201d para la comercializaci\u00f3n de productos con identidad propia. La ciudad de Goya se prepara para vivir una [&hellip;]<\/p>\n","protected":false},"author":2,"featured_media":32923,"comment_status":"open","ping_status":"open","sticky":false,"template":"","format":"standard","meta":{"footnotes":""},"categories":[78],"tags":[],"class_list":{"0":"post-32922","1":"post","2":"type-post","3":"status-publish","4":"format-standard","5":"has-post-thumbnail","7":"category-deportes"},"_links":{"self":[{"href":"https:\/\/radiobitacora.com.ar\/web\/wp-json\/wp\/v2\/posts\/32922","targetHints":{"allow":["GET"]}}],"collection":[{"href":"https:\/\/radiobitacora.com.ar\/web\/wp-json\/wp\/v2\/posts"}],"about":[{"href":"https:\/\/radiobitacora.com.ar\/web\/wp-json\/wp\/v2\/types\/post"}],"author":[{"embeddable":true,"href":"https:\/\/radiobitacora.com.ar\/web\/wp-json\/wp\/v2\/users\/2"}],"replies":[{"embeddable":true,"href":"https:\/\/radiobitacora.com.ar\/web\/wp-json\/wp\/v2\/comments?post=32922"}],"version-history":[{"count":1,"href":"https:\/\/radiobitacora.com.ar\/web\/wp-json\/wp\/v2\/posts\/32922\/revisions"}],"predecessor-version":[{"id":32924,"href":"https:\/\/radiobitacora.com.ar\/web\/wp-json\/wp\/v2\/posts\/32922\/revisions\/32924"}],"wp:featuredmedia":[{"embeddable":true,"href":"https:\/\/radiobitacora.com.ar\/web\/wp-json\/wp\/v2\/media\/32923"}],"wp:attachment":[{"href":"https:\/\/radiobitacora.com.ar\/web\/wp-json\/wp\/v2\/media?parent=32922"}],"wp:term":[{"taxonomy":"category","embeddable":true,"href":"https:\/\/radiobitacora.com.ar\/web\/wp-json\/wp\/v2\/categories?post=32922"},{"taxonomy":"post_tag","embeddable":true,"href":"https:\/\/radiobitacora.com.ar\/web\/wp-json\/wp\/v2\/tags?post=32922"}],"curies":[{"name":"wp","href":"https:\/\/api.w.org\/{rel}","templated":true}]}}