{"id":32937,"date":"2026-04-28T08:14:00","date_gmt":"2026-04-28T11:14:00","guid":{"rendered":"https:\/\/radiobitacora.com.ar\/web\/?p=32937"},"modified":"2026-04-28T08:14:12","modified_gmt":"2026-04-28T11:14:12","slug":"emotiva-ceremonia-de-homenaje-a-rodolfo-insaurralde","status":"publish","type":"post","link":"https:\/\/radiobitacora.com.ar\/web\/2026\/04\/28\/emotiva-ceremonia-de-homenaje-a-rodolfo-insaurralde\/","title":{"rendered":"EMOTIVA CEREMONIA DE HOMENAJE A RODOLFO INSAURRALDE"},"content":{"rendered":"<p style=\"font-weight: 400;\"><em>El intendente Mariano Hormaechea acompa\u00f1\u00f3 la ceremonia y dej\u00f3 inaugurada la muestra con obras del reconocido artista pl\u00e1stico goyano<\/em>.<\/p>\n<p style=\"font-weight: 400;\">Tal cual lo previsto, este lunes 27 por la noche, en el marco de la 49\u00aa Fiesta Nacional del Surub\u00ed, quedaron expuestas en la Casa de la Cultura las 20 obras por las cuales se rinde homenaje a Rodolfo Insaurralde.<\/p>\n<p style=\"font-weight: 400;\">El acceso es libre y gratuito, en los horarios habituales.<\/p>\n<p style=\"font-weight: 400;\">La significaci\u00f3n de esta muestra est\u00e1 en el tributo que los ex compa\u00f1eros de promoci\u00f3n de la recordada Escuela Nacional de Comercio y la Municipalidad de Goya, desde la Direcci\u00f3n de Cultura, han decidido brindar a quien fuera embajador cultural, el reconocido pintor Rodolfo Insaurralde.<\/p>\n<p style=\"font-weight: 400;\">Para la concreci\u00f3n de la muestra diversas familias y la misma Casa de la Cultura aportaron obras del recientemente fallecido artista, varias de las cuales fueron enviadas desde otros puntos con destino a Goya. Por ese motivo, extendieron el agradecimiento a Carlos Rotjer, propietario de expresos Ara Vera.<\/p>\n<p style=\"font-weight: 400;\">De la apertura de esta evocaci\u00f3n, junto al intendente Mariano Hormaechea participaron el vice intendente Sebasti\u00e1n Mazzaro, la vicepresidente 2\u00aa del HCD concejal Vivian Merlo, el titular de la comisar\u00eda 1\u00aa Comisario Mat\u00edas Castillo, el coordinador de Asuntos Culturales Manuel Zampar, familiares, sus ex compa\u00f1eros de la Escuela \u201cRoberto I. L\u00f3pez Alvarado\u201d, personalidades del arte, de la cultura, periodistas, estudiantes de escuelas de arte, de dise\u00f1o y vecinos de la ciudad.<\/p>\n<p style=\"font-weight: 400;\">JOS\u00c9 LUIS PALEARI<\/p>\n<p style=\"font-weight: 400;\">En nombre de los ex compa\u00f1eros de la promoci\u00f3n del citado colegio, dej\u00f3 sus consideraciones Jos\u00e9 Luis Paleari.<\/p>\n<p style=\"font-weight: 400;\">Luego de rese\u00f1ar buena parte de su accionar cultural, con exposiciones en diferentes galer\u00edas del mundo, as\u00ed como en la Fiesta Nacional del Surub\u00ed, puso el acento en querer recordarlo \u201cde la mejor manera: por su cualidad humana, su generosidad, ese v\u00ednculo que nos ha regalado aun en el esplendor de su protagonismo\u201d.<\/p>\n<p style=\"font-weight: 400;\">Asimismo, destac\u00f3 \u201cla solidaridad para con su ciudad, que comprometido con cada realidad supo aportar sus obras para recaudar fondos para Cultura\u201d.<\/p>\n<p style=\"font-weight: 400;\">El comunicador social record\u00f3: \u201cPudimos celebrar su cumplea\u00f1os en Buenos Aires\u201d, y en ese racconto de momentos que afloran en la memoria ante su reciente partida a la tierra celestial, \u201csin dudas la emoci\u00f3n nos puede traicionar\u201d, confes\u00f3.<\/p>\n<p style=\"font-weight: 400;\">Luego de seguir destacando su personalidad, \u201csu don de gente\u201d, Paleari agradeci\u00f3 \u201ca la Municipalidad, a Cultura, a Ricardo (su hermano), por poder hacer este homenaje y recordarlo. Desde alguna estrella nos guiar\u00e1; gracias Rodolfo\u2026hasta siempre\u201d, concluy\u00f3.<\/p>\n<p style=\"font-weight: 400;\">RICARDO INSAURRALDE<\/p>\n<p style=\"font-weight: 400;\">Su hermano, el mellizo Ricardo Insaurralde, record\u00f3 que \u201csiempre para esta fecha nuestro coraz\u00f3n lat\u00eda de manera diferente para esperarlo a que inaugure sus obras en nuestra Fiesta Nacional del Surubi, antes de la gira. Siempre, cada a\u00f1o, generaba esa expectativa\u201d.<\/p>\n<p style=\"font-weight: 400;\">La emoci\u00f3n embarg\u00f3 a todos, pero particularmente a Ricardo, quien confes\u00f3: \u201cNo salen las palabras, porque la emoci\u00f3n es muy grande; pero s\u00e9 que nos quisimos, como lo quer\u00edan ustedes. En estas obras, \u00e9l est\u00e1 presente\u201d, asegur\u00f3.<\/p>\n<p style=\"font-weight: 400;\">DECLARACI\u00d3N DEL CONCEJO DELIBERANTE<\/p>\n<p style=\"font-weight: 400;\">Los concejales Vivian Merlo, Gabriela Refojos y Emanuel Blanco participaron de la entrega de la copia de la Resoluci\u00f3n por la cual el HCD declar\u00f3 de Inter\u00e9s esta ceremonia. El responsable del \u00e1rea cultural de la Municipalidad, Manuel Zampar, participando adem\u00e1s el presidente del HCD, el viceintendente Sebasti\u00e1n Mazzaro, cedi\u00f3 esta distinci\u00f3n al hermano del artista.<\/p>\n<p style=\"font-weight: 400;\">MARIANO HORMAECHEA<\/p>\n<p style=\"font-weight: 400;\">El intendente Mariano Hormaechea, tras agradecer el acompa\u00f1amiento de funcionarios, concejales, personalidades de la cultura, sus familiares, legisladores provinciales, funcionarios provinciales, destac\u00f3 la figura de Rodolfo Insaurralde.<\/p>\n<p style=\"font-weight: 400;\">\u201cNo es necesario que me explaye sobre lo que Rodolfo ha representado para la cultura, sin dudas que cada vez que convers\u00e1bamos, descubr\u00edamos su apasionamiento por su ciudad de Goya\u201d, comenz\u00f3 expresando.<\/p>\n<p style=\"font-weight: 400;\">Luego valor\u00f3 \u201csu apertura y generosidad para invitarnos a visitarlo en Buenos Aires\u201d.<\/p>\n<p style=\"font-weight: 400;\">\u201cEstamos en una semana importante para la ciudad, donde ponemos \u00e9nfasis en la identidad, la cultura, y Rodolfo es algo muy representativo de todos estos aspectos. Estamos en el sal\u00f3n que lleva su nombre, es sin dudas un reconocido homenaje, simboliza esta identidad\u201d, subray\u00f3.<\/p>\n<p style=\"font-weight: 400;\">Hormaechea agreg\u00f3: \u201cBrindo mi saludo a su familia, a Ricardo, que esto nos incentive a continuar trabajando por la cultura de Goya; y con esta emoci\u00f3n dejo formalmente habilitada la muestra del Surub\u00ed Cultural, con las obras del querido Rodolfo\u201d.<\/p>\n<p style=\"font-weight: 400;\">Una acotaci\u00f3n hecha por el intendente fue la vinculada al aporte de la ex pareja de Rodolfo, quien manifest\u00f3 existen muchas obras de \u00e9l que no han sido expuestas, asumiendo el compromiso de que, \u201cen la Edici\u00f3n 50\u00aa, estaremos exponiendo esas obras in\u00e9ditas de Rodolfo\u201d<\/p>\n<p style=\"font-weight: 400;\">Lisandro Stalla interpret\u00f3 a modo de homenaje la canci\u00f3n de Paul Anka \u201cA mi Manera\u201d, dejando cerrada la ceremonia y la habilitaci\u00f3n de la muestra que se extender\u00e1 hasta el final de la Fiesta Nacional del Surub\u00ed.<\/p>\n<p style=\"font-weight: 400;\">Los presentes, junto al jefe comunal ingresaron al Sal\u00f3n \u201cRodolfo Insaurralde\u201d, para recorrer la muestra.<\/p>\n","protected":false},"excerpt":{"rendered":"<p>El intendente Mariano Hormaechea acompa\u00f1\u00f3 la ceremonia y dej\u00f3 inaugurada la muestra con obras del reconocido artista pl\u00e1stico goyano. Tal cual lo previsto, este lunes 27 por la noche, en el marco de la 49\u00aa Fiesta Nacional del Surub\u00ed, quedaron expuestas en la Casa de la Cultura las 20 obras por las cuales se rinde [&hellip;]<\/p>\n","protected":false},"author":2,"featured_media":32938,"comment_status":"open","ping_status":"open","sticky":false,"template":"","format":"standard","meta":{"footnotes":""},"categories":[56],"tags":[],"class_list":{"0":"post-32937","1":"post","2":"type-post","3":"status-publish","4":"format-standard","5":"has-post-thumbnail","7":"category-locales"},"_links":{"self":[{"href":"https:\/\/radiobitacora.com.ar\/web\/wp-json\/wp\/v2\/posts\/32937","targetHints":{"allow":["GET"]}}],"collection":[{"href":"https:\/\/radiobitacora.com.ar\/web\/wp-json\/wp\/v2\/posts"}],"about":[{"href":"https:\/\/radiobitacora.com.ar\/web\/wp-json\/wp\/v2\/types\/post"}],"author":[{"embeddable":true,"href":"https:\/\/radiobitacora.com.ar\/web\/wp-json\/wp\/v2\/users\/2"}],"replies":[{"embeddable":true,"href":"https:\/\/radiobitacora.com.ar\/web\/wp-json\/wp\/v2\/comments?post=32937"}],"version-history":[{"count":2,"href":"https:\/\/radiobitacora.com.ar\/web\/wp-json\/wp\/v2\/posts\/32937\/revisions"}],"predecessor-version":[{"id":32940,"href":"https:\/\/radiobitacora.com.ar\/web\/wp-json\/wp\/v2\/posts\/32937\/revisions\/32940"}],"wp:featuredmedia":[{"embeddable":true,"href":"https:\/\/radiobitacora.com.ar\/web\/wp-json\/wp\/v2\/media\/32938"}],"wp:attachment":[{"href":"https:\/\/radiobitacora.com.ar\/web\/wp-json\/wp\/v2\/media?parent=32937"}],"wp:term":[{"taxonomy":"category","embeddable":true,"href":"https:\/\/radiobitacora.com.ar\/web\/wp-json\/wp\/v2\/categories?post=32937"},{"taxonomy":"post_tag","embeddable":true,"href":"https:\/\/radiobitacora.com.ar\/web\/wp-json\/wp\/v2\/tags?post=32937"}],"curies":[{"name":"wp","href":"https:\/\/api.w.org\/{rel}","templated":true}]}}