{"id":32941,"date":"2026-04-30T08:45:15","date_gmt":"2026-04-30T11:45:15","guid":{"rendered":"https:\/\/radiobitacora.com.ar\/web\/?p=32941"},"modified":"2026-04-30T08:45:15","modified_gmt":"2026-04-30T11:45:15","slug":"prefectura-goya-refuerza-el-operativo-de-seguridad-para-la-49-fiesta-nacional-del-surubi","status":"publish","type":"post","link":"https:\/\/radiobitacora.com.ar\/web\/2026\/04\/30\/prefectura-goya-refuerza-el-operativo-de-seguridad-para-la-49-fiesta-nacional-del-surubi\/","title":{"rendered":"PREFECTURA GOYA REFUERZA EL OPERATIVO DE SEGURIDAD PARA LA 49\u00b0 FIESTA NACIONAL DEL SURUB\u00cd"},"content":{"rendered":"<div>\n<div class=\"flex h-svh w-screen flex-col\">\n<div class=\"relative z-0 flex min-h-0 w-full flex-1\">\n<div class=\"relative flex min-h-0 w-full flex-1\">\n<div class=\"@container\/main relative flex min-w-0 flex-1 flex-col -translate-y-[calc(env(safe-area-inset-bottom,0px)\/2)] pt-[calc(env(safe-area-inset-bottom,0px)\/2)]\">\n<div class=\"@w-sm\/main:[scrollbar-gutter:var(--stage-scroll-gutter)] touch:[scrollbar-width:none] group\/scroll-root relative flex min-h-0 min-w-0 flex-1 flex-col [scrollbar-gutter:stable] not-print:overflow-x-clip not-print:overflow-y-auto group-data-stream-active\/scroll-root:[overflow-anchor:none] scroll-pt-(--header-height) [--sticky-padding-top:var(--header-height)] [--sticky-padding-bottom:0px] [--scroll-root-safe-area-inset-top:calc(var(--sticky-padding-top)+env(safe-area-inset-top,0px))] [--scroll-root-safe-area-inset-bottom:calc(var(--sticky-padding-bottom)+var(--screen-keyboard-height,0px)+env(safe-area-inset-bottom,0px))] [--scroll-root-safe-area-height:calc(100lvh-var(--scroll-root-safe-area-inset-top)-var(--scroll-root-safe-area-inset-bottom))] has-data-[fixed-header=less-than-xl]:@w-xl\/main:scroll-pt-0 has-data-[fixed-header=less-than-xl]:@w-xl\/main:[--sticky-padding-top:0px] has-data-[fixed-header=less-than-xxl]:@w-2xl\/main:scroll-pt-0 has-data-[fixed-header=less-than-xxl]:@w-2xl\/main:[--sticky-padding-top:0px]\" data-scroll-root=\"\" data-scroll-from-top=\"\"><main id=\"main\" class=\"min-h-0 flex-1\"><\/p>\n<div id=\"thread\" class=\"group\/thread flex flex-col min-h-full\">\n<div class=\"composer-parent flex flex-1 flex-col focus-visible:outline-0\" role=\"presentation\">\n<div class=\"relative basis-auto flex-col -mb-(--composer-overlap-px) pb-(--composer-overlap-px) [--composer-overlap-px:28px] grow flex\">\n<div class=\"flex flex-col text-sm\">\n<section class=\"text-token-text-primary w-full focus:outline-none [--shadow-height:45px] has-data-writing-block:pointer-events-none has-data-writing-block:-mt-(--shadow-height) has-data-writing-block:pt-(--shadow-height) [&amp;:has([data-writing-block])&gt;*]:pointer-events-auto [content-visibility:auto] supports-[content-visibility:auto]:[contain-intrinsic-size:auto_100lvh] R6Vx5W_threadScrollVars scroll-mb-[calc(var(--scroll-root-safe-area-inset-bottom,0px)+var(--thread-response-height))] scroll-mt-[calc(var(--header-height)+min(200px,max(70px,20svh)))]\" dir=\"auto\" data-turn-id=\"request-WEB:8675359a-9d1c-4f4a-b7d2-4a8b0477dfff-0\" data-testid=\"conversation-turn-2\" data-scroll-anchor=\"false\" data-turn=\"assistant\">\n<div class=\"text-base my-auto mx-auto pb-10 [--thread-content-margin:var(--thread-content-margin-xs,calc(var(--spacing)*4))] @w-sm\/main:[--thread-content-margin:var(--thread-content-margin-sm,calc(var(--spacing)*6))] @w-lg\/main:[--thread-content-margin:var(--thread-content-margin-lg,calc(var(--spacing)*16))] px-(--thread-content-margin)\">\n<div class=\"[--thread-content-max-width:40rem] @w-lg\/main:[--thread-content-max-width:48rem] mx-auto max-w-(--thread-content-max-width) flex-1 group\/turn-messages focus-visible:outline-hidden relative flex w-full min-w-0 flex-col agent-turn\">\n<div class=\"flex max-w-full flex-col gap-4 grow\">\n<div class=\"min-h-8 text-message relative flex w-full flex-col items-end gap-2 text-start break-words whitespace-normal outline-none keyboard-focused:focus-ring [.text-message+&amp;]:mt-1\" dir=\"auto\" tabindex=\"0\" data-message-author-role=\"assistant\" data-message-id=\"348db197-4e6a-44e5-8320-1548a4f24629\" data-turn-start-message=\"true\" data-message-model-slug=\"gpt-5-3\">\n<div class=\"flex w-full flex-col gap-1 empty:hidden\">\n<div class=\"markdown prose dark:prose-invert w-full wrap-break-word light markdown-new-styling\">\n<h1 data-section-id=\"11jb39e\" data-start=\"0\" data-end=\"97\"><span style=\"font-size: 14pt;\">En los estudios de Multiplataformas Bit\u00e1cora, durante el programa <em data-start=\"165\" data-end=\"183\">Voces Callejeras<\/em>, se recibi\u00f3 la visita del Prefecto Sebasti\u00e1n Marcelo Regondi, jefe de la Prefectura Goya, quien brind\u00f3 detalles sobre el amplio operativo de seguridad que se desplegar\u00e1 durante la 49\u00b0 Fiesta Nacional del Surub\u00ed, uno de los eventos pesqueros m\u00e1s importantes del mundo.<\/span><\/h1>\n<p data-start=\"453\" data-end=\"752\"><span style=\"font-size: 14pt;\">Regondi destac\u00f3 que la planificaci\u00f3n comenz\u00f3 hace m\u00e1s de un mes, con recorridas en las zonas de pesca junto a fiscales, el fiscal general y autoridades de COMUPE, evaluando especialmente el comportamiento del r\u00edo Paran\u00e1 y las condiciones de navegaci\u00f3n para garantizar la seguridad de los pescadores.<\/span><\/p>\n<p data-start=\"453\" data-end=\"752\"><img loading=\"lazy\" decoding=\"async\" class=\"wp-image-32942 alignleft\" src=\"https:\/\/radiobitacora.com.ar\/web\/wp-content\/uploads\/2026\/04\/WhatsApp-Image-2026-04-30-at-8.30.36-AM.jpeg\" alt=\"\" width=\"310\" height=\"233\" srcset=\"https:\/\/radiobitacora.com.ar\/web\/wp-content\/uploads\/2026\/04\/WhatsApp-Image-2026-04-30-at-8.30.36-AM.jpeg 1280w, https:\/\/radiobitacora.com.ar\/web\/wp-content\/uploads\/2026\/04\/WhatsApp-Image-2026-04-30-at-8.30.36-AM-560x420.jpeg 560w, https:\/\/radiobitacora.com.ar\/web\/wp-content\/uploads\/2026\/04\/WhatsApp-Image-2026-04-30-at-8.30.36-AM-80x60.jpeg 80w, https:\/\/radiobitacora.com.ar\/web\/wp-content\/uploads\/2026\/04\/WhatsApp-Image-2026-04-30-at-8.30.36-AM-696x522.jpeg 696w, https:\/\/radiobitacora.com.ar\/web\/wp-content\/uploads\/2026\/04\/WhatsApp-Image-2026-04-30-at-8.30.36-AM-1068x801.jpeg 1068w, https:\/\/radiobitacora.com.ar\/web\/wp-content\/uploads\/2026\/04\/WhatsApp-Image-2026-04-30-at-8.30.36-AM-265x198.jpeg 265w\" sizes=\"auto, (max-width: 310px) 100vw, 310px\" \/><\/p>\n<p data-start=\"754\" data-end=\"1093\"><span style=\"font-size: 14pt;\">Actualmente, el r\u00edo se encuentra en 2,75 metros, con una situaci\u00f3n similar a la edici\u00f3n anterior, por lo que algunas zonas como el riacho Goya permanecer\u00edan bloqueadas, habilitando el paso principal por Mozambique. Adem\u00e1s, confirm\u00f3 que habr\u00e1 embarcaciones de control en sectores estrat\u00e9gicos y una fuerte presencia en los parques cerrados.<\/span><\/p>\n<p data-start=\"1095\" data-end=\"1502\"><span style=\"font-size: 14pt;\">Uno de los anuncios m\u00e1s importantes fue la ampliaci\u00f3n de las bajadas oficiales de lanchas, sumando puntos clave como Nogales del Paran\u00e1 y mejoras en Lavalle, lo que permitir\u00e1 descomprimir el tr\u00e1nsito n\u00e1utico y facilitar el acceso a los pescadores. Tambi\u00e9n resalt\u00f3 que las verificaciones de embarcaciones pueden realizarse hasta \u00faltimo momento, incluso desde otras ciudades, agilizando los controles previos.<\/span><\/p>\n<p data-start=\"1504\" data-end=\"1764\"><span style=\"font-size: 14pt;\">El operativo contar\u00e1 con m\u00e1s de 120 efectivos desplegados, embarcaciones de apoyo, motos de agua, nadadores de rescate, buzos y colaboraci\u00f3n de distintas dependencias de la regi\u00f3n, adem\u00e1s del acompa\u00f1amiento de Polic\u00eda, Recursos Naturales y otras instituciones.<\/span><\/p>\n<p data-start=\"1766\" data-end=\"2011\"><span style=\"font-size: 14pt;\">El Prefecto hizo especial hincapi\u00e9 en la responsabilidad de los timoneles durante la largada de lanchas, remarcando la obligatoriedad del uso del chaleco salvavidas y la necesidad de extremar precauciones en el momento m\u00e1s delicado del concurso.<\/span><\/p>\n<p data-start=\"1766\" data-end=\"2011\"><img loading=\"lazy\" decoding=\"async\" class=\"wp-image-32943 alignright\" src=\"https:\/\/radiobitacora.com.ar\/web\/wp-content\/uploads\/2026\/04\/WhatsApp-Image-2026-04-30-at-8.30.36-AM-1.jpeg\" alt=\"\" width=\"380\" height=\"285\" srcset=\"https:\/\/radiobitacora.com.ar\/web\/wp-content\/uploads\/2026\/04\/WhatsApp-Image-2026-04-30-at-8.30.36-AM-1.jpeg 1280w, https:\/\/radiobitacora.com.ar\/web\/wp-content\/uploads\/2026\/04\/WhatsApp-Image-2026-04-30-at-8.30.36-AM-1-560x420.jpeg 560w, https:\/\/radiobitacora.com.ar\/web\/wp-content\/uploads\/2026\/04\/WhatsApp-Image-2026-04-30-at-8.30.36-AM-1-80x60.jpeg 80w, https:\/\/radiobitacora.com.ar\/web\/wp-content\/uploads\/2026\/04\/WhatsApp-Image-2026-04-30-at-8.30.36-AM-1-696x522.jpeg 696w, https:\/\/radiobitacora.com.ar\/web\/wp-content\/uploads\/2026\/04\/WhatsApp-Image-2026-04-30-at-8.30.36-AM-1-1068x801.jpeg 1068w, https:\/\/radiobitacora.com.ar\/web\/wp-content\/uploads\/2026\/04\/WhatsApp-Image-2026-04-30-at-8.30.36-AM-1-265x198.jpeg 265w\" sizes=\"auto, (max-width: 380px) 100vw, 380px\" \/><\/p>\n<p data-start=\"2013\" data-end=\"2165\"><span style=\"font-size: 14pt;\">\u201cEsto es un concurso de pesca, no una carrera de lanchas. Hay que salir, pescar y volver sanos\u201d, expres\u00f3, apelando a la conciencia de los participantes.<\/span><\/p>\n<p data-start=\"2167\" data-end=\"2431\"><span style=\"font-size: 14pt;\">Adem\u00e1s, Regondi coment\u00f3 que Prefectura contin\u00faa con su campa\u00f1a solidaria para escuelas apadrinadas en zonas de islas como Guarapo y Paraje Tres Mar\u00edas, donde luego de la fiesta llevar\u00e1n donaciones y realizar\u00e1n mejoras edilicias junto al personal de la instituci\u00f3n.<\/span><\/p>\n<p data-start=\"2433\" data-end=\"2638\"><span style=\"font-size: 14pt;\">Finalmente, invit\u00f3 a quienes est\u00e9n interesados en ingresar a Prefectura a acercarse al predio Costa Surub\u00ed, donde estar\u00e1 presente Walter Rodr\u00edguez brindando asesoramiento e informaci\u00f3n sobre inscripciones.<\/span><\/p>\n<p data-start=\"2640\" data-end=\"2842\" data-is-last-node=\"\" data-is-only-node=\"\"><span style=\"font-size: 14pt;\">La entrevista dej\u00f3 en claro que la seguridad ser\u00e1 una de las grandes prioridades de esta nueva edici\u00f3n de la Fiesta Nacional del Surub\u00ed, en una ciudad que ya vive a pleno su semana m\u00e1s esperada del a\u00f1o.<\/span><\/p>\n<\/div>\n<\/div>\n<\/div>\n<\/div>\n<div class=\"z-0 flex min-h-[46px] justify-start\">Mira la nota completa aca :<\/div>\n<div class=\"mt-3 w-full empty:hidden\">\n<div class=\"text-center\"><a href=\"https:\/\/www.youtube.com\/live\/NabZorTfb3M?si=KwQ7CqUl51K2Zxpv\">https:\/\/www.youtube.com\/live\/NabZorTfb3M?si=KwQ7CqUl51K2Zxpv<\/a><\/div>\n<\/div>\n<\/div>\n<\/div>\n<\/section>\n<\/div>\n<div class=\"pointer-events-none -mt-px h-px translate-y-[calc(var(--scroll-root-safe-area-inset-bottom)-14*var(--spacing))]\" aria-hidden=\"true\"><\/div>\n<div class=\"flex flex-col text-sm\">\n<div class=\"pointer-events-none translate-y-(--scroll-root-safe-area-inset-bottom) R6Vx5W_threadScrollVars min-h-(--gutter-remaining-height,0px) group-data-stream-active\/scroll-root:h-[calc(var(--thread-response-height)-16*var(--spacing))]\"><\/div>\n<\/div>\n<\/div>\n<div id=\"thread-bottom-container\" class=\"sticky bottom-0 z-10 group\/thread-bottom-container relative isolate w-full basis-auto has-data-has-thread-error:pt-2 has-data-has-thread-error:[box-shadow:var(--sharp-edge-bottom-shadow)] md:border-transparent md:pt-0 dark:border-white\/20 md:dark:border-transparent print:hidden content-fade single-line flex flex-col\">\n<div class=\"relative mx-auto h-0\">\n<div class=\"flex h-0 items-end justify-center motion-safe:transition-all motion-safe:delay-300 motion-safe:duration-300 group-[:not([data-scroll-from-end])]\/scroll-root:scale-50 group-[:not([data-scroll-from-end])]\/scroll-root:translate-y-2 group-[:not([data-scroll-from-end])]\/scroll-root:opacity-0 group-[:not([data-scroll-from-end])]\/scroll-root:pointer-events-none group-[:not([data-scroll-from-end])]\/scroll-root:duration-100 group-[:not([data-scroll-from-end])]\/scroll-root:delay-0 absolute start-1\/2 z-10 -translate-x-1\/2 bottom-[calc(100%+6*var(--spacing)+var(--thread-scroll-to-bottom-banner-offset,0px))]\">\n<div dir=\"auto\">FUENTE : Multiplataformas Radio, Tv y Streaming de Goya<\/div>\n<div dir=\"auto\">Producci\u00f3n General :<\/div>\n<div dir=\"auto\"><span class=\"html-span xdj266r x14z9mp xat24cr x1lziwak xexx8yu xyri2b x18d9i69 x1c1uobl x1hl2dhg x16tdsg8 x1vvkbs\"><a class=\"x1i10hfl xjbqb8w x1ejq31n x18oe1m7 x1sy0etr xstzfhl x972fbf x10w94by x1qhh985 x14e42zd x9f619 x1ypdohk xt0psk2 x3ct3a4 xdj266r x14z9mp xat24cr x1lziwak xexx8yu xyri2b x18d9i69 x1c1uobl x16tdsg8 x1hl2dhg xggy1nq x1a2a7pz xkrqix3 x1sur9pj x1fey0fg x1s688f\" tabindex=\"0\" role=\"link\" href=\"https:\/\/www.facebook.com\/sebastiansoler6?__cft__[0]=AZb0bjMWJvRftIXJYPC7ktB78RBpK-ILafZKM37SptqHUFUvmtNKcH6TrZhSSgEpqe8IL6t-y_F9xfT9WUVAnEpcYSCrmG3iK2IL0Lpf3brtSCGHtXl2ukqkodlHOpfaFDdceogWTH76rNgRzKVO6-thqam5vTCpWQqqkgnaQnP9IM-X1LQd0_m-8Zlixj0iCYY&amp;__tn__=-]K-R\"><span class=\"xt0psk2\"><span class=\"xjp7ctv\">Sebastian Soler<\/span><\/span><\/a><\/span><\/div>\n<\/div>\n<\/div>\n<div id=\"thread-bottom\">\n<div>\n<div class=\"text-base mx-auto [--thread-content-margin:var(--thread-content-margin-xs,calc(var(--spacing)*4))] @w-sm\/main:[--thread-content-margin:var(--thread-content-margin-sm,calc(var(--spacing)*6))] @w-lg\/main:[--thread-content-margin:var(--thread-content-margin-lg,calc(var(--spacing)*16))] px-(--thread-content-margin)\">\n<div>\n<div class=\"[--thread-content-max-width:40rem] @w-lg\/main:[--thread-content-max-width:48rem] mx-auto max-w-(--thread-content-max-width) flex-1 mb-[var(--thread-component-gap,1rem)]\">\n<div class=\"flex justify-center empty:hidden\"><\/div>\n<div class=\"pointer-events-auto relative z-1 flex h-(--composer-container-height,100%) max-w-full flex-(--composer-container-flex,1) flex-col\">\n<div class=\"absolute start-0 end-0 bottom-full z-20\"><\/div>\n<form class=\"group\/composer w-full\" data-type=\"unified-composer\">\n<div class=\"hidden\"><input id=\"upload-files\" tabindex=\"-1\" multiple=\"multiple\" type=\"file\" \/><\/div>\n<div class=\"\">\n<div class=\"bg-token-bg-primary dark:bg-token-bg-elevated-primary dark-oled:bg-token-bg-primary corner-superellipse\/1.1 cursor-text overflow-clip bg-clip-padding p-2.5 contain-inline-size motion-safe:transition-colors motion-safe:duration-200 motion-safe:ease-in-out grid grid-cols-[auto_1fr_auto] [grid-template-areas:'header_header_header'_'leading_primary_trailing'_'._footer_.'] group-data-expanded\/composer:[grid-template-areas:'header_header_header'_'primary_primary_primary'_'leading_footer_trailing'] shadow-short-composer\" data-composer-surface=\"true\">\n<div class=\"[grid-area:leading]\"><\/div>\n<div class=\"-my-2.5 flex min-h-14 items-center overflow-x-hidden px-1.5 [grid-area:primary] group-data-expanded\/composer:mb-0 group-data-expanded\/composer:px-2.5\">\n<div class=\"wcDTda_prosemirror-parent text-token-text-primary max-h-[max(30svh,5rem)] max-h-52 min-h-[var(--deep-research-composer-extra-height,unset)] flex-1 overflow-auto [scrollbar-width:thin] default-browser vertical-scroll-fade-mask\"><textarea class=\"wcDTda_fallbackTextarea\" name=\"prompt-textarea\" autofocus=\"\" placeholder=\"Pregunta lo que quieras\" aria-label=\"Chatear con ChatGPT\" data-virtualkeyboard=\"true\"><\/textarea><\/p>\n<div id=\"prompt-textarea\" class=\"ProseMirror\" role=\"textbox\" contenteditable=\"true\" translate=\"no\" data-virtualkeyboard=\"true\" aria-multiline=\"true\" aria-label=\"Chatear con ChatGPT\"><\/div>\n<\/div>\n<\/div>\n<div class=\"flex items-center gap-2 [grid-area:trailing]\">\n<div class=\"ms-auto flex items-center gap-1.5\">\n<div id=\"_r_2_\" class=\"fixed inset-s-[anchor(center)] inset-e-auto top-[calc(anchor(bottom)+var(--spacing))] bottom-auto h-fit -translate-x-1\/2 [position-try-fallbacks:flip-block] overflow-visible bg-transparent z-50\" role=\"tooltip\"><\/div>\n<p><button class=\"composer-btn h-9 min-h-9 w-9 min-w-9\" type=\"button\" aria-label=\"Iniciar dictado\" aria-describedby=\"_r_2_\"><\/button><\/p>\n<div>\n<div class=\"inline-flex\">\n<div>\n<div id=\"_r_3g_\" class=\"fixed inset-s-[anchor(center)] inset-e-auto top-[calc(anchor(bottom)+var(--spacing))] bottom-auto h-fit -translate-x-1\/2 [position-try-fallbacks:flip-block] overflow-visible bg-transparent z-50\" role=\"tooltip\"><\/div>\n<p><button class=\"composer-submit-button-color text-submit-btn-text keyboard-focused:focus-ring relative flex h-9 w-9 items-center justify-center rounded-full transition-colors hover:opacity-70 disabled:text-[#f4f4f4] disabled:opacity-30\" type=\"button\" aria-describedby=\"_r_3g_\" aria-label=\"Iniciar voz\"><\/button><\/div>\n<\/div>\n<\/div>\n<\/div>\n<\/div>\n<\/div>\n<\/div>\n<\/form>\n<\/div>\n<\/div>\n<\/div>\n<\/div>\n<\/div>\n<\/div>\n<div class=\"-mt-4 text-token-text-secondary relative w-full overflow-hidden text-center text-xs [view-transition-name:var(--vt-disclaimer)] md:px-[60px]\"><\/div>\n<\/div>\n<\/div>\n<\/div>\n<p><\/main><\/div>\n<\/div>\n<\/div>\n<\/div>\n<div><\/div>\n<\/div>\n<\/div>\n<p>&nbsp;<\/p>\n<p><dialog class=\"group\/dialog @container inset-0 min-h-full min-w-full whitespace-normal items-center justify-center overflow-auto overscroll-y-contain bg-[rgba(0,0,0,0.5)] backdrop-blur-[1px]\"><\/dialog><\/p>\n<p>&nbsp;<\/p>\n<p><audio class=\"fixed start-0 bottom-0 hidden h-0 w-0\" crossorigin=\"anonymous\" autoplay=\"autoplay\" data-mce-fragment=\"1\"><\/audio><\/p>\n","protected":false},"excerpt":{"rendered":"<p>En los estudios de Multiplataformas Bit\u00e1cora, durante el programa Voces Callejeras, se recibi\u00f3 la visita del Prefecto Sebasti\u00e1n Marcelo Regondi, jefe de la Prefectura Goya, quien brind\u00f3 detalles sobre el amplio operativo de seguridad que se desplegar\u00e1 durante la 49\u00b0 Fiesta Nacional del Surub\u00ed, uno de los eventos pesqueros m\u00e1s importantes del mundo. Regondi destac\u00f3 [&hellip;]<\/p>\n","protected":false},"author":2,"featured_media":32944,"comment_status":"open","ping_status":"open","sticky":false,"template":"","format":"standard","meta":{"footnotes":""},"categories":[74],"tags":[],"class_list":{"0":"post-32941","1":"post","2":"type-post","3":"status-publish","4":"format-standard","5":"has-post-thumbnail","7":"category-bitacora-tv"},"_links":{"self":[{"href":"https:\/\/radiobitacora.com.ar\/web\/wp-json\/wp\/v2\/posts\/32941","targetHints":{"allow":["GET"]}}],"collection":[{"href":"https:\/\/radiobitacora.com.ar\/web\/wp-json\/wp\/v2\/posts"}],"about":[{"href":"https:\/\/radiobitacora.com.ar\/web\/wp-json\/wp\/v2\/types\/post"}],"author":[{"embeddable":true,"href":"https:\/\/radiobitacora.com.ar\/web\/wp-json\/wp\/v2\/users\/2"}],"replies":[{"embeddable":true,"href":"https:\/\/radiobitacora.com.ar\/web\/wp-json\/wp\/v2\/comments?post=32941"}],"version-history":[{"count":1,"href":"https:\/\/radiobitacora.com.ar\/web\/wp-json\/wp\/v2\/posts\/32941\/revisions"}],"predecessor-version":[{"id":32945,"href":"https:\/\/radiobitacora.com.ar\/web\/wp-json\/wp\/v2\/posts\/32941\/revisions\/32945"}],"wp:featuredmedia":[{"embeddable":true,"href":"https:\/\/radiobitacora.com.ar\/web\/wp-json\/wp\/v2\/media\/32944"}],"wp:attachment":[{"href":"https:\/\/radiobitacora.com.ar\/web\/wp-json\/wp\/v2\/media?parent=32941"}],"wp:term":[{"taxonomy":"category","embeddable":true,"href":"https:\/\/radiobitacora.com.ar\/web\/wp-json\/wp\/v2\/categories?post=32941"},{"taxonomy":"post_tag","embeddable":true,"href":"https:\/\/radiobitacora.com.ar\/web\/wp-json\/wp\/v2\/tags?post=32941"}],"curies":[{"name":"wp","href":"https:\/\/api.w.org\/{rel}","templated":true}]}}