{"id":32946,"date":"2026-04-30T09:03:22","date_gmt":"2026-04-30T12:03:22","guid":{"rendered":"https:\/\/radiobitacora.com.ar\/web\/?p=32946"},"modified":"2026-04-30T09:03:22","modified_gmt":"2026-04-30T12:03:22","slug":"voces-callejeras-maira-pereira-y-matias-segovia-palpitan-la-49-fiesta-nacional-del-surubi","status":"publish","type":"post","link":"https:\/\/radiobitacora.com.ar\/web\/2026\/04\/30\/voces-callejeras-maira-pereira-y-matias-segovia-palpitan-la-49-fiesta-nacional-del-surubi\/","title":{"rendered":"VOCES CALLEJERAS: MAIRA PEREIRA Y MAT\u00cdAS SEGOVIA PALPITAN LA 49\u00b0 FIESTA NACIONAL DEL SURUB\u00cd"},"content":{"rendered":"<div>\n<div class=\"flex h-svh w-screen flex-col\">\n<div class=\"relative z-0 flex min-h-0 w-full flex-1\">\n<div class=\"relative flex min-h-0 w-full flex-1\">\n<div class=\"@container\/main relative flex min-w-0 flex-1 flex-col -translate-y-[calc(env(safe-area-inset-bottom,0px)\/2)] pt-[calc(env(safe-area-inset-bottom,0px)\/2)]\">\n<div class=\"@w-sm\/main:[scrollbar-gutter:var(--stage-scroll-gutter)] touch:[scrollbar-width:none] group\/scroll-root relative flex min-h-0 min-w-0 flex-1 flex-col [scrollbar-gutter:stable] not-print:overflow-x-clip not-print:overflow-y-auto group-data-stream-active\/scroll-root:[overflow-anchor:none] scroll-pt-(--header-height) [--sticky-padding-top:var(--header-height)] [--sticky-padding-bottom:0px] [--scroll-root-safe-area-inset-top:calc(var(--sticky-padding-top)+env(safe-area-inset-top,0px))] [--scroll-root-safe-area-inset-bottom:calc(var(--sticky-padding-bottom)+var(--screen-keyboard-height,0px)+env(safe-area-inset-bottom,0px))] [--scroll-root-safe-area-height:calc(100lvh-var(--scroll-root-safe-area-inset-top)-var(--scroll-root-safe-area-inset-bottom))] has-data-[fixed-header=less-than-xl]:@w-xl\/main:scroll-pt-0 has-data-[fixed-header=less-than-xl]:@w-xl\/main:[--sticky-padding-top:0px] has-data-[fixed-header=less-than-xxl]:@w-2xl\/main:scroll-pt-0 has-data-[fixed-header=less-than-xxl]:@w-2xl\/main:[--sticky-padding-top:0px]\" data-scroll-root=\"\" data-scroll-from-top=\"\"><main id=\"main\" class=\"min-h-0 flex-1\"><\/p>\n<div id=\"thread\" class=\"group\/thread flex flex-col min-h-full\">\n<div class=\"composer-parent flex flex-1 flex-col focus-visible:outline-0\" role=\"presentation\">\n<div class=\"relative basis-auto flex-col -mb-(--composer-overlap-px) pb-(--composer-overlap-px) [--composer-overlap-px:28px] grow flex\">\n<div class=\"flex flex-col text-sm\">\n<section class=\"text-token-text-primary w-full focus:outline-none [--shadow-height:45px] has-data-writing-block:pointer-events-none has-data-writing-block:-mt-(--shadow-height) has-data-writing-block:pt-(--shadow-height) [&amp;:has([data-writing-block])&gt;*]:pointer-events-auto [content-visibility:auto] supports-[content-visibility:auto]:[contain-intrinsic-size:auto_100lvh] R6Vx5W_threadScrollVars scroll-mb-[calc(var(--scroll-root-safe-area-inset-bottom,0px)+var(--thread-response-height))] scroll-mt-[calc(var(--header-height)+min(200px,max(70px,20svh)))]\" dir=\"auto\" data-turn-id=\"request-WEB:8675359a-9d1c-4f4a-b7d2-4a8b0477dfff-1\" data-testid=\"conversation-turn-4\" data-scroll-anchor=\"false\" data-turn=\"assistant\">\n<div class=\"text-base my-auto mx-auto pb-10 [--thread-content-margin:var(--thread-content-margin-xs,calc(var(--spacing)*4))] @w-sm\/main:[--thread-content-margin:var(--thread-content-margin-sm,calc(var(--spacing)*6))] @w-lg\/main:[--thread-content-margin:var(--thread-content-margin-lg,calc(var(--spacing)*16))] px-(--thread-content-margin)\">\n<div class=\"[--thread-content-max-width:40rem] @w-lg\/main:[--thread-content-max-width:48rem] mx-auto max-w-(--thread-content-max-width) flex-1 group\/turn-messages focus-visible:outline-hidden relative flex w-full min-w-0 flex-col agent-turn\">\n<div class=\"flex max-w-full flex-col gap-4 grow\">\n<div class=\"min-h-8 text-message relative flex w-full flex-col items-end gap-2 text-start break-words whitespace-normal outline-none keyboard-focused:focus-ring [.text-message+&amp;]:mt-1\" dir=\"auto\" tabindex=\"0\" data-message-author-role=\"assistant\" data-message-id=\"3ed55919-8759-464d-8fe7-5c0484cd7946\" data-message-model-slug=\"gpt-5-3\" data-turn-start-message=\"true\">\n<div class=\"flex w-full flex-col gap-1 empty:hidden\">\n<div class=\"markdown prose dark:prose-invert w-full wrap-break-word light markdown-new-styling\">\n<p data-start=\"95\" data-end=\"410\">En los estudios de Multiplataformas Bit\u00e1cora, durante el programa Voces Callejeras, los pescadores deportivos Maira Pereira y Mat\u00edas Segovia compartieron sus sensaciones y expectativas de cara a la 49\u00b0 Fiesta Nacional del Surub\u00ed, en una semana donde Goya vive a pleno el evento m\u00e1s importante de la pesca deportiva.<\/p>\n<p data-start=\"412\" data-end=\"614\">Ambos participantes hablaron sobre la preparaci\u00f3n previa al gran concurso, la emoci\u00f3n de volver a vivir la largada de lanchas y la ansiedad que genera estar a pocos d\u00edas del inicio del Mundial de Pesca.<\/p>\n<p data-start=\"412\" data-end=\"614\"><img loading=\"lazy\" decoding=\"async\" class=\"wp-image-32947 alignright\" src=\"https:\/\/radiobitacora.com.ar\/web\/wp-content\/uploads\/2026\/04\/WhatsApp-Image-2026-04-30-at-8.54.01-AM-1.jpeg\" alt=\"\" width=\"358\" height=\"268\" srcset=\"https:\/\/radiobitacora.com.ar\/web\/wp-content\/uploads\/2026\/04\/WhatsApp-Image-2026-04-30-at-8.54.01-AM-1.jpeg 1280w, https:\/\/radiobitacora.com.ar\/web\/wp-content\/uploads\/2026\/04\/WhatsApp-Image-2026-04-30-at-8.54.01-AM-1-560x420.jpeg 560w, https:\/\/radiobitacora.com.ar\/web\/wp-content\/uploads\/2026\/04\/WhatsApp-Image-2026-04-30-at-8.54.01-AM-1-80x60.jpeg 80w, https:\/\/radiobitacora.com.ar\/web\/wp-content\/uploads\/2026\/04\/WhatsApp-Image-2026-04-30-at-8.54.01-AM-1-696x522.jpeg 696w, https:\/\/radiobitacora.com.ar\/web\/wp-content\/uploads\/2026\/04\/WhatsApp-Image-2026-04-30-at-8.54.01-AM-1-1068x801.jpeg 1068w, https:\/\/radiobitacora.com.ar\/web\/wp-content\/uploads\/2026\/04\/WhatsApp-Image-2026-04-30-at-8.54.01-AM-1-265x198.jpeg 265w\" sizes=\"auto, (max-width: 358px) 100vw, 358px\" \/><\/p>\n<p data-start=\"616\" data-end=\"834\">Maira Pereira, quien el a\u00f1o pasado tuvo una destacada actuaci\u00f3n en su primera participaci\u00f3n logrando el cuarto puesto general y ganando su zona, expres\u00f3 que vive estos d\u00edas con mucha emoci\u00f3n y recuerdos a flor de piel.<\/p>\n<p data-start=\"836\" data-end=\"1045\">\u201cLa verdad que vengo llorando toda la semana, recordando todo lo que viv\u00ed el a\u00f1o pasado. Es algo muy fuerte y muy hermoso volver a estar ac\u00e1. Voy con fe, porque si pas\u00f3 una vez, puede volver a pasar\u201d, coment\u00f3.<\/p>\n<p data-start=\"1047\" data-end=\"1403\">La pescadora destac\u00f3 adem\u00e1s que volver\u00e1 a competir junto a su mismo equipo integrado por su padre y su hermano, con quienes logr\u00f3 aquella hist\u00f3rica actuaci\u00f3n. Tambi\u00e9n se\u00f1al\u00f3 que este a\u00f1o buscar\u00e1 nuevamente una buena zona de pesca, especialmente la zona 6, aunque asegur\u00f3 que hoy todas las zonas est\u00e1n mucho m\u00e1s parejas gracias a la organizaci\u00f3n del torneo.<\/p>\n<p data-start=\"1405\" data-end=\"1677\">Por su parte, Mat\u00edas Segovia, con amplia experiencia en el Mundial de Pesca, remarc\u00f3 que el concurso ha logrado una mayor paridad entre las distintas zonas, permitiendo que tanto motores grandes como peque\u00f1os tengan posibilidades reales de pelear por los primeros puestos.<\/p>\n<p data-start=\"1679\" data-end=\"2046\">Adem\u00e1s, ambos se refirieron a uno de los temas m\u00e1s debatidos de esta edici\u00f3n: la nueva divisi\u00f3n por motores, donde las embarcaciones de menor potencia solo podr\u00e1n acceder hasta la zona 6. Aunque reconocieron que existen reclamos por parte de los pescadores, coincidieron en que tambi\u00e9n es entendible desde el lado organizativo por cuestiones de seguridad y log\u00edstica.<\/p>\n<p data-start=\"2048\" data-end=\"2255\">En cuanto a la largada de lanchas, Maira record\u00f3 con humor y adrenalina su primera experiencia en 2025, donde la salida comenz\u00f3 antes de lo previsto y debi\u00f3 colocarse el chaleco salvavidas en plena maniobra.<\/p>\n<p data-start=\"2257\" data-end=\"2384\">\u201cEl momento m\u00e1s peligroso es la salida. Una vez que planeaste, ya cambia todo. Pero esa adrenalina no se olvida nunca\u201d, relat\u00f3.<\/p>\n<p data-start=\"2257\" data-end=\"2384\"><img loading=\"lazy\" decoding=\"async\" class=\"wp-image-32948 alignleft\" src=\"https:\/\/radiobitacora.com.ar\/web\/wp-content\/uploads\/2026\/04\/WhatsApp-Image-2026-04-30-at-8.54.01-AM.jpeg\" alt=\"\" width=\"376\" height=\"282\" srcset=\"https:\/\/radiobitacora.com.ar\/web\/wp-content\/uploads\/2026\/04\/WhatsApp-Image-2026-04-30-at-8.54.01-AM.jpeg 1280w, https:\/\/radiobitacora.com.ar\/web\/wp-content\/uploads\/2026\/04\/WhatsApp-Image-2026-04-30-at-8.54.01-AM-560x420.jpeg 560w, https:\/\/radiobitacora.com.ar\/web\/wp-content\/uploads\/2026\/04\/WhatsApp-Image-2026-04-30-at-8.54.01-AM-80x60.jpeg 80w, https:\/\/radiobitacora.com.ar\/web\/wp-content\/uploads\/2026\/04\/WhatsApp-Image-2026-04-30-at-8.54.01-AM-696x522.jpeg 696w, https:\/\/radiobitacora.com.ar\/web\/wp-content\/uploads\/2026\/04\/WhatsApp-Image-2026-04-30-at-8.54.01-AM-1068x801.jpeg 1068w, https:\/\/radiobitacora.com.ar\/web\/wp-content\/uploads\/2026\/04\/WhatsApp-Image-2026-04-30-at-8.54.01-AM-265x198.jpeg 265w\" sizes=\"auto, (max-width: 376px) 100vw, 376px\" \/><\/p>\n<p data-start=\"2257\" data-end=\"2384\">Tambi\u00e9n hubo espacio para hablar de la pesca femenina y el crecimiento de las mujeres dentro de este deporte. Maira reconoci\u00f3 que muchas chicas se acercan a ella como referente, algo que la emociona profundamente.<\/p>\n<p data-start=\"2601\" data-end=\"2732\">\u201cNo busco ser referente, pero si puedo inspirar a otras mujeres a que se animen a pescar, entonces ya hice lo que quer\u00eda\u201d, expres\u00f3.<\/p>\n<p data-start=\"2734\" data-end=\"2903\">Adem\u00e1s, destac\u00f3 la importancia de generar m\u00e1s espacios para la participaci\u00f3n femenina, incluyendo la posibilidad de un futuro concurso exclusivo para mujeres pescadoras.<\/p>\n<p data-start=\"2905\" data-end=\"3214\">En materia de estrategias de pesca, ambos compartieron detalles sobre carnadas, zonas y modalidades. Mientras Maira apostar\u00e1 principalmente por la morena, Mat\u00edas adelant\u00f3 que llevar\u00e1 una variedad de opciones, incluyendo las ya famosas \u201cmi\u00f1ocas de la suerte\u201d, con las que logr\u00f3 buenos resultados el a\u00f1o pasado.<\/p>\n<p data-start=\"3216\" data-end=\"3379\">Finalmente, ambos coincidieron en que m\u00e1s all\u00e1 del resultado, participar en la Fiesta Nacional del Surub\u00ed representa una experiencia \u00fanica para cualquier pescador.<\/p>\n<p data-start=\"3381\" data-end=\"3567\" data-is-last-node=\"\" data-is-only-node=\"\">\u201cLa primera vez que est\u00e1s ah\u00ed no te quer\u00e9s bajar nunca m\u00e1s\u201d, resumi\u00f3 Maira, reflejando el sentimiento de miles de pescadores que a\u00f1o tras a\u00f1o eligen Goya para vivir la pasi\u00f3n del surub\u00ed.<\/p>\n<p data-start=\"3381\" data-end=\"3567\" data-is-last-node=\"\" data-is-only-node=\"\">Mira el vivo aca :<\/p>\n<\/div>\n<\/div>\n<\/div>\n<\/div>\n<div class=\"z-0 flex min-h-[46px] justify-start\"><a href=\"https:\/\/www.youtube.com\/live\/NabZorTfb3M?si=1_n3XrO5JE5kCoU6\">https:\/\/www.youtube.com\/live\/NabZorTfb3M?si=1_n3XrO5JE5kCoU6<\/a><\/div>\n<\/div>\n<div><\/div>\n<div class=\"[--thread-content-max-width:40rem] @w-lg\/main:[--thread-content-max-width:48rem] mx-auto max-w-(--thread-content-max-width) flex-1 group\/turn-messages focus-visible:outline-hidden relative flex w-full min-w-0 flex-col agent-turn\">\n<div class=\"mt-3 w-full empty:hidden\">\n<div class=\"text-center\">FUENTE : Multiplataformas Radio, Tv y Streaming de Goya<br \/>\nProducci\u00f3n General :<br \/>\nSebastian Soler<\/div>\n<\/div>\n<\/div>\n<\/div>\n<\/section>\n<div class=\"pointer-events-none -mt-px h-px translate-y-[calc(var(--scroll-root-safe-area-inset-bottom)-14*var(--spacing))]\" aria-hidden=\"true\"><\/div>\n<div class=\"pointer-events-none translate-y-(--scroll-root-safe-area-inset-bottom) R6Vx5W_threadScrollVars min-h-(--gutter-remaining-height,0px) group-data-stream-active\/scroll-root:h-[calc(var(--thread-response-height)-16*var(--spacing))]\"><\/div>\n<\/div>\n<\/div>\n<div id=\"thread-bottom-container\" class=\"sticky bottom-0 z-10 group\/thread-bottom-container relative isolate w-full basis-auto has-data-has-thread-error:pt-2 has-data-has-thread-error:[box-shadow:var(--sharp-edge-bottom-shadow)] md:border-transparent md:pt-0 dark:border-white\/20 md:dark:border-transparent print:hidden content-fade single-line flex flex-col\">\n<div class=\"relative mx-auto h-0\">\n<div class=\"flex h-0 items-end justify-center motion-safe:transition-all motion-safe:delay-300 motion-safe:duration-300 group-[:not([data-scroll-from-end])]\/scroll-root:scale-50 group-[:not([data-scroll-from-end])]\/scroll-root:translate-y-2 group-[:not([data-scroll-from-end])]\/scroll-root:opacity-0 group-[:not([data-scroll-from-end])]\/scroll-root:pointer-events-none group-[:not([data-scroll-from-end])]\/scroll-root:duration-100 group-[:not([data-scroll-from-end])]\/scroll-root:delay-0 absolute start-1\/2 z-10 -translate-x-1\/2 bottom-[calc(100%+6*var(--spacing)+var(--thread-scroll-to-bottom-banner-offset,0px))]\"><\/div>\n<\/div>\n<div id=\"thread-bottom\">\n<div>\n<div class=\"text-base mx-auto [--thread-content-margin:var(--thread-content-margin-xs,calc(var(--spacing)*4))] @w-sm\/main:[--thread-content-margin:var(--thread-content-margin-sm,calc(var(--spacing)*6))] @w-lg\/main:[--thread-content-margin:var(--thread-content-margin-lg,calc(var(--spacing)*16))] px-(--thread-content-margin)\">\n<div>\n<div class=\"[--thread-content-max-width:40rem] @w-lg\/main:[--thread-content-max-width:48rem] mx-auto max-w-(--thread-content-max-width) flex-1 mb-[var(--thread-component-gap,1rem)]\">\n<div class=\"flex justify-center empty:hidden\"><\/div>\n<div class=\"pointer-events-auto relative z-1 flex h-(--composer-container-height,100%) max-w-full flex-(--composer-container-flex,1) flex-col\">\n<div class=\"absolute start-0 end-0 bottom-full z-20\"><\/div>\n<form class=\"group\/composer w-full\" data-type=\"unified-composer\">\n<div class=\"hidden\"><input id=\"upload-files\" tabindex=\"-1\" multiple=\"multiple\" type=\"file\" \/><\/div>\n<div class=\"\">\n<div class=\"bg-token-bg-primary dark:bg-token-bg-elevated-primary dark-oled:bg-token-bg-primary corner-superellipse\/1.1 cursor-text overflow-clip bg-clip-padding p-2.5 contain-inline-size motion-safe:transition-colors motion-safe:duration-200 motion-safe:ease-in-out grid grid-cols-[auto_1fr_auto] [grid-template-areas:'header_header_header'_'leading_primary_trailing'_'._footer_.'] group-data-expanded\/composer:[grid-template-areas:'header_header_header'_'primary_primary_primary'_'leading_footer_trailing'] shadow-short-composer\" data-composer-surface=\"true\">\n<div class=\"[grid-area:leading]\"><\/div>\n<div class=\"-my-2.5 flex min-h-14 items-center overflow-x-hidden px-1.5 [grid-area:primary] group-data-expanded\/composer:mb-0 group-data-expanded\/composer:px-2.5\">\n<div class=\"wcDTda_prosemirror-parent text-token-text-primary max-h-[max(30svh,5rem)] max-h-52 min-h-[var(--deep-research-composer-extra-height,unset)] flex-1 overflow-auto [scrollbar-width:thin] default-browser vertical-scroll-fade-mask\"><textarea class=\"wcDTda_fallbackTextarea\" name=\"prompt-textarea\" autofocus=\"\" placeholder=\"Pregunta lo que quieras\" aria-label=\"Chatear con ChatGPT\" data-virtualkeyboard=\"true\"><\/textarea><\/p>\n<div id=\"prompt-textarea\" class=\"ProseMirror\" role=\"textbox\" contenteditable=\"true\" translate=\"no\" data-virtualkeyboard=\"true\" aria-multiline=\"true\" aria-label=\"Chatear con ChatGPT\"><\/div>\n<\/div>\n<\/div>\n<div class=\"flex items-center gap-2 [grid-area:trailing]\">\n<div class=\"ms-auto flex items-center gap-1.5\">\n<div id=\"_r_2_\" class=\"fixed inset-s-[anchor(center)] inset-e-auto top-[calc(anchor(bottom)+var(--spacing))] bottom-auto h-fit -translate-x-1\/2 [position-try-fallbacks:flip-block] overflow-visible bg-transparent z-50\" role=\"tooltip\"><\/div>\n<p><button class=\"composer-btn h-9 min-h-9 w-9 min-w-9\" type=\"button\" aria-label=\"Iniciar dictado\" aria-describedby=\"_r_2_\"><\/button><\/p>\n<div>\n<div class=\"inline-flex\">\n<div>\n<div id=\"_r_45_\" class=\"fixed inset-s-[anchor(center)] inset-e-auto top-[calc(anchor(bottom)+var(--spacing))] bottom-auto h-fit -translate-x-1\/2 [position-try-fallbacks:flip-block] overflow-visible bg-transparent z-50\" role=\"tooltip\"><\/div>\n<p><button class=\"composer-submit-button-color text-submit-btn-text keyboard-focused:focus-ring relative flex h-9 w-9 items-center justify-center rounded-full transition-colors hover:opacity-70 disabled:text-[#f4f4f4] disabled:opacity-30\" type=\"button\" aria-describedby=\"_r_45_\" aria-label=\"Iniciar voz\"><\/button><\/div>\n<\/div>\n<\/div>\n<\/div>\n<\/div>\n<\/div>\n<\/div>\n<\/form>\n<\/div>\n<\/div>\n<\/div>\n<\/div>\n<\/div>\n<\/div>\n<div class=\"-mt-4 text-token-text-secondary relative w-full overflow-hidden text-center text-xs [view-transition-name:var(--vt-disclaimer)] md:px-[60px]\"><\/div>\n<\/div>\n<\/div>\n<\/div>\n<p><\/main><\/div>\n<\/div>\n<\/div>\n<\/div>\n<div><\/div>\n<\/div>\n<\/div>\n<p>&nbsp;<\/p>\n<p><dialog class=\"group\/dialog @container inset-0 min-h-full min-w-full whitespace-normal items-center justify-center overflow-auto overscroll-y-contain bg-[rgba(0,0,0,0.5)] backdrop-blur-[1px]\"><\/dialog><\/p>\n<p>&nbsp;<\/p>\n<p><audio class=\"fixed start-0 bottom-0 hidden h-0 w-0\" crossorigin=\"anonymous\" autoplay=\"autoplay\" data-mce-fragment=\"1\"><\/audio><\/p>\n","protected":false},"excerpt":{"rendered":"<p>En los estudios de Multiplataformas Bit\u00e1cora, durante el programa Voces Callejeras, los pescadores deportivos Maira Pereira y Mat\u00edas Segovia compartieron sus sensaciones y expectativas de cara a la 49\u00b0 Fiesta Nacional del Surub\u00ed, en una semana donde Goya vive a pleno el evento m\u00e1s importante de la pesca deportiva. Ambos participantes hablaron sobre la preparaci\u00f3n [&hellip;]<\/p>\n","protected":false},"author":2,"featured_media":32949,"comment_status":"open","ping_status":"open","sticky":false,"template":"","format":"standard","meta":{"footnotes":""},"categories":[74],"tags":[],"class_list":{"0":"post-32946","1":"post","2":"type-post","3":"status-publish","4":"format-standard","5":"has-post-thumbnail","7":"category-bitacora-tv"},"_links":{"self":[{"href":"https:\/\/radiobitacora.com.ar\/web\/wp-json\/wp\/v2\/posts\/32946","targetHints":{"allow":["GET"]}}],"collection":[{"href":"https:\/\/radiobitacora.com.ar\/web\/wp-json\/wp\/v2\/posts"}],"about":[{"href":"https:\/\/radiobitacora.com.ar\/web\/wp-json\/wp\/v2\/types\/post"}],"author":[{"embeddable":true,"href":"https:\/\/radiobitacora.com.ar\/web\/wp-json\/wp\/v2\/users\/2"}],"replies":[{"embeddable":true,"href":"https:\/\/radiobitacora.com.ar\/web\/wp-json\/wp\/v2\/comments?post=32946"}],"version-history":[{"count":1,"href":"https:\/\/radiobitacora.com.ar\/web\/wp-json\/wp\/v2\/posts\/32946\/revisions"}],"predecessor-version":[{"id":32950,"href":"https:\/\/radiobitacora.com.ar\/web\/wp-json\/wp\/v2\/posts\/32946\/revisions\/32950"}],"wp:featuredmedia":[{"embeddable":true,"href":"https:\/\/radiobitacora.com.ar\/web\/wp-json\/wp\/v2\/media\/32949"}],"wp:attachment":[{"href":"https:\/\/radiobitacora.com.ar\/web\/wp-json\/wp\/v2\/media?parent=32946"}],"wp:term":[{"taxonomy":"category","embeddable":true,"href":"https:\/\/radiobitacora.com.ar\/web\/wp-json\/wp\/v2\/categories?post=32946"},{"taxonomy":"post_tag","embeddable":true,"href":"https:\/\/radiobitacora.com.ar\/web\/wp-json\/wp\/v2\/tags?post=32946"}],"curies":[{"name":"wp","href":"https:\/\/api.w.org\/{rel}","templated":true}]}}