{"id":32951,"date":"2026-04-30T09:23:46","date_gmt":"2026-04-30T12:23:46","guid":{"rendered":"https:\/\/radiobitacora.com.ar\/web\/?p=32951"},"modified":"2026-04-30T09:23:58","modified_gmt":"2026-04-30T12:23:58","slug":"voces-callejeras-dario-viera-y-anto-fernandez-destacaron-la-importancia-de-la-noche-de-pena-y-la-fiscalizacion-en-la-49-fns","status":"publish","type":"post","link":"https:\/\/radiobitacora.com.ar\/web\/2026\/04\/30\/voces-callejeras-dario-viera-y-anto-fernandez-destacaron-la-importancia-de-la-noche-de-pena-y-la-fiscalizacion-en-la-49-fns\/","title":{"rendered":"VOCES CALLEJERAS: DAR\u00cdO VIERA Y ANTO FERN\u00c1NDEZ DESTACARON LA IMPORTANCIA DE LA NOCHE DE PE\u00d1A Y LA FISCALIZACI\u00d3N EN LA 49\u00b0 FNS"},"content":{"rendered":"<p data-start=\"127\" data-end=\"536\">En los estudios de Multiplataformas Bit\u00e1cora, durante el programa Voces Callejeras, Dar\u00edo Viera, responsable de la tradicional Noche de Pe\u00f1a de Pescadores de la 49\u00b0 Fiesta Nacional del Surub\u00ed, y Anto Fern\u00e1ndez, fiscal del concurso, compartieron detalles sobre dos de los pilares fundamentales del Mundial de Pesca: el reencuentro de las barras pesqueras y el trabajo silencioso pero clave de la fiscalizaci\u00f3n.<\/p>\n<p data-start=\"538\" data-end=\"793\">Dar\u00edo Viera remarc\u00f3 que la Noche de Pe\u00f1a representa uno de los momentos m\u00e1s esperados por los pescadores, defini\u00e9ndola como \u201cla noche m\u00e1s linda\u201d por el esp\u00edritu de camarader\u00eda y enchamigamiento que genera entre quienes llegan de distintos puntos del pa\u00eds.<\/p>\n<p data-start=\"538\" data-end=\"793\"><img loading=\"lazy\" decoding=\"async\" class=\"wp-image-32952 alignleft\" src=\"https:\/\/radiobitacora.com.ar\/web\/wp-content\/uploads\/2026\/04\/WhatsApp-Image-2026-04-30-at-9.15.23-AM-1.jpeg\" alt=\"\" width=\"388\" height=\"291\" srcset=\"https:\/\/radiobitacora.com.ar\/web\/wp-content\/uploads\/2026\/04\/WhatsApp-Image-2026-04-30-at-9.15.23-AM-1.jpeg 1280w, https:\/\/radiobitacora.com.ar\/web\/wp-content\/uploads\/2026\/04\/WhatsApp-Image-2026-04-30-at-9.15.23-AM-1-560x420.jpeg 560w, https:\/\/radiobitacora.com.ar\/web\/wp-content\/uploads\/2026\/04\/WhatsApp-Image-2026-04-30-at-9.15.23-AM-1-80x60.jpeg 80w, https:\/\/radiobitacora.com.ar\/web\/wp-content\/uploads\/2026\/04\/WhatsApp-Image-2026-04-30-at-9.15.23-AM-1-696x522.jpeg 696w, https:\/\/radiobitacora.com.ar\/web\/wp-content\/uploads\/2026\/04\/WhatsApp-Image-2026-04-30-at-9.15.23-AM-1-1068x801.jpeg 1068w, https:\/\/radiobitacora.com.ar\/web\/wp-content\/uploads\/2026\/04\/WhatsApp-Image-2026-04-30-at-9.15.23-AM-1-265x198.jpeg 265w\" sizes=\"auto, (max-width: 388px) 100vw, 388px\" \/><\/p>\n<p data-start=\"795\" data-end=\"1212\">Explic\u00f3 que este a\u00f1o ser\u00e1n 51 barras pesqueras las que participar\u00e1n del tradicional encuentro, una cifra r\u00e9cord que incluso dej\u00f3 afuera a varias barras por falta de espacio f\u00edsico. Record\u00f3 que la pe\u00f1a comenz\u00f3 hace m\u00e1s de una d\u00e9cada dentro del galp\u00f3n del predio con apenas cuatro o cinco barras presentando sus men\u00fas y que, con el paso del tiempo, fue creciendo al mismo ritmo que la propia Fiesta Nacional del Surub\u00ed.<\/p>\n<p data-start=\"1214\" data-end=\"1546\">Adem\u00e1s, detall\u00f3 que las barras podr\u00e1n ingresar el jueves de 14 a 17 horas con sus elementos de cocina, parrillas, le\u00f1a, discos y dem\u00e1s insumos necesarios para preparar sus comidas. Cada barra debi\u00f3 informar previamente los veh\u00edculos autorizados para ingresar, ya que el operativo contempla m\u00e1s de 100 veh\u00edculos en apenas tres horas.<\/p>\n<p data-start=\"1548\" data-end=\"1813\">Viera tambi\u00e9n destac\u00f3 la gran aceptaci\u00f3n que tuvo la cartelera art\u00edstica prevista para esa noche, especialmente por la fuerte presencia de chamam\u00e9 y artistas correntinos, algo muy valorado por los pescadores y el p\u00fablico que participa de este tradicional encuentro.<\/p>\n<p data-start=\"1815\" data-end=\"2066\">Para el referente de la pe\u00f1a, el pescador vive tres grandes momentos dentro de la fiesta: la Noche de Pe\u00f1a, el concurso con la largada y las 15 horas de competencia, y finalmente la cena de pescadores, donde se homenajea especialmente a los ganadores.<\/p>\n<p data-start=\"2068\" data-end=\"2321\">Por su parte, Anto Fern\u00e1ndez habl\u00f3 sobre su rol como fiscal en esta edici\u00f3n, donde tendr\u00e1 a cargo la zona 5, ubicada m\u00e1s abajo del Caracotay. Ser\u00e1 su cuarto a\u00f1o participando de la fiscalizaci\u00f3n y destac\u00f3 la enorme responsabilidad que implica esta tarea.<\/p>\n<p data-start=\"2068\" data-end=\"2321\"><img loading=\"lazy\" decoding=\"async\" class=\"wp-image-32953 alignright\" src=\"https:\/\/radiobitacora.com.ar\/web\/wp-content\/uploads\/2026\/04\/WhatsApp-Image-2026-04-30-at-9.15.24-AM.jpeg\" alt=\"\" width=\"451\" height=\"338\" srcset=\"https:\/\/radiobitacora.com.ar\/web\/wp-content\/uploads\/2026\/04\/WhatsApp-Image-2026-04-30-at-9.15.24-AM.jpeg 1280w, https:\/\/radiobitacora.com.ar\/web\/wp-content\/uploads\/2026\/04\/WhatsApp-Image-2026-04-30-at-9.15.24-AM-560x420.jpeg 560w, https:\/\/radiobitacora.com.ar\/web\/wp-content\/uploads\/2026\/04\/WhatsApp-Image-2026-04-30-at-9.15.24-AM-80x60.jpeg 80w, https:\/\/radiobitacora.com.ar\/web\/wp-content\/uploads\/2026\/04\/WhatsApp-Image-2026-04-30-at-9.15.24-AM-696x522.jpeg 696w, https:\/\/radiobitacora.com.ar\/web\/wp-content\/uploads\/2026\/04\/WhatsApp-Image-2026-04-30-at-9.15.24-AM-1068x801.jpeg 1068w, https:\/\/radiobitacora.com.ar\/web\/wp-content\/uploads\/2026\/04\/WhatsApp-Image-2026-04-30-at-9.15.24-AM-265x198.jpeg 265w\" sizes=\"auto, (max-width: 451px) 100vw, 451px\" \/><\/p>\n<p data-start=\"2323\" data-end=\"2628\">Explic\u00f3 que el trabajo del fiscal comienza desde muy temprano en el Parque Cerrado, contin\u00faa durante toda la competencia en la zona asignada y finaliza reci\u00e9n cuando se verifica que todos los pescadores regresaron, se retiran los carteles y se confirma que no qued\u00f3 ninguna embarcaci\u00f3n con inconvenientes.<\/p>\n<p data-start=\"2630\" data-end=\"2944\">Fern\u00e1ndez se\u00f1al\u00f3 que muchas veces el trabajo del fiscal no es suficientemente valorado, pese a que resulta fundamental para garantizar la transparencia y el prestigio del concurso. \u201cPod\u00e9s tener la mejor pe\u00f1a y la mejor cena, pero si ten\u00e9s una mala fiscalizaci\u00f3n, al a\u00f1o siguiente ten\u00e9s 200 lanchas menos\u201d, resumi\u00f3.<\/p>\n<p data-start=\"2946\" data-end=\"3126\">Tambi\u00e9n record\u00f3 con emoci\u00f3n que en su primer a\u00f1o como fiscal le toc\u00f3 controlar al equipo campe\u00f3n encabezado por Caco Spont\u00f3n, experiencia que vivi\u00f3 como si fuera un triunfo propio.<\/p>\n<p data-start=\"3128\" data-end=\"3331\">Durante la charla tambi\u00e9n se puso en valor la creciente participaci\u00f3n de mujeres tanto en la fiscalizaci\u00f3n como en la pesca deportiva, algo que desde Voces Callejeras consideraron importante visibilizar.<\/p>\n<p data-start=\"3333\" data-end=\"3571\" data-is-last-node=\"\" data-is-only-node=\"\">Ambos coincidieron en que la Fiesta Nacional del Surub\u00ed sigue creciendo gracias al compromiso de quienes trabajan en cada \u00e1rea y a la pasi\u00f3n de los pescadores que a\u00f1o tras a\u00f1o convierten a Goya en la capital mundial de la pesca deportiva.<\/p>\n<p data-start=\"3333\" data-end=\"3571\" data-is-last-node=\"\" data-is-only-node=\"\">mira la nota completa aca :<\/p>\n<p data-start=\"3333\" data-end=\"3571\" data-is-last-node=\"\" data-is-only-node=\"\"><a href=\"https:\/\/www.youtube.com\/live\/NabZorTfb3M?si=QHI96zrjdDe_H-g2\">https:\/\/www.youtube.com\/live\/NabZorTfb3M?si=QHI96zrjdDe_H-g2<\/a><\/p>\n<div dir=\"auto\">FUENTE : Multiplataformas Radio, Tv y Streaming de Goya<\/div>\n<div dir=\"auto\">Producci\u00f3n General :<\/div>\n<div dir=\"auto\"><span class=\"html-span xdj266r x14z9mp xat24cr x1lziwak xexx8yu xyri2b x18d9i69 x1c1uobl x1hl2dhg x16tdsg8 x1vvkbs\"><a class=\"x1i10hfl xjbqb8w x1ejq31n x18oe1m7 x1sy0etr xstzfhl x972fbf x10w94by x1qhh985 x14e42zd x9f619 x1ypdohk xt0psk2 x3ct3a4 xdj266r x14z9mp xat24cr x1lziwak xexx8yu xyri2b x18d9i69 x1c1uobl x16tdsg8 x1hl2dhg xggy1nq x1a2a7pz xkrqix3 x1sur9pj x1fey0fg x1s688f\" tabindex=\"0\" role=\"link\" href=\"https:\/\/www.facebook.com\/sebastiansoler6?__cft__[0]=AZazHFZw74L4NDyzuGdhtprGzEH8nT9om-TtSNvEP4x3xmznHFtw1uYvlswhC74s-JFcWxJsjsqZfXJFsA_hh2gOrh8XeFK2ixMmdHw2iPhPvxz6kAaqhap4VbSFk8D-dErsLKmEP4b7T9HBP7-u0zXbfrWpOiiEr7CQrtU2Pqfk9b3nXEv0XVbdwfLTQbTPjZU&amp;__tn__=-]K-R\"><span class=\"xt0psk2\"><span class=\"xjp7ctv\">Sebastian Soler<\/span><\/span><\/a><\/span><\/div>\n","protected":false},"excerpt":{"rendered":"<p>En los estudios de Multiplataformas Bit\u00e1cora, durante el programa Voces Callejeras, Dar\u00edo Viera, responsable de la tradicional Noche de Pe\u00f1a de Pescadores de la 49\u00b0 Fiesta Nacional del Surub\u00ed, y Anto Fern\u00e1ndez, fiscal del concurso, compartieron detalles sobre dos de los pilares fundamentales del Mundial de Pesca: el reencuentro de las barras pesqueras y el [&hellip;]<\/p>\n","protected":false},"author":2,"featured_media":32954,"comment_status":"open","ping_status":"open","sticky":false,"template":"","format":"standard","meta":{"footnotes":""},"categories":[74],"tags":[],"class_list":{"0":"post-32951","1":"post","2":"type-post","3":"status-publish","4":"format-standard","5":"has-post-thumbnail","7":"category-bitacora-tv"},"_links":{"self":[{"href":"https:\/\/radiobitacora.com.ar\/web\/wp-json\/wp\/v2\/posts\/32951","targetHints":{"allow":["GET"]}}],"collection":[{"href":"https:\/\/radiobitacora.com.ar\/web\/wp-json\/wp\/v2\/posts"}],"about":[{"href":"https:\/\/radiobitacora.com.ar\/web\/wp-json\/wp\/v2\/types\/post"}],"author":[{"embeddable":true,"href":"https:\/\/radiobitacora.com.ar\/web\/wp-json\/wp\/v2\/users\/2"}],"replies":[{"embeddable":true,"href":"https:\/\/radiobitacora.com.ar\/web\/wp-json\/wp\/v2\/comments?post=32951"}],"version-history":[{"count":2,"href":"https:\/\/radiobitacora.com.ar\/web\/wp-json\/wp\/v2\/posts\/32951\/revisions"}],"predecessor-version":[{"id":32956,"href":"https:\/\/radiobitacora.com.ar\/web\/wp-json\/wp\/v2\/posts\/32951\/revisions\/32956"}],"wp:featuredmedia":[{"embeddable":true,"href":"https:\/\/radiobitacora.com.ar\/web\/wp-json\/wp\/v2\/media\/32954"}],"wp:attachment":[{"href":"https:\/\/radiobitacora.com.ar\/web\/wp-json\/wp\/v2\/media?parent=32951"}],"wp:term":[{"taxonomy":"category","embeddable":true,"href":"https:\/\/radiobitacora.com.ar\/web\/wp-json\/wp\/v2\/categories?post=32951"},{"taxonomy":"post_tag","embeddable":true,"href":"https:\/\/radiobitacora.com.ar\/web\/wp-json\/wp\/v2\/tags?post=32951"}],"curies":[{"name":"wp","href":"https:\/\/api.w.org\/{rel}","templated":true}]}}