{"id":32957,"date":"2026-04-30T09:40:28","date_gmt":"2026-04-30T12:40:28","guid":{"rendered":"https:\/\/radiobitacora.com.ar\/web\/?p=32957"},"modified":"2026-04-30T09:40:47","modified_gmt":"2026-04-30T12:40:47","slug":"voces-callejeras-agustin-macias-y-manuel-farizano-le-pusieron-musica-al-adn-surubicero-de-goya","status":"publish","type":"post","link":"https:\/\/radiobitacora.com.ar\/web\/2026\/04\/30\/voces-callejeras-agustin-macias-y-manuel-farizano-le-pusieron-musica-al-adn-surubicero-de-goya\/","title":{"rendered":"VOCES CALLEJERAS: AGUST\u00cdN MAC\u00cdAS Y MANUEL FARIZANO LE PUSIERON M\u00daSICA AL ADN SURUBICERO DE GOYA"},"content":{"rendered":"<p data-start=\"97\" data-end=\"405\">En los estudios de Multiplataformas Bit\u00e1cora, durante el programa Voces Callejeras, Agust\u00edn Mac\u00edas, m\u00fasico y productor goyano, y Manuel Farizano, m\u00fasico que particip\u00f3 v\u00eda Zoom desde Buenos Aires, compartieron una charla cargada de m\u00fasica, identidad y emoci\u00f3n en plena semana de la Fiesta Nacional del Surub\u00ed.<\/p>\n<p data-start=\"407\" data-end=\"707\">Ambos artistas fueron protagonistas de la creaci\u00f3n de la canci\u00f3n oficial de La Previa del Surub\u00ed, una propuesta que naci\u00f3 para darle identidad propia a este espacio que viene creciendo a\u00f1o tras a\u00f1o dentro del Club N\u00e1utico y que ya se convirti\u00f3 en una cita obligada para pescadores y barras pesqueras.<\/p>\n<p data-start=\"709\" data-end=\"1095\">Manuel Farizano cont\u00f3 que la idea surgi\u00f3 a partir de una entrevista anterior en la radio junto a Grillo L\u00f3pez, donde naci\u00f3 la propuesta de componer una canci\u00f3n que representara el esp\u00edritu de La Previa. A partir de all\u00ed, comenz\u00f3 a trabajar en una letra que reflejara no solo la esencia del pescador y la pe\u00f1a, sino tambi\u00e9n su propia conexi\u00f3n con el r\u00edo, los campamentos y la naturaleza.<\/p>\n<p data-start=\"709\" data-end=\"1095\"><img loading=\"lazy\" decoding=\"async\" class=\"wp-image-32958 alignleft\" src=\"https:\/\/radiobitacora.com.ar\/web\/wp-content\/uploads\/2026\/04\/WhatsApp-Image-2026-04-30-at-9.28.19-AM.jpeg\" alt=\"\" width=\"323\" height=\"242\" srcset=\"https:\/\/radiobitacora.com.ar\/web\/wp-content\/uploads\/2026\/04\/WhatsApp-Image-2026-04-30-at-9.28.19-AM.jpeg 1280w, https:\/\/radiobitacora.com.ar\/web\/wp-content\/uploads\/2026\/04\/WhatsApp-Image-2026-04-30-at-9.28.19-AM-560x420.jpeg 560w, https:\/\/radiobitacora.com.ar\/web\/wp-content\/uploads\/2026\/04\/WhatsApp-Image-2026-04-30-at-9.28.19-AM-80x60.jpeg 80w, https:\/\/radiobitacora.com.ar\/web\/wp-content\/uploads\/2026\/04\/WhatsApp-Image-2026-04-30-at-9.28.19-AM-696x522.jpeg 696w, https:\/\/radiobitacora.com.ar\/web\/wp-content\/uploads\/2026\/04\/WhatsApp-Image-2026-04-30-at-9.28.19-AM-1068x801.jpeg 1068w, https:\/\/radiobitacora.com.ar\/web\/wp-content\/uploads\/2026\/04\/WhatsApp-Image-2026-04-30-at-9.28.19-AM-265x198.jpeg 265w\" sizes=\"auto, (max-width: 323px) 100vw, 323px\" \/><\/p>\n<p data-start=\"1097\" data-end=\"1473\">El m\u00fasico explic\u00f3 que busc\u00f3 transmitir el sentimiento surubicero desde una mirada aut\u00e9ntica, incorporando tambi\u00e9n una visi\u00f3n de respeto y cuidado del r\u00edo y del recurso natural, sin perder la poes\u00eda ni caer en mensajes forzados. Destac\u00f3 adem\u00e1s que quiso reflejar el ADN de la barra pesquera, el reencuentro, la amistad y la emoci\u00f3n que genera cada edici\u00f3n del Mundial de Pesca.<\/p>\n<p data-start=\"1475\" data-end=\"1856\">Por su parte, Agust\u00edn Mac\u00edas asegur\u00f3 que la presentaci\u00f3n de la canci\u00f3n en el Club N\u00e1utico fue una experiencia inolvidable. Se\u00f1al\u00f3 que, al ser gente del r\u00edo y conocer profundamente ese ambiente, fue muy especial reencontrarse con amigos, pescadores y protagonistas de toda la vida. Adem\u00e1s, destac\u00f3 la devoluci\u00f3n positiva de la gente, que recibi\u00f3 la canci\u00f3n con entusiasmo y emoci\u00f3n.<\/p>\n<p data-start=\"1858\" data-end=\"2157\">Mac\u00edas explic\u00f3 que junto a Farizano trabajaron para que la canci\u00f3n tuviera una impronta distinta, alej\u00e1ndose de la estructura tradicional del chamam\u00e9 cl\u00e1sico y buscando una identidad m\u00e1s propia, con arreglos corales y una energ\u00eda que represente verdaderamente a las barras pesqueras cantando juntas.<\/p>\n<p data-start=\"2159\" data-end=\"2585\">Durante la entrevista tambi\u00e9n repasaron sus proyectos musicales personales. Manuel Farizano adelant\u00f3 que se encuentra trabajando en un nuevo disco junto al pianista Aguil\u00f3 Villar, en formato d\u00fao, inspirado en una propuesta m\u00e1s \u00edntima y cercana a sus presentaciones en vivo. El trabajo incluir\u00e1 canciones propias y versiones de temas que forman parte de su repertorio habitual, con lanzamiento previsto para los pr\u00f3ximos meses.<\/p>\n<p data-start=\"2587\" data-end=\"2806\">Adem\u00e1s, confirm\u00f3 que contin\u00faa activo con su banda Los Windahs, con nuevas grabaciones y proyectos en marcha, mientras sigue desarrollando su carrera como cantautor, present\u00e1ndose tanto en formato solista como con banda.<\/p>\n<p data-start=\"2808\" data-end=\"3153\">Agust\u00edn Mac\u00edas, en tanto, habl\u00f3 sobre su presente con Atardeciendo Amaneceres, proyecto que lidera desde 2018 junto al acordeonista Javier Acevedo. Remarc\u00f3 que desde el inicio buscaron construir una identidad sonora propia dentro del chamam\u00e9, apostando a composiciones originales y una propuesta diferente que hoy ya tiene reconocimiento propio.<\/p>\n<p data-start=\"2808\" data-end=\"3153\"><img loading=\"lazy\" decoding=\"async\" class=\"wp-image-32959 alignleft\" src=\"https:\/\/radiobitacora.com.ar\/web\/wp-content\/uploads\/2026\/04\/WhatsApp-Image-2026-04-30-at-9.28.18-AM-1.jpeg\" alt=\"\" width=\"357\" height=\"268\" srcset=\"https:\/\/radiobitacora.com.ar\/web\/wp-content\/uploads\/2026\/04\/WhatsApp-Image-2026-04-30-at-9.28.18-AM-1.jpeg 1280w, https:\/\/radiobitacora.com.ar\/web\/wp-content\/uploads\/2026\/04\/WhatsApp-Image-2026-04-30-at-9.28.18-AM-1-560x420.jpeg 560w, https:\/\/radiobitacora.com.ar\/web\/wp-content\/uploads\/2026\/04\/WhatsApp-Image-2026-04-30-at-9.28.18-AM-1-80x60.jpeg 80w, https:\/\/radiobitacora.com.ar\/web\/wp-content\/uploads\/2026\/04\/WhatsApp-Image-2026-04-30-at-9.28.18-AM-1-696x522.jpeg 696w, https:\/\/radiobitacora.com.ar\/web\/wp-content\/uploads\/2026\/04\/WhatsApp-Image-2026-04-30-at-9.28.18-AM-1-1068x801.jpeg 1068w, https:\/\/radiobitacora.com.ar\/web\/wp-content\/uploads\/2026\/04\/WhatsApp-Image-2026-04-30-at-9.28.18-AM-1-265x198.jpeg 265w\" sizes=\"auto, (max-width: 357px) 100vw, 357px\" \/><\/p>\n<p data-start=\"3155\" data-end=\"3428\">Record\u00f3 tambi\u00e9n que en diciembre lanzaron su \u00faltimo disco, Demasiado tarde para l\u00e1grimas, una producci\u00f3n que re\u00fane canciones originales, reinterpretaciones y una fuerte carga po\u00e9tica, incluyendo obras inspiradas en textos de Coqui Correa y cl\u00e1sicos del cancionero regional.<\/p>\n<p data-start=\"3430\" data-end=\"3644\">Adem\u00e1s, destac\u00f3 otro de sus proyectos actuales, Los Sat\u00e9lites del Sur, una banda orientada a la cumbia, boleros y m\u00fasica latinoamericana, donde tambi\u00e9n desarrolla composiciones propias y nuevas b\u00fasquedas musicales.<\/p>\n<p data-start=\"3646\" data-end=\"3969\">En el tramo final, Mac\u00edas habl\u00f3 de su hist\u00f3rica relaci\u00f3n con la Fiesta Nacional del Surub\u00ed y con Curup\u00ed, grupo emblem\u00e1tico que integra desde hace m\u00e1s de dos d\u00e9cadas junto a su padre. Record\u00f3 que desde los 14 a\u00f1os forma parte de ese escenario y asegur\u00f3 que la canci\u00f3n del Surub\u00ed representa el verdadero himno de los goyanos.<\/p>\n<p data-start=\"3971\" data-end=\"4314\">Remarc\u00f3 que la apertura y el cierre del Mundial son momentos \u00fanicos, donde miles de pescadores esperan ese instante simb\u00f3lico que marca el inicio y el cierre de la fiesta m\u00e1s importante de Goya. Tambi\u00e9n confirm\u00f3 que este fin de semana estar\u00e1 presente en distintos escenarios, incluyendo una presentaci\u00f3n especial en BAP junto a Guillo Morales.<\/p>\n<p data-start=\"4316\" data-end=\"4522\" data-is-last-node=\"\" data-is-only-node=\"\">La entrevista dej\u00f3 en claro que la m\u00fasica y la Fiesta Nacional del Surub\u00ed comparten el mismo coraz\u00f3n: la pasi\u00f3n por Goya, el r\u00edo, la pesca y el sentimiento de pertenencia que atraviesa generaciones enteras.<\/p>\n<p data-start=\"4316\" data-end=\"4522\" data-is-last-node=\"\" data-is-only-node=\"\">Mira la nota completa aca :<\/p>\n<p data-start=\"4316\" data-end=\"4522\" data-is-last-node=\"\" data-is-only-node=\"\"><a href=\"https:\/\/www.youtube.com\/live\/NabZorTfb3M?si=TibXYX-lMhBjSFxC\">https:\/\/www.youtube.com\/live\/NabZorTfb3M?si=TibXYX-lMhBjSFxC<\/a><\/p>\n<div dir=\"auto\">FUENTE : Multiplataformas Radio, Tv y Streaming de Goya<\/div>\n<div dir=\"auto\">Producci\u00f3n General :<\/div>\n<div dir=\"auto\"><span class=\"html-span xdj266r x14z9mp xat24cr x1lziwak xexx8yu xyri2b x18d9i69 x1c1uobl x1hl2dhg x16tdsg8 x1vvkbs\"><a class=\"x1i10hfl xjbqb8w x1ejq31n x18oe1m7 x1sy0etr xstzfhl x972fbf x10w94by x1qhh985 x14e42zd x9f619 x1ypdohk xt0psk2 x3ct3a4 xdj266r x14z9mp xat24cr x1lziwak xexx8yu xyri2b x18d9i69 x1c1uobl x16tdsg8 x1hl2dhg xggy1nq x1a2a7pz xkrqix3 x1sur9pj x1fey0fg x1s688f\" tabindex=\"0\" role=\"link\" href=\"https:\/\/www.facebook.com\/sebastiansoler6?__cft__[0]=AZbFw6tHCR9S4RicO3yuFWFAmmj_h7l89AmNt_ApPNUIB1ssSsqH5D74Vr8Pr1lpxgv2OInROQMp3Z7H40yNvy2WD-qqFOlyecPoBHROmmRT3hB3TrrRQz_sB_n2N0SsAAcL5SsDSdT4tadTmNshVvpF&amp;__tn__=-]K-R\"><span class=\"xt0psk2\"><span class=\"xjp7ctv\">Sebastian Soler<\/span><\/span><\/a><\/span><\/div>\n","protected":false},"excerpt":{"rendered":"<p>En los estudios de Multiplataformas Bit\u00e1cora, durante el programa Voces Callejeras, Agust\u00edn Mac\u00edas, m\u00fasico y productor goyano, y Manuel Farizano, m\u00fasico que particip\u00f3 v\u00eda Zoom desde Buenos Aires, compartieron una charla cargada de m\u00fasica, identidad y emoci\u00f3n en plena semana de la Fiesta Nacional del Surub\u00ed. Ambos artistas fueron protagonistas de la creaci\u00f3n de la [&hellip;]<\/p>\n","protected":false},"author":2,"featured_media":32960,"comment_status":"open","ping_status":"open","sticky":false,"template":"","format":"standard","meta":{"footnotes":""},"categories":[74],"tags":[],"class_list":{"0":"post-32957","1":"post","2":"type-post","3":"status-publish","4":"format-standard","5":"has-post-thumbnail","7":"category-bitacora-tv"},"_links":{"self":[{"href":"https:\/\/radiobitacora.com.ar\/web\/wp-json\/wp\/v2\/posts\/32957","targetHints":{"allow":["GET"]}}],"collection":[{"href":"https:\/\/radiobitacora.com.ar\/web\/wp-json\/wp\/v2\/posts"}],"about":[{"href":"https:\/\/radiobitacora.com.ar\/web\/wp-json\/wp\/v2\/types\/post"}],"author":[{"embeddable":true,"href":"https:\/\/radiobitacora.com.ar\/web\/wp-json\/wp\/v2\/users\/2"}],"replies":[{"embeddable":true,"href":"https:\/\/radiobitacora.com.ar\/web\/wp-json\/wp\/v2\/comments?post=32957"}],"version-history":[{"count":2,"href":"https:\/\/radiobitacora.com.ar\/web\/wp-json\/wp\/v2\/posts\/32957\/revisions"}],"predecessor-version":[{"id":32962,"href":"https:\/\/radiobitacora.com.ar\/web\/wp-json\/wp\/v2\/posts\/32957\/revisions\/32962"}],"wp:featuredmedia":[{"embeddable":true,"href":"https:\/\/radiobitacora.com.ar\/web\/wp-json\/wp\/v2\/media\/32960"}],"wp:attachment":[{"href":"https:\/\/radiobitacora.com.ar\/web\/wp-json\/wp\/v2\/media?parent=32957"}],"wp:term":[{"taxonomy":"category","embeddable":true,"href":"https:\/\/radiobitacora.com.ar\/web\/wp-json\/wp\/v2\/categories?post=32957"},{"taxonomy":"post_tag","embeddable":true,"href":"https:\/\/radiobitacora.com.ar\/web\/wp-json\/wp\/v2\/tags?post=32957"}],"curies":[{"name":"wp","href":"https:\/\/api.w.org\/{rel}","templated":true}]}}