{"id":32963,"date":"2026-05-02T02:00:10","date_gmt":"2026-05-02T05:00:10","guid":{"rendered":"https:\/\/radiobitacora.com.ar\/web\/?p=32963"},"modified":"2026-05-02T02:00:10","modified_gmt":"2026-05-02T05:00:10","slug":"desarticulan-kiosco-narco-y-detienen-a-una-pareja-en-goya","status":"publish","type":"post","link":"https:\/\/radiobitacora.com.ar\/web\/2026\/05\/02\/desarticulan-kiosco-narco-y-detienen-a-una-pareja-en-goya\/","title":{"rendered":"DESARTICULAN KIOSCO NARCO Y DETIENEN A UNA PAREJA EN GOYA"},"content":{"rendered":"<p style=\"font-weight: 400;\">Un operativo conjunto llevado adelante por la Polic\u00eda Federal Argentina y la Polic\u00eda de la Provincia de Corrientes permiti\u00f3 desarticular un punto de venta de estupefacientes en la ciudad de Goya. Como resultado del procedimiento, dos personas fueron detenidas y se logr\u00f3 el secuestro de droga lista para su comercializaci\u00f3n, dinero en efectivo y otros elementos de inter\u00e9s para la causa.<\/p>\n<p style=\"font-weight: 400;\">\n<p style=\"font-weight: 400;\">El procedimiento fue ejecutado el d\u00eda 1 de mayo del corriente a\u00f1o por efectivos de la Divisi\u00f3n Unidad Operativa Federal Goya, en forma conjunta con personal de la Comisar\u00eda Primera de la Polic\u00eda de Corrientes, en el marco de una causa por infracci\u00f3n a la Ley 23.737. La medida fue ordenada por el Juzgado de Garant\u00edas de Goya, a cargo del Dr. Francisco Arru\u00e9.<\/p>\n<p style=\"font-weight: 400;\">\n<p style=\"font-weight: 400;\">Seg\u00fan se inform\u00f3, la investigaci\u00f3n logr\u00f3 establecer que en el domicilio allanado funcionaba un kiosco narco, donde una pareja se dedicaba a la comercializaci\u00f3n de estupefacientes. Asimismo, se determin\u00f3 que el masculino realizaba entregas bajo la modalidad delivery, utilizando como fachada la aplicaci\u00f3n \u201cPedidos Ya\u201d.<\/p>\n<p style=\"font-weight: 400;\">\n<p style=\"font-weight: 400;\">Durante el allanamiento, los efectivos secuestraron coca\u00edna, marihuana, dinero en efectivo, una balanza de precisi\u00f3n y otros elementos vinculados a la actividad il\u00edcita.<\/p>\n<p style=\"font-weight: 400;\">\n<p style=\"font-weight: 400;\">Desde la fuerza se\u00f1alaron que este tipo de operativos se enmarca en los lineamientos del Ministerio de Seguridad Nacional, orientados a combatir el narcotr\u00e1fico y el delito complejo en todo el pa\u00eds.<\/p>\n","protected":false},"excerpt":{"rendered":"<p>Un operativo conjunto llevado adelante por la Polic\u00eda Federal Argentina y la Polic\u00eda de la Provincia de Corrientes permiti\u00f3 desarticular un punto de venta de estupefacientes en la ciudad de Goya. Como resultado del procedimiento, dos personas fueron detenidas y se logr\u00f3 el secuestro de droga lista para su comercializaci\u00f3n, dinero en efectivo y otros [&hellip;]<\/p>\n","protected":false},"author":2,"featured_media":32964,"comment_status":"open","ping_status":"open","sticky":false,"template":"","format":"standard","meta":{"footnotes":""},"categories":[79],"tags":[],"class_list":{"0":"post-32963","1":"post","2":"type-post","3":"status-publish","4":"format-standard","5":"has-post-thumbnail","7":"category-politica"},"_links":{"self":[{"href":"https:\/\/radiobitacora.com.ar\/web\/wp-json\/wp\/v2\/posts\/32963","targetHints":{"allow":["GET"]}}],"collection":[{"href":"https:\/\/radiobitacora.com.ar\/web\/wp-json\/wp\/v2\/posts"}],"about":[{"href":"https:\/\/radiobitacora.com.ar\/web\/wp-json\/wp\/v2\/types\/post"}],"author":[{"embeddable":true,"href":"https:\/\/radiobitacora.com.ar\/web\/wp-json\/wp\/v2\/users\/2"}],"replies":[{"embeddable":true,"href":"https:\/\/radiobitacora.com.ar\/web\/wp-json\/wp\/v2\/comments?post=32963"}],"version-history":[{"count":2,"href":"https:\/\/radiobitacora.com.ar\/web\/wp-json\/wp\/v2\/posts\/32963\/revisions"}],"predecessor-version":[{"id":32966,"href":"https:\/\/radiobitacora.com.ar\/web\/wp-json\/wp\/v2\/posts\/32963\/revisions\/32966"}],"wp:featuredmedia":[{"embeddable":true,"href":"https:\/\/radiobitacora.com.ar\/web\/wp-json\/wp\/v2\/media\/32964"}],"wp:attachment":[{"href":"https:\/\/radiobitacora.com.ar\/web\/wp-json\/wp\/v2\/media?parent=32963"}],"wp:term":[{"taxonomy":"category","embeddable":true,"href":"https:\/\/radiobitacora.com.ar\/web\/wp-json\/wp\/v2\/categories?post=32963"},{"taxonomy":"post_tag","embeddable":true,"href":"https:\/\/radiobitacora.com.ar\/web\/wp-json\/wp\/v2\/tags?post=32963"}],"curies":[{"name":"wp","href":"https:\/\/api.w.org\/{rel}","templated":true}]}}