{"id":32967,"date":"2026-05-02T02:59:16","date_gmt":"2026-05-02T05:59:16","guid":{"rendered":"https:\/\/radiobitacora.com.ar\/web\/?p=32967"},"modified":"2026-05-02T02:59:16","modified_gmt":"2026-05-02T05:59:16","slug":"voces-callejeras-paladini-acompana-la-fiesta-nacional-del-surubi-con-su-parador-y-apoyo-a-los-pescadores","status":"publish","type":"post","link":"https:\/\/radiobitacora.com.ar\/web\/2026\/05\/02\/voces-callejeras-paladini-acompana-la-fiesta-nacional-del-surubi-con-su-parador-y-apoyo-a-los-pescadores\/","title":{"rendered":"VOCES CALLEJERAS: PALADINI ACOMPA\u00d1A LA FIESTA NACIONAL DEL SURUB\u00cd CON SU PARADOR Y APOYO A LOS PESCADORES"},"content":{"rendered":"<p data-start=\"91\" data-end=\"436\">En el marco de la cobertura especial de Voces Callejeras por la 49\u00aa Fiesta Nacional del Surub\u00ed, realizada desde el local de REMAX frente al Predio Costa Surub\u00ed, el programa recibi\u00f3 la visita de Ariel Bord\u00f3n, representante de Paladini en Goya, quien comparti\u00f3 su experiencia y el importante acompa\u00f1amiento de la firma dentro del Mundial de Pesca.<\/p>\n<p data-start=\"438\" data-end=\"657\">Durante la entrevista, Bord\u00f3n destac\u00f3 su fuerte v\u00ednculo con la ciudad y con la Fiesta Nacional del Surub\u00ed, explicando que su historia con Goya comenz\u00f3 hace muchos a\u00f1os a trav\u00e9s de su familia y de la pasi\u00f3n por la pesca.<\/p>\n<p data-start=\"438\" data-end=\"657\"><img loading=\"lazy\" decoding=\"async\" class=\"aligncenter size-full wp-image-32969\" src=\"https:\/\/radiobitacora.com.ar\/web\/wp-content\/uploads\/2026\/05\/DSC_1459.jpg\" alt=\"\" width=\"4288\" height=\"2848\" srcset=\"https:\/\/radiobitacora.com.ar\/web\/wp-content\/uploads\/2026\/05\/DSC_1459.jpg 4288w, https:\/\/radiobitacora.com.ar\/web\/wp-content\/uploads\/2026\/05\/DSC_1459-632x420.jpg 632w, https:\/\/radiobitacora.com.ar\/web\/wp-content\/uploads\/2026\/05\/DSC_1459-696x462.jpg 696w, https:\/\/radiobitacora.com.ar\/web\/wp-content\/uploads\/2026\/05\/DSC_1459-1068x709.jpg 1068w\" sizes=\"auto, (max-width: 4288px) 100vw, 4288px\" \/><\/p>\n<p data-start=\"659\" data-end=\"824\">\u201cMis suegros son de ac\u00e1 y nosotros ven\u00edamos a pescar desde hace mucho tiempo. Como buen pescador, uno entra en esto de la Fiesta del Surub\u00ed y no se va m\u00e1s\u201d, expres\u00f3.<\/p>\n<p data-start=\"826\" data-end=\"995\">Ariel remarc\u00f3 que, adem\u00e1s de su rol comercial, se considera primero pescador, lo que le permite entender las necesidades y costumbres de quienes participan del concurso.<\/p>\n<p data-start=\"997\" data-end=\"1284\">\u201cEl pescador no necesita mucho m\u00e1s que el r\u00edo y una ca\u00f1a, pero tambi\u00e9n necesita ciertos mimos. Ah\u00ed encontramos una gran conexi\u00f3n con Paladini, porque estar en una lancha o en la costa del r\u00edo siempre se acompa\u00f1a con un salam\u00edn, un pedazo de queso, una mortadela o un buen jam\u00f3n\u201d, se\u00f1al\u00f3.<\/p>\n<p data-start=\"1286\" data-end=\"1461\">Desde esa idea naci\u00f3 el fuerte acompa\u00f1amiento de Paladini dentro de la Fiesta Nacional del Surub\u00ed, brindando productos especialmente pensados para los pescadores y visitantes.<\/p>\n<p data-start=\"1463\" data-end=\"1681\">Uno de los principales atractivos es el Parador Paladini, ubicado frente al escenario principal del predio Costa Surub\u00ed, donde ofrecen comidas con precios populares, comodidad y un espacio pensado para toda la familia.<\/p>\n<p data-start=\"1683\" data-end=\"1984\">\u201cQueremos que la gente venga, disfrute y no lo piense dos veces. Apostamos a la comodidad, al buen servicio y a precios accesibles. Tenemos muchas mesas, una plataforma elevada para disfrutar de los espect\u00e1culos y nuestros cl\u00e1sicos sillones y sombrillas para que la experiencia sea completa\u201d, explic\u00f3.<\/p>\n<p data-start=\"1986\" data-end=\"2220\">Adem\u00e1s, Bord\u00f3n adelant\u00f3 que tambi\u00e9n trabajan especialmente para agasajar a los pescadores durante el concurso, preparando desde varios d\u00edas antes toda la propuesta gastron\u00f3mica que acompa\u00f1a una de las fiestas m\u00e1s importantes del pa\u00eds.<\/p>\n<p data-start=\"2222\" data-end=\"2436\">Durante la charla tambi\u00e9n se destac\u00f3 el acompa\u00f1amiento de Paladini en otros eventos vinculados a la pesca, como la previa del Concurso N\u00e1utico, donde la firma tuvo una fuerte presencia y acompa\u00f1\u00f3 a la organizaci\u00f3n.<\/p>\n<p data-start=\"2438\" data-end=\"2641\">Desde Voces Callejeras resaltaron el compromiso de Ariel Bord\u00f3n y de todo su equipo, valorando especialmente el apoyo constante a los concursos y a cada iniciativa vinculada al mundo de la pesca en Goya.<\/p>\n<p data-start=\"2643\" data-end=\"2886\" data-is-last-node=\"\" data-is-only-node=\"\">La entrevista se dio en una nueva jornada del programa especial por la Fiesta Nacional del Surub\u00ed, transmitido desde el local de REMAX, con toda la previa, invitados especiales y la cobertura de uno de los eventos m\u00e1s importantes de la ciudad.<\/p>\n<p data-start=\"2643\" data-end=\"2886\" data-is-last-node=\"\" data-is-only-node=\"\">Mira la entrevista completa aca :<\/p>\n<p data-start=\"2643\" data-end=\"2886\" data-is-last-node=\"\" data-is-only-node=\"\"><a href=\"https:\/\/www.youtube.com\/live\/agxK6Al2d1A?si=3RDzf--aUiPOR69A\">https:\/\/www.youtube.com\/live\/agxK6Al2d1A?si=3RDzf&#8211;aUiPOR69A<\/a><\/p>\n<div dir=\"auto\">FUENTE : Multiplataformas Radio, Tv y Streaming de Goya<\/div>\n<div dir=\"auto\">Producci\u00f3n General :<\/div>\n<div dir=\"auto\"><span class=\"html-span xdj266r x14z9mp xat24cr x1lziwak xexx8yu xyri2b x18d9i69 x1c1uobl x1hl2dhg x16tdsg8 x1vvkbs\"><a class=\"x1i10hfl xjbqb8w x1ejq31n x18oe1m7 x1sy0etr xstzfhl x972fbf x10w94by x1qhh985 x14e42zd x9f619 x1ypdohk xt0psk2 x3ct3a4 xdj266r x14z9mp xat24cr x1lziwak xexx8yu xyri2b x18d9i69 x1c1uobl x16tdsg8 x1hl2dhg xggy1nq x1a2a7pz xkrqix3 x1sur9pj x1fey0fg x1s688f\" tabindex=\"0\" role=\"link\" href=\"https:\/\/www.facebook.com\/sebastiansoler6?__cft__[0]=AZbQx0oNwsFteGL3aOWwaOy0S-qHC761t3BgG3y9TyZ5aOe7WREmFPL0J1HACHBfDay-7x0XLgqb8eVOF9th4Ul9rOAWiZq4pqnYfzx2LlRRf4t6lexmW4ayz_bf7m3F4zwL74P_iIoe5XaV5iPhePS_pWCyrfYBuqNhG8cOifpiT-dC2ne5ie2QwK8HjALSRhQ&amp;__tn__=-]K-R\"><span class=\"xt0psk2\"><span class=\"xjp7ctv\">Sebastian Soler<\/span><\/span><\/a><\/span><\/div>\n","protected":false},"excerpt":{"rendered":"<p>En el marco de la cobertura especial de Voces Callejeras por la 49\u00aa Fiesta Nacional del Surub\u00ed, realizada desde el local de REMAX frente al Predio Costa Surub\u00ed, el programa recibi\u00f3 la visita de Ariel Bord\u00f3n, representante de Paladini en Goya, quien comparti\u00f3 su experiencia y el importante acompa\u00f1amiento de la firma dentro del Mundial [&hellip;]<\/p>\n","protected":false},"author":2,"featured_media":32968,"comment_status":"open","ping_status":"open","sticky":false,"template":"","format":"standard","meta":{"footnotes":""},"categories":[74],"tags":[],"class_list":{"0":"post-32967","1":"post","2":"type-post","3":"status-publish","4":"format-standard","5":"has-post-thumbnail","7":"category-bitacora-tv"},"_links":{"self":[{"href":"https:\/\/radiobitacora.com.ar\/web\/wp-json\/wp\/v2\/posts\/32967","targetHints":{"allow":["GET"]}}],"collection":[{"href":"https:\/\/radiobitacora.com.ar\/web\/wp-json\/wp\/v2\/posts"}],"about":[{"href":"https:\/\/radiobitacora.com.ar\/web\/wp-json\/wp\/v2\/types\/post"}],"author":[{"embeddable":true,"href":"https:\/\/radiobitacora.com.ar\/web\/wp-json\/wp\/v2\/users\/2"}],"replies":[{"embeddable":true,"href":"https:\/\/radiobitacora.com.ar\/web\/wp-json\/wp\/v2\/comments?post=32967"}],"version-history":[{"count":1,"href":"https:\/\/radiobitacora.com.ar\/web\/wp-json\/wp\/v2\/posts\/32967\/revisions"}],"predecessor-version":[{"id":32970,"href":"https:\/\/radiobitacora.com.ar\/web\/wp-json\/wp\/v2\/posts\/32967\/revisions\/32970"}],"wp:featuredmedia":[{"embeddable":true,"href":"https:\/\/radiobitacora.com.ar\/web\/wp-json\/wp\/v2\/media\/32968"}],"wp:attachment":[{"href":"https:\/\/radiobitacora.com.ar\/web\/wp-json\/wp\/v2\/media?parent=32967"}],"wp:term":[{"taxonomy":"category","embeddable":true,"href":"https:\/\/radiobitacora.com.ar\/web\/wp-json\/wp\/v2\/categories?post=32967"},{"taxonomy":"post_tag","embeddable":true,"href":"https:\/\/radiobitacora.com.ar\/web\/wp-json\/wp\/v2\/tags?post=32967"}],"curies":[{"name":"wp","href":"https:\/\/api.w.org\/{rel}","templated":true}]}}