{"id":32971,"date":"2026-05-02T03:16:02","date_gmt":"2026-05-02T06:16:02","guid":{"rendered":"https:\/\/radiobitacora.com.ar\/web\/?p=32971"},"modified":"2026-05-02T03:16:02","modified_gmt":"2026-05-02T06:16:02","slug":"voces-callejeras-cascarudo-pesca-se-enamoro-de-goya-y-ya-suena-con-competir-en-la-fiesta-nacional-del-surubi","status":"publish","type":"post","link":"https:\/\/radiobitacora.com.ar\/web\/2026\/05\/02\/voces-callejeras-cascarudo-pesca-se-enamoro-de-goya-y-ya-suena-con-competir-en-la-fiesta-nacional-del-surubi\/","title":{"rendered":"VOCES CALLEJERAS: CASCARUDO PESCA SE ENAMOR\u00d3 DE GOYA Y YA SUE\u00d1A CON COMPETIR EN LA FIESTA NACIONAL DEL SURUB\u00cd"},"content":{"rendered":"<p data-start=\"113\" data-end=\"493\">En el marco del programa especial de Voces Callejeras por la 49\u00aa Fiesta Nacional del Surub\u00ed, transmitido desde el local de REMAX frente al Predio Costa Surub\u00ed, el equipo recibi\u00f3 la visita de los integrantes de Cascarudo Pesca, un grupo de creadores de contenido y apasionados de la pesca llegados desde Buenos Aires que viven por primera vez desde adentro la fiesta mayor de Goya.<\/p>\n<p data-start=\"495\" data-end=\"658\">Durante la entrevista, Fede, Juan y Mauricio compartieron su entusiasmo por estar en la ciudad y destacaron la calidez con la que fueron recibidos por los goyanos.<\/p>\n<p data-start=\"660\" data-end=\"828\">\u201cEstamos muy ansiosos, muy contentos de estar ac\u00e1 y felices de que Goya siempre nos reciba con los brazos abiertos. La verdad que es una experiencia \u00fanica\u201d, expresaron.<\/p>\n<p data-start=\"830\" data-end=\"984\">Los j\u00f3venes contaron que ya hab\u00edan visitado Goya anteriormente, en enero, y que esa experiencia fue suficiente para enamorarse completamente de la ciudad.<\/p>\n<p data-start=\"830\" data-end=\"984\"><img loading=\"lazy\" decoding=\"async\" class=\"aligncenter size-full wp-image-32972\" src=\"https:\/\/radiobitacora.com.ar\/web\/wp-content\/uploads\/2026\/05\/DSC_1469.jpg\" alt=\"\" width=\"4288\" height=\"2848\" srcset=\"https:\/\/radiobitacora.com.ar\/web\/wp-content\/uploads\/2026\/05\/DSC_1469.jpg 4288w, https:\/\/radiobitacora.com.ar\/web\/wp-content\/uploads\/2026\/05\/DSC_1469-632x420.jpg 632w, https:\/\/radiobitacora.com.ar\/web\/wp-content\/uploads\/2026\/05\/DSC_1469-696x462.jpg 696w, https:\/\/radiobitacora.com.ar\/web\/wp-content\/uploads\/2026\/05\/DSC_1469-1068x709.jpg 1068w\" sizes=\"auto, (max-width: 4288px) 100vw, 4288px\" \/><\/p>\n<p data-start=\"986\" data-end=\"1145\">\u201cVinimos una vez, nos enamoramos de Goya totalmente. La calidad de la gente es algo que siempre vamos a destacar. Ya llevamos a Goya en el coraz\u00f3n\u201d, afirmaron.<\/p>\n<p data-start=\"1147\" data-end=\"1342\">Esta fue su primera vez viviendo la Fiesta Nacional del Surub\u00ed y no ocultaron su emoci\u00f3n al recorrer el predio, presenciar los shows y sentir de cerca la pasi\u00f3n que despierta el Mundial de Pesca.<\/p>\n<p data-start=\"1344\" data-end=\"1479\">Uno de los momentos que m\u00e1s los impact\u00f3 fue escuchar la tradicional Canci\u00f3n del Surub\u00ed y observar c\u00f3mo toda la ciudad vive esa emoci\u00f3n.<\/p>\n<p data-start=\"1344\" data-end=\"1479\"><img loading=\"lazy\" decoding=\"async\" class=\"aligncenter size-full wp-image-32973\" src=\"https:\/\/radiobitacora.com.ar\/web\/wp-content\/uploads\/2026\/05\/DSC_1475.jpg\" alt=\"\" width=\"4288\" height=\"2848\" srcset=\"https:\/\/radiobitacora.com.ar\/web\/wp-content\/uploads\/2026\/05\/DSC_1475.jpg 4288w, https:\/\/radiobitacora.com.ar\/web\/wp-content\/uploads\/2026\/05\/DSC_1475-632x420.jpg 632w, https:\/\/radiobitacora.com.ar\/web\/wp-content\/uploads\/2026\/05\/DSC_1475-696x462.jpg 696w, https:\/\/radiobitacora.com.ar\/web\/wp-content\/uploads\/2026\/05\/DSC_1475-1068x709.jpg 1068w\" sizes=\"auto, (max-width: 4288px) 100vw, 4288px\" \/><\/p>\n<p data-start=\"1481\" data-end=\"1617\">\u201cEs inevitable no emocionarse. Ver c\u00f3mo la gente la siente, c\u00f3mo se les caen l\u00e1grimas, realmente te pone la piel de gallina\u201d, se\u00f1alaron.<\/p>\n<p data-start=\"1619\" data-end=\"1743\">Adem\u00e1s, ya adelantaron que su deseo es volver el pr\u00f3ximo a\u00f1o, no solo como visitantes, sino como participantes del concurso.<\/p>\n<p data-start=\"1745\" data-end=\"1868\">\u201cYo ya quiero concursar, as\u00ed de simple. Nada de venir solamente a mirar, vamos a venir a competir\u201d, aseguraron entre risas.<\/p>\n<p data-start=\"1870\" data-end=\"2102\">Durante la charla tambi\u00e9n hablaron sobre Cascarudo Pesca, el proyecto que naci\u00f3 en Buenos Aires compartiendo salidas de pesca y que fue creciendo hasta transformarse en un espacio de streaming, entrevistas y contenido especializado.<\/p>\n<p data-start=\"2104\" data-end=\"2236\">Explicaron que una de sus principales propuestas es mostrar no solo la pesca, sino tambi\u00e9n conocer a la persona detr\u00e1s del pescador.<\/p>\n<p data-start=\"2104\" data-end=\"2236\"><img loading=\"lazy\" decoding=\"async\" class=\"aligncenter size-full wp-image-32974\" src=\"https:\/\/radiobitacora.com.ar\/web\/wp-content\/uploads\/2026\/05\/DSC_1481.jpg\" alt=\"\" width=\"4288\" height=\"2848\" srcset=\"https:\/\/radiobitacora.com.ar\/web\/wp-content\/uploads\/2026\/05\/DSC_1481.jpg 4288w, https:\/\/radiobitacora.com.ar\/web\/wp-content\/uploads\/2026\/05\/DSC_1481-632x420.jpg 632w, https:\/\/radiobitacora.com.ar\/web\/wp-content\/uploads\/2026\/05\/DSC_1481-696x462.jpg 696w, https:\/\/radiobitacora.com.ar\/web\/wp-content\/uploads\/2026\/05\/DSC_1481-1068x709.jpg 1068w\" sizes=\"auto, (max-width: 4288px) 100vw, 4288px\" \/><\/p>\n<p data-start=\"2238\" data-end=\"2409\">\u201cQueremos salir del esquema cl\u00e1sico de mostrar solo capturas o t\u00e9cnicas. Nos interesa conocer a la persona detr\u00e1s del pescador, su historia, su lado m\u00e1s humano\u201d, contaron.<\/p>\n<p data-start=\"2411\" data-end=\"2571\">El nombre Cascarudo Pesca tambi\u00e9n tiene una historia muy especial, ya que proviene del apodo de su abuelo, \u201cDon Cascarudo\u201d, a quien recordaron con mucho cari\u00f1o.<\/p>\n<p data-start=\"2573\" data-end=\"2789\">Los integrantes destacaron adem\u00e1s el acompa\u00f1amiento recibido por referentes locales como \u201cEl Pela\u201d de La Piguacera, Sol de la Correntina y toda la comunidad pesquera de Goya, quienes los hicieron sentir como en casa.<\/p>\n<p data-start=\"2791\" data-end=\"3033\">Durante el programa, tambi\u00e9n recibieron la invitaci\u00f3n formal para participar en noviembre de La Previa del N\u00e1utico, conocida por muchos como \u201cEl Mundialito\u201d, una de las competencias m\u00e1s importantes antes de la gran Fiesta Nacional del Surub\u00ed.<\/p>\n<p data-start=\"3035\" data-end=\"3136\">\u201cVenimos a la Previa en noviembre\u201d, respondieron comprometidos frente a c\u00e1mara, aceptando el desaf\u00edo.<\/p>\n<p data-start=\"3138\" data-end=\"3428\" data-is-last-node=\"\" data-is-only-node=\"\">Desde Voces Callejeras celebraron la visita de los chicos de Cascarudo Pesca y destacaron la importancia de que nuevos creadores de contenido sigan mostrando la pasi\u00f3n por la pesca y ayudando a que la Fiesta Nacional del Surub\u00ed contin\u00fae creciendo y llegando a cada vez m\u00e1s lugares del pa\u00eds.<\/p>\n<p data-start=\"3138\" data-end=\"3428\" data-is-last-node=\"\" data-is-only-node=\"\">Mira el vivo aca :<\/p>\n<p data-start=\"3138\" data-end=\"3428\" data-is-last-node=\"\" data-is-only-node=\"\"><a href=\"https:\/\/www.youtube.com\/live\/agxK6Al2d1A?si=OWtPfc_dlWbb_9Tj\">https:\/\/www.youtube.com\/live\/agxK6Al2d1A?si=OWtPfc_dlWbb_9Tj<\/a><\/p>\n<div dir=\"auto\">FUENTE : Multiplataformas Radio, Tv y Streaming de Goya<\/div>\n<div dir=\"auto\">Producci\u00f3n General :<\/div>\n<div dir=\"auto\"><span class=\"html-span xdj266r x14z9mp xat24cr x1lziwak xexx8yu xyri2b x18d9i69 x1c1uobl x1hl2dhg x16tdsg8 x1vvkbs\"><a class=\"x1i10hfl xjbqb8w x1ejq31n x18oe1m7 x1sy0etr xstzfhl x972fbf x10w94by x1qhh985 x14e42zd x9f619 x1ypdohk xt0psk2 x3ct3a4 xdj266r x14z9mp xat24cr x1lziwak xexx8yu xyri2b x18d9i69 x1c1uobl x16tdsg8 x1hl2dhg xggy1nq x1a2a7pz xkrqix3 x1sur9pj x1fey0fg x1s688f\" tabindex=\"0\" role=\"link\" href=\"https:\/\/www.facebook.com\/sebastiansoler6?__cft__[0]=AZaEX4fTabCXb9YshKvkiBLW2p9S5YLPnlzPHt-4f4X4lAGP-TXBgBZRdoL_cpFihBRVNXexUlMTNnozr_AszV3XrA9F5d9d6_cVQRTOTYxBHSJFNvBaAnkaxeEzyK0_eyLqFlKLUS-c1GCMZa91tuHV&amp;__tn__=-]K-R\"><span class=\"xt0psk2\"><span class=\"xjp7ctv\">Sebastian Soler<\/span><\/span><\/a><\/span><\/div>\n","protected":false},"excerpt":{"rendered":"<p>En el marco del programa especial de Voces Callejeras por la 49\u00aa Fiesta Nacional del Surub\u00ed, transmitido desde el local de REMAX frente al Predio Costa Surub\u00ed, el equipo recibi\u00f3 la visita de los integrantes de Cascarudo Pesca, un grupo de creadores de contenido y apasionados de la pesca llegados desde Buenos Aires que viven [&hellip;]<\/p>\n","protected":false},"author":2,"featured_media":32975,"comment_status":"open","ping_status":"open","sticky":false,"template":"","format":"standard","meta":{"footnotes":""},"categories":[74],"tags":[],"class_list":{"0":"post-32971","1":"post","2":"type-post","3":"status-publish","4":"format-standard","5":"has-post-thumbnail","7":"category-bitacora-tv"},"_links":{"self":[{"href":"https:\/\/radiobitacora.com.ar\/web\/wp-json\/wp\/v2\/posts\/32971","targetHints":{"allow":["GET"]}}],"collection":[{"href":"https:\/\/radiobitacora.com.ar\/web\/wp-json\/wp\/v2\/posts"}],"about":[{"href":"https:\/\/radiobitacora.com.ar\/web\/wp-json\/wp\/v2\/types\/post"}],"author":[{"embeddable":true,"href":"https:\/\/radiobitacora.com.ar\/web\/wp-json\/wp\/v2\/users\/2"}],"replies":[{"embeddable":true,"href":"https:\/\/radiobitacora.com.ar\/web\/wp-json\/wp\/v2\/comments?post=32971"}],"version-history":[{"count":1,"href":"https:\/\/radiobitacora.com.ar\/web\/wp-json\/wp\/v2\/posts\/32971\/revisions"}],"predecessor-version":[{"id":32976,"href":"https:\/\/radiobitacora.com.ar\/web\/wp-json\/wp\/v2\/posts\/32971\/revisions\/32976"}],"wp:featuredmedia":[{"embeddable":true,"href":"https:\/\/radiobitacora.com.ar\/web\/wp-json\/wp\/v2\/media\/32975"}],"wp:attachment":[{"href":"https:\/\/radiobitacora.com.ar\/web\/wp-json\/wp\/v2\/media?parent=32971"}],"wp:term":[{"taxonomy":"category","embeddable":true,"href":"https:\/\/radiobitacora.com.ar\/web\/wp-json\/wp\/v2\/categories?post=32971"},{"taxonomy":"post_tag","embeddable":true,"href":"https:\/\/radiobitacora.com.ar\/web\/wp-json\/wp\/v2\/tags?post=32971"}],"curies":[{"name":"wp","href":"https:\/\/api.w.org\/{rel}","templated":true}]}}