{"id":32980,"date":"2026-05-02T03:37:07","date_gmt":"2026-05-02T06:37:07","guid":{"rendered":"https:\/\/radiobitacora.com.ar\/web\/?p=32980"},"modified":"2026-05-02T03:37:07","modified_gmt":"2026-05-02T06:37:07","slug":"voces-callejeras-walter-rodriguez-volvio-a-goya-y-resalto-el-crecimiento-del-mundial-de-pesca","status":"publish","type":"post","link":"https:\/\/radiobitacora.com.ar\/web\/2026\/05\/02\/voces-callejeras-walter-rodriguez-volvio-a-goya-y-resalto-el-crecimiento-del-mundial-de-pesca\/","title":{"rendered":"VOCES CALLEJERAS: WALTER RODR\u00cdGUEZ VOLVI\u00d3 A GOYA Y RESALT\u00d3 EL CRECIMIENTO DEL MUNDIAL DE PESCA"},"content":{"rendered":"<p data-start=\"125\" data-end=\"524\">En el marco del programa especial de Voces Callejeras por la 49\u00aa Fiesta Nacional del Surub\u00ed, realizado desde el local de REMAX frente al Predio Costa Surub\u00ed, el ex jefe de Prefectura Goya, Walter Rodr\u00edguez, visit\u00f3 el estudio m\u00f3vil y comparti\u00f3 su experiencia vinculada a la ciudad, su regreso a Goya y el trabajo actual que desarrolla desde la Direcci\u00f3n de Educaci\u00f3n de la Prefectura Naval Argentina.<\/p>\n<p data-start=\"125\" data-end=\"524\"><img loading=\"lazy\" decoding=\"async\" class=\"aligncenter size-full wp-image-32981\" src=\"https:\/\/radiobitacora.com.ar\/web\/wp-content\/uploads\/2026\/05\/DSC_1482.jpg\" alt=\"\" width=\"4288\" height=\"2848\" srcset=\"https:\/\/radiobitacora.com.ar\/web\/wp-content\/uploads\/2026\/05\/DSC_1482.jpg 4288w, https:\/\/radiobitacora.com.ar\/web\/wp-content\/uploads\/2026\/05\/DSC_1482-632x420.jpg 632w, https:\/\/radiobitacora.com.ar\/web\/wp-content\/uploads\/2026\/05\/DSC_1482-696x462.jpg 696w, https:\/\/radiobitacora.com.ar\/web\/wp-content\/uploads\/2026\/05\/DSC_1482-1068x709.jpg 1068w\" sizes=\"auto, (max-width: 4288px) 100vw, 4288px\" \/><\/p>\n<p data-start=\"526\" data-end=\"693\">Rodr\u00edguez, quien estuvo al frente de la Prefectura de Goya durante dos a\u00f1os, expres\u00f3 su alegr\u00eda por volver a una ciudad con la que mantiene un fuerte v\u00ednculo afectivo.<\/p>\n<p data-start=\"695\" data-end=\"840\">\u201cEs un gusto volver a Goya, una ciudad que me cobij\u00f3 durante dos a\u00f1os. Es una ciudad chamiga, donde uno siempre se siente bien recibido\u201d, se\u00f1al\u00f3.<\/p>\n<p data-start=\"842\" data-end=\"1131\">Actualmente, Walter Rodr\u00edguez se desempe\u00f1a en la ciudad de Z\u00e1rate, provincia de Buenos Aires, dentro del Departamento de Incorporaciones de la Direcci\u00f3n de Educaci\u00f3n de Prefectura, desde donde se encarga del proceso de selecci\u00f3n de aspirantes para las escuelas de oficiales y suboficiales.<\/p>\n<p data-start=\"842\" data-end=\"1131\"><img loading=\"lazy\" decoding=\"async\" class=\"aligncenter size-full wp-image-32982\" src=\"https:\/\/radiobitacora.com.ar\/web\/wp-content\/uploads\/2026\/05\/DSC_1483.jpg\" alt=\"\" width=\"4288\" height=\"2848\" srcset=\"https:\/\/radiobitacora.com.ar\/web\/wp-content\/uploads\/2026\/05\/DSC_1483.jpg 4288w, https:\/\/radiobitacora.com.ar\/web\/wp-content\/uploads\/2026\/05\/DSC_1483-632x420.jpg 632w, https:\/\/radiobitacora.com.ar\/web\/wp-content\/uploads\/2026\/05\/DSC_1483-696x462.jpg 696w, https:\/\/radiobitacora.com.ar\/web\/wp-content\/uploads\/2026\/05\/DSC_1483-1068x709.jpg 1068w\" sizes=\"auto, (max-width: 4288px) 100vw, 4288px\" \/><\/p>\n<p data-start=\"1133\" data-end=\"1401\">Durante su visita a la Fiesta Nacional del Surub\u00ed, explic\u00f3 que junto a Prefectura Goya instalaron un stand institucional en el Predio Costa Surub\u00ed, adem\u00e1s de recorrer escuelas de Goya, Lavalle y Santa Luc\u00eda con el objetivo de difundir la oferta educativa de la fuerza.<\/p>\n<p data-start=\"1403\" data-end=\"1569\">\u201cEstamos brindando charlas e informaci\u00f3n sobre las escuelas de Prefectura y tambi\u00e9n realizando inscripciones para quienes quieran ingresar a la instituci\u00f3n\u201d, coment\u00f3.<\/p>\n<p data-start=\"1571\" data-end=\"1733\">Rodr\u00edguez detall\u00f3 que el proceso de inscripci\u00f3n ya se encuentra abierto y se realiza de manera online a trav\u00e9s de la p\u00e1gina oficial de Prefectura Naval Argentina.<\/p>\n<p data-start=\"1735\" data-end=\"2056\">La Escuela de Oficiales recibe postulantes de entre 17 y 22 a\u00f1os, mientras que la Escuela de Suboficiales acepta aspirantes de entre 17 y 27 a\u00f1os. Entre los requisitos principales se encuentran tener el secundario completo o estar cursando el \u00faltimo a\u00f1o sin adeudar materias, no poseer antecedentes penales y saber nadar.<\/p>\n<p data-start=\"2058\" data-end=\"2209\">\u201cEs fundamental saber nadar, adem\u00e1s de reunir la documentaci\u00f3n correspondiente y cumplir con los requisitos b\u00e1sicos que exige la instituci\u00f3n\u201d, explic\u00f3.<\/p>\n<p data-start=\"2211\" data-end=\"2425\">Durante la charla tambi\u00e9n se abord\u00f3 uno de los temas centrales de cada edici\u00f3n del Mundial de Pesca: la seguridad en la largada de lanchas, uno de los momentos m\u00e1s esperados pero tambi\u00e9n m\u00e1s delicados del concurso.<\/p>\n<p data-start=\"2427\" data-end=\"2606\">Rodr\u00edguez record\u00f3 su llegada a Goya en plena post pandemia, cuando el r\u00edo atravesaba una hist\u00f3rica bajante y la realizaci\u00f3n de la Fiesta Nacional del Surub\u00ed generaba muchas dudas.<\/p>\n<p data-start=\"2608\" data-end=\"2882\">\u201cRecuerdo que cuando fui designado como jefe de Prefectura, lo primero que hice fue buscar en YouTube la largada de lanchas. Me encontr\u00e9 con algo impresionante. Despu\u00e9s lleg\u00f3 aquella edici\u00f3n con el r\u00edo muy bajo y toda la incertidumbre por si se pod\u00eda realizar o no\u201d, relat\u00f3.<\/p>\n<p data-start=\"2884\" data-end=\"3054\">Sobre la actualidad del concurso, con m\u00e1s de 1.400 embarcaciones inscriptas, destac\u00f3 la necesidad de reforzar siempre la seguridad y la responsabilidad de los pescadores.<\/p>\n<p data-start=\"3056\" data-end=\"3262\">\u201cLa euforia no se puede terminar por una imprudencia. Es fundamental salir con chalecos colocados, seguir las indicaciones de los fiscales y mantener la atenci\u00f3n visual y auditiva en todo momento\u201d, remarc\u00f3.<\/p>\n<p data-start=\"3264\" data-end=\"3468\">Tambi\u00e9n advirti\u00f3 sobre la importancia de asegurar correctamente todos los elementos dentro de la embarcaci\u00f3n y de respetar la din\u00e1mica de la largada, especialmente para quienes participan por primera vez.<\/p>\n<p data-start=\"3470\" data-end=\"3611\">\u201cEl que no conoce puede subestimar la salida, pero el r\u00edo se mueve mucho y lo que no est\u00e1 bien asegurado puede perderse f\u00e1cilmente\u201d, explic\u00f3.<\/p>\n<p data-start=\"3613\" data-end=\"3871\">Rodr\u00edguez tambi\u00e9n valor\u00f3 el crecimiento sostenido de la Fiesta Nacional del Surub\u00ed y el impacto que genera en toda la ciudad, destacando no solo el movimiento tur\u00edstico y econ\u00f3mico, sino tambi\u00e9n el fuerte sentido de pertenencia que se vive durante esos d\u00edas.<\/p>\n<p data-start=\"3873\" data-end=\"4038\">Antes de despedirse, agradeci\u00f3 el cari\u00f1o recibido por los goyanos y destac\u00f3 el compromiso de los medios locales por acompa\u00f1ar a los pescadores y a toda la comunidad.<\/p>\n<p data-start=\"4040\" data-end=\"4193\" data-is-last-node=\"\" data-is-only-node=\"\">\u201cEstoy agradecido por esta oportunidad de contar lo que Prefectura puede brindarle a los j\u00f3venes y por el recibimiento que siempre me da Goya\u201d, concluy\u00f3.<\/p>\n<p data-start=\"4040\" data-end=\"4193\" data-is-last-node=\"\" data-is-only-node=\"\">Mira la nota completa :<\/p>\n<p data-start=\"4040\" data-end=\"4193\" data-is-last-node=\"\" data-is-only-node=\"\"><a href=\"https:\/\/www.youtube.com\/live\/agxK6Al2d1A?si=EtlaoIvtN4nObe-c\">https:\/\/www.youtube.com\/live\/agxK6Al2d1A?si=EtlaoIvtN4nObe-c<\/a><\/p>\n<div dir=\"auto\">FUENTE : Multiplataformas Radio, Tv y Streaming de Goya<\/div>\n<div dir=\"auto\">Producci\u00f3n General :<\/div>\n<div dir=\"auto\"><span class=\"html-span xdj266r x14z9mp xat24cr x1lziwak xexx8yu xyri2b x18d9i69 x1c1uobl x1hl2dhg x16tdsg8 x1vvkbs\"><a class=\"x1i10hfl xjbqb8w x1ejq31n x18oe1m7 x1sy0etr xstzfhl x972fbf x10w94by x1qhh985 x14e42zd x9f619 x1ypdohk xt0psk2 x3ct3a4 xdj266r x14z9mp xat24cr x1lziwak xexx8yu xyri2b x18d9i69 x1c1uobl x16tdsg8 x1hl2dhg xggy1nq x1a2a7pz xkrqix3 x1sur9pj x1fey0fg x1s688f\" tabindex=\"0\" role=\"link\" href=\"https:\/\/www.facebook.com\/sebastiansoler6?__cft__[0]=AZYk5xjEdBQJ1_5ZXSHvc2cIXzq7OmH7KiptWZm1I2GPbOacj4WaaRrvDXjfMxi05hi861im6xd3YJhU4n6q2HKjSvRrlpVmFU6UvOvhMElQXq1LQd9oGs4nQo5YDqEMAMYOZT_awn45g0uYOTtdoVHvVhkZW2X9BQ9cnDgFIzjJFYw2XQgwdwvV2_gGbMuPDt8&amp;__tn__=-]K-R\"><span class=\"xt0psk2\"><span class=\"xjp7ctv\">Sebastian Soler<\/span><\/span><\/a><\/span><\/div>\n","protected":false},"excerpt":{"rendered":"<p>En el marco del programa especial de Voces Callejeras por la 49\u00aa Fiesta Nacional del Surub\u00ed, realizado desde el local de REMAX frente al Predio Costa Surub\u00ed, el ex jefe de Prefectura Goya, Walter Rodr\u00edguez, visit\u00f3 el estudio m\u00f3vil y comparti\u00f3 su experiencia vinculada a la ciudad, su regreso a Goya y el trabajo actual [&hellip;]<\/p>\n","protected":false},"author":2,"featured_media":32983,"comment_status":"open","ping_status":"open","sticky":false,"template":"","format":"standard","meta":{"footnotes":""},"categories":[74],"tags":[],"class_list":{"0":"post-32980","1":"post","2":"type-post","3":"status-publish","4":"format-standard","5":"has-post-thumbnail","7":"category-bitacora-tv"},"_links":{"self":[{"href":"https:\/\/radiobitacora.com.ar\/web\/wp-json\/wp\/v2\/posts\/32980","targetHints":{"allow":["GET"]}}],"collection":[{"href":"https:\/\/radiobitacora.com.ar\/web\/wp-json\/wp\/v2\/posts"}],"about":[{"href":"https:\/\/radiobitacora.com.ar\/web\/wp-json\/wp\/v2\/types\/post"}],"author":[{"embeddable":true,"href":"https:\/\/radiobitacora.com.ar\/web\/wp-json\/wp\/v2\/users\/2"}],"replies":[{"embeddable":true,"href":"https:\/\/radiobitacora.com.ar\/web\/wp-json\/wp\/v2\/comments?post=32980"}],"version-history":[{"count":1,"href":"https:\/\/radiobitacora.com.ar\/web\/wp-json\/wp\/v2\/posts\/32980\/revisions"}],"predecessor-version":[{"id":32984,"href":"https:\/\/radiobitacora.com.ar\/web\/wp-json\/wp\/v2\/posts\/32980\/revisions\/32984"}],"wp:featuredmedia":[{"embeddable":true,"href":"https:\/\/radiobitacora.com.ar\/web\/wp-json\/wp\/v2\/media\/32983"}],"wp:attachment":[{"href":"https:\/\/radiobitacora.com.ar\/web\/wp-json\/wp\/v2\/media?parent=32980"}],"wp:term":[{"taxonomy":"category","embeddable":true,"href":"https:\/\/radiobitacora.com.ar\/web\/wp-json\/wp\/v2\/categories?post=32980"},{"taxonomy":"post_tag","embeddable":true,"href":"https:\/\/radiobitacora.com.ar\/web\/wp-json\/wp\/v2\/tags?post=32980"}],"curies":[{"name":"wp","href":"https:\/\/api.w.org\/{rel}","templated":true}]}}