{"id":32985,"date":"2026-05-02T03:53:14","date_gmt":"2026-05-02T06:53:14","guid":{"rendered":"https:\/\/radiobitacora.com.ar\/web\/?p=32985"},"modified":"2026-05-02T03:53:14","modified_gmt":"2026-05-02T06:53:14","slug":"voces-callejeras-surubi-pusuca-y-los-cumpas-viven-la-pasion-del-mundial-de-pesca-en-goya","status":"publish","type":"post","link":"https:\/\/radiobitacora.com.ar\/web\/2026\/05\/02\/voces-callejeras-surubi-pusuca-y-los-cumpas-viven-la-pasion-del-mundial-de-pesca-en-goya\/","title":{"rendered":"VOCES CALLEJERAS: SURUB\u00cd PUSUCA Y LOS CUMPAS VIVEN LA PASI\u00d3N DEL MUNDIAL DE PESCA EN GOYA"},"content":{"rendered":"<p data-start=\"93\" data-end=\"444\">En una nueva jornada del programa especial de Voces Callejeras por la 49\u00aa Fiesta Nacional del Surub\u00ed, transmitido desde el local de REMAX frente al Predio Costa Surub\u00ed, el equipo recibi\u00f3 a dos referentes del mundo pesquero: Gregorio Coni, de la hist\u00f3rica barra pesquera Surub\u00ed Pusuca, y Miguel Romero, integrante de la barra Los Cumpas de Reconquista.<\/p>\n<p data-start=\"446\" data-end=\"674\">Entre an\u00e9cdotas, recuerdos y la emoci\u00f3n previa a la largada de lanchas, ambos compartieron lo que significa vivir el Mundial de Pesca, una experiencia que para muchos pescadores se transforma en una verdadera pasi\u00f3n de por vida.<\/p>\n<p data-start=\"446\" data-end=\"674\"><img loading=\"lazy\" decoding=\"async\" class=\"aligncenter size-full wp-image-32986\" src=\"https:\/\/radiobitacora.com.ar\/web\/wp-content\/uploads\/2026\/05\/DSC_1495.jpg\" alt=\"\" width=\"4288\" height=\"2848\" srcset=\"https:\/\/radiobitacora.com.ar\/web\/wp-content\/uploads\/2026\/05\/DSC_1495.jpg 4288w, https:\/\/radiobitacora.com.ar\/web\/wp-content\/uploads\/2026\/05\/DSC_1495-632x420.jpg 632w, https:\/\/radiobitacora.com.ar\/web\/wp-content\/uploads\/2026\/05\/DSC_1495-696x462.jpg 696w, https:\/\/radiobitacora.com.ar\/web\/wp-content\/uploads\/2026\/05\/DSC_1495-1068x709.jpg 1068w\" sizes=\"auto, (max-width: 4288px) 100vw, 4288px\" \/><\/p>\n<p data-start=\"676\" data-end=\"843\">Gregorio Coni, con d\u00e9cadas de participaci\u00f3n en la Fiesta Nacional del Surub\u00ed, record\u00f3 sus primeros a\u00f1os dentro del concurso y la emoci\u00f3n \u00fanica que genera cada largada.<\/p>\n<p data-start=\"845\" data-end=\"1045\">\u201cDebo participar desde el a\u00f1o 1997 o 1998, y te aseguro que durante los primeros a\u00f1os lloraba en cada largada. La emoci\u00f3n de ver a la gente saludando, la adrenalina, todo eso es inenarrable\u201d, expres\u00f3.<\/p>\n<p data-start=\"1047\" data-end=\"1172\">Coni explic\u00f3 que, m\u00e1s all\u00e1 de los resultados deportivos, el verdadero valor del Mundial est\u00e1 en lo que genera emocionalmente.<\/p>\n<p data-start=\"1047\" data-end=\"1172\"><img loading=\"lazy\" decoding=\"async\" class=\"aligncenter size-full wp-image-32987\" src=\"https:\/\/radiobitacora.com.ar\/web\/wp-content\/uploads\/2026\/05\/DSC_1496.jpg\" alt=\"\" width=\"4288\" height=\"2848\" srcset=\"https:\/\/radiobitacora.com.ar\/web\/wp-content\/uploads\/2026\/05\/DSC_1496.jpg 4288w, https:\/\/radiobitacora.com.ar\/web\/wp-content\/uploads\/2026\/05\/DSC_1496-632x420.jpg 632w, https:\/\/radiobitacora.com.ar\/web\/wp-content\/uploads\/2026\/05\/DSC_1496-696x462.jpg 696w, https:\/\/radiobitacora.com.ar\/web\/wp-content\/uploads\/2026\/05\/DSC_1496-1068x709.jpg 1068w\" sizes=\"auto, (max-width: 4288px) 100vw, 4288px\" \/><\/p>\n<p data-start=\"1174\" data-end=\"1339\">\u201cDespu\u00e9s capaz no ten\u00e9s pique, no sac\u00e1s nada, termin\u00e1s diciendo \u2018nunca m\u00e1s vengo\u2019, pero al a\u00f1o siguiente sos el primero en inscribirte de vuelta\u201d, cont\u00f3 entre risas.<\/p>\n<p data-start=\"1341\" data-end=\"1552\">Tambi\u00e9n record\u00f3 uno de los logros m\u00e1s importantes de su barra: haber ganado una zona en el a\u00f1o 2007 y, especialmente, el orgullo de representar a Surub\u00ed Pusuca, una barra con fuerte historia dentro de la fiesta.<\/p>\n<p data-start=\"1554\" data-end=\"1780\">Uno de los momentos m\u00e1s destacados de la entrevista fue cuando relat\u00f3 la historia de la Copa Challenger, el importante trofeo que actualmente se entrega a las barras que logran tres campeonatos consecutivos o cinco alternados.<\/p>\n<p data-start=\"1782\" data-end=\"1959\">Coni revel\u00f3 que esa copa fue donada por Surub\u00ed Pusuca gracias a un premio econ\u00f3mico obtenido tras una de sus m\u00faltiples coronaciones como barra ganadora en la elecci\u00f3n de reinas.<\/p>\n<p data-start=\"1782\" data-end=\"1959\"><img loading=\"lazy\" decoding=\"async\" class=\"aligncenter size-full wp-image-32988\" src=\"https:\/\/radiobitacora.com.ar\/web\/wp-content\/uploads\/2026\/05\/DSC_1494.jpg\" alt=\"\" width=\"4288\" height=\"2848\" srcset=\"https:\/\/radiobitacora.com.ar\/web\/wp-content\/uploads\/2026\/05\/DSC_1494.jpg 4288w, https:\/\/radiobitacora.com.ar\/web\/wp-content\/uploads\/2026\/05\/DSC_1494-632x420.jpg 632w, https:\/\/radiobitacora.com.ar\/web\/wp-content\/uploads\/2026\/05\/DSC_1494-696x462.jpg 696w, https:\/\/radiobitacora.com.ar\/web\/wp-content\/uploads\/2026\/05\/DSC_1494-1068x709.jpg 1068w\" sizes=\"auto, (max-width: 4288px) 100vw, 4288px\" \/><\/p>\n<p data-start=\"1961\" data-end=\"2165\">\u201cNosotros tuvimos ocho reinas de la Fiesta Nacional del Surub\u00ed y seis fueron consecutivas. Con ese premio decidimos colaborar con la fiesta y compramos la Copa Challenger que hoy sigue en juego\u201d, explic\u00f3.<\/p>\n<p data-start=\"2167\" data-end=\"2386\">Actualmente, la barra Surub\u00ed Pusuca tambi\u00e9n se destaca por su gran participaci\u00f3n en la tradicional Pe\u00f1a de Pescadores, donde este a\u00f1o preparan m\u00e1s de 500 s\u00e1ndwiches de vac\u00edo desmechado para compartir con los pescadores.<\/p>\n<p data-start=\"2388\" data-end=\"2596\">\u201cEstamos cocinando desde temprano con tres discos y tres anafes. Hicimos 500 pancitos porque en nuestra barra somos 14 equipos y sabemos que despu\u00e9s todos terminan comiendo en nuestro box\u201d, coment\u00f3 con humor.<\/p>\n<p data-start=\"2598\" data-end=\"2816\">Por su parte, Miguel Romero, representante de la barra Los Cumpas de Reconquista, cont\u00f3 que ya lleva m\u00e1s de 15 a\u00f1os participando del Mundial y que llegar a Goya fue una de las mejores decisiones que tom\u00f3 como pescador.<\/p>\n<p data-start=\"2818\" data-end=\"2941\">\u201cNos dec\u00edan siempre que ten\u00edamos que conocer Goya y cuando vinimos por primera vez no dejamos nunca m\u00e1s de venir\u201d, asegur\u00f3.<\/p>\n<p data-start=\"2943\" data-end=\"3067\">Este a\u00f1o, la barra lleg\u00f3 con dos equipos, el n\u00famero m\u00e1s alto de su historia, y con grandes expectativas para la competencia.<\/p>\n<p data-start=\"3069\" data-end=\"3306\">Miguel record\u00f3 que su mejor resultado fue un segundo puesto en zona, aunque tambi\u00e9n destac\u00f3 importantes logros dentro de la previa y la alegr\u00eda de haber tenido a su hermano en el podio el a\u00f1o pasado con un segundo puesto por pieza mayor.<\/p>\n<p data-start=\"3308\" data-end=\"3464\">La entrevista dej\u00f3 en claro que m\u00e1s all\u00e1 de los premios, la Fiesta Nacional del Surub\u00ed se vive con pasi\u00f3n, camarader\u00eda y un profundo sentido de pertenencia.<\/p>\n<p data-start=\"3466\" data-end=\"3686\" data-is-last-node=\"\" data-is-only-node=\"\">Desde Voces Callejeras, una vez m\u00e1s, se reflej\u00f3 el esp\u00edritu que envuelve al Mundial de Pesca: la emoci\u00f3n de los pescadores, la historia de las barras y la tradici\u00f3n que convierte a Goya en la capital nacional del surub\u00ed.<\/p>\n<p data-start=\"3466\" data-end=\"3686\" data-is-last-node=\"\" data-is-only-node=\"\">Mira el vivo aca :<\/p>\n<p data-start=\"3466\" data-end=\"3686\" data-is-last-node=\"\" data-is-only-node=\"\"><a href=\"https:\/\/www.youtube.com\/live\/agxK6Al2d1A?si=gsO2Rbm2RYU4CfTB\">https:\/\/www.youtube.com\/live\/agxK6Al2d1A?si=gsO2Rbm2RYU4CfTB<\/a><\/p>\n<div dir=\"auto\">FUENTE : Multiplataformas Radio, Tv y Streaming de Goya<\/div>\n<div dir=\"auto\">Producci\u00f3n General :<\/div>\n<div dir=\"auto\"><span class=\"html-span xdj266r x14z9mp xat24cr x1lziwak xexx8yu xyri2b x18d9i69 x1c1uobl x1hl2dhg x16tdsg8 x1vvkbs\"><a class=\"x1i10hfl xjbqb8w x1ejq31n x18oe1m7 x1sy0etr xstzfhl x972fbf x10w94by x1qhh985 x14e42zd x9f619 x1ypdohk xt0psk2 x3ct3a4 xdj266r x14z9mp xat24cr x1lziwak xexx8yu xyri2b x18d9i69 x1c1uobl x16tdsg8 x1hl2dhg xggy1nq x1a2a7pz xkrqix3 x1sur9pj x1fey0fg x1s688f\" tabindex=\"0\" role=\"link\" href=\"https:\/\/www.facebook.com\/sebastiansoler6?__cft__[0]=AZYk5xjEdBQJ1_5ZXSHvc2cIXzq7OmH7KiptWZm1I2GPbOacj4WaaRrvDXjfMxi05hi861im6xd3YJhU4n6q2HKjSvRrlpVmFU6UvOvhMElQXq1LQd9oGs4nQo5YDqEMAMYOZT_awn45g0uYOTtdoVHvVhkZW2X9BQ9cnDgFIzjJFYw2XQgwdwvV2_gGbMuPDt8&amp;__tn__=-]K-R\"><span class=\"xt0psk2\"><span class=\"xjp7ctv\">Sebastian Soler<\/span><\/span><\/a><\/span><\/div>\n","protected":false},"excerpt":{"rendered":"<p>En una nueva jornada del programa especial de Voces Callejeras por la 49\u00aa Fiesta Nacional del Surub\u00ed, transmitido desde el local de REMAX frente al Predio Costa Surub\u00ed, el equipo recibi\u00f3 a dos referentes del mundo pesquero: Gregorio Coni, de la hist\u00f3rica barra pesquera Surub\u00ed Pusuca, y Miguel Romero, integrante de la barra Los Cumpas [&hellip;]<\/p>\n","protected":false},"author":2,"featured_media":32989,"comment_status":"open","ping_status":"open","sticky":false,"template":"","format":"standard","meta":{"footnotes":""},"categories":[74],"tags":[],"class_list":{"0":"post-32985","1":"post","2":"type-post","3":"status-publish","4":"format-standard","5":"has-post-thumbnail","7":"category-bitacora-tv"},"_links":{"self":[{"href":"https:\/\/radiobitacora.com.ar\/web\/wp-json\/wp\/v2\/posts\/32985","targetHints":{"allow":["GET"]}}],"collection":[{"href":"https:\/\/radiobitacora.com.ar\/web\/wp-json\/wp\/v2\/posts"}],"about":[{"href":"https:\/\/radiobitacora.com.ar\/web\/wp-json\/wp\/v2\/types\/post"}],"author":[{"embeddable":true,"href":"https:\/\/radiobitacora.com.ar\/web\/wp-json\/wp\/v2\/users\/2"}],"replies":[{"embeddable":true,"href":"https:\/\/radiobitacora.com.ar\/web\/wp-json\/wp\/v2\/comments?post=32985"}],"version-history":[{"count":1,"href":"https:\/\/radiobitacora.com.ar\/web\/wp-json\/wp\/v2\/posts\/32985\/revisions"}],"predecessor-version":[{"id":32990,"href":"https:\/\/radiobitacora.com.ar\/web\/wp-json\/wp\/v2\/posts\/32985\/revisions\/32990"}],"wp:featuredmedia":[{"embeddable":true,"href":"https:\/\/radiobitacora.com.ar\/web\/wp-json\/wp\/v2\/media\/32989"}],"wp:attachment":[{"href":"https:\/\/radiobitacora.com.ar\/web\/wp-json\/wp\/v2\/media?parent=32985"}],"wp:term":[{"taxonomy":"category","embeddable":true,"href":"https:\/\/radiobitacora.com.ar\/web\/wp-json\/wp\/v2\/categories?post=32985"},{"taxonomy":"post_tag","embeddable":true,"href":"https:\/\/radiobitacora.com.ar\/web\/wp-json\/wp\/v2\/tags?post=32985"}],"curies":[{"name":"wp","href":"https:\/\/api.w.org\/{rel}","templated":true}]}}