{"id":32991,"date":"2026-05-02T04:08:54","date_gmt":"2026-05-02T07:08:54","guid":{"rendered":"https:\/\/radiobitacora.com.ar\/web\/?p=32991"},"modified":"2026-05-02T04:09:03","modified_gmt":"2026-05-02T07:09:03","slug":"voces-callejeras-cerro-una-jornada-especial-en-modo-surubi-con-pescadores-invitados-y-mucha-expectativa","status":"publish","type":"post","link":"https:\/\/radiobitacora.com.ar\/web\/2026\/05\/02\/voces-callejeras-cerro-una-jornada-especial-en-modo-surubi-con-pescadores-invitados-y-mucha-expectativa\/","title":{"rendered":"VOCES CALLEJERAS CERR\u00d3 UNA JORNADA ESPECIAL EN MODO SURUB\u00cd CON PESCADORES, INVITADOS Y MUCHA EXPECTATIVA"},"content":{"rendered":"<p data-start=\"106\" data-end=\"403\">En una edici\u00f3n especial de Voces Callejeras, transmitido desde el local de Remax frente al predio Costa Surub\u00ed, el programa cerr\u00f3 una extensa jornada dedicada a la Fiesta Nacional del Surub\u00ed, con invitados especiales, pescadores y toda la previa de una de las noches m\u00e1s esperadas por los goyanos.<\/p>\n<p data-start=\"405\" data-end=\"709\">Uno de los protagonistas fue Pablo Vivaldo, quien este a\u00f1o vivir\u00e1 su primera experiencia como pescador en el Mundial de Pesca del Surub\u00ed. Con mucha emoci\u00f3n, cont\u00f3 que recibi\u00f3 la invitaci\u00f3n como una verdadera sorpresa y asegur\u00f3 que participar en esta competencia representa un sue\u00f1o para cualquier goyano.<img loading=\"lazy\" decoding=\"async\" class=\"aligncenter size-full wp-image-32992\" src=\"https:\/\/radiobitacora.com.ar\/web\/wp-content\/uploads\/2026\/05\/DSC_1506.jpg\" alt=\"\" width=\"4288\" height=\"2848\" srcset=\"https:\/\/radiobitacora.com.ar\/web\/wp-content\/uploads\/2026\/05\/DSC_1506.jpg 4288w, https:\/\/radiobitacora.com.ar\/web\/wp-content\/uploads\/2026\/05\/DSC_1506-632x420.jpg 632w, https:\/\/radiobitacora.com.ar\/web\/wp-content\/uploads\/2026\/05\/DSC_1506-696x462.jpg 696w, https:\/\/radiobitacora.com.ar\/web\/wp-content\/uploads\/2026\/05\/DSC_1506-1068x709.jpg 1068w\" sizes=\"auto, (max-width: 4288px) 100vw, 4288px\" \/><\/p>\n<p data-start=\"711\" data-end=\"865\">\u201cEs una emoci\u00f3n tremenda, incre\u00edble. Cuando me mandaste ese mensaje pens\u00e9 que era una broma, pero era verdad. Para todo goyano esto es un sue\u00f1o\u201d, expres\u00f3.<\/p>\n<p data-start=\"867\" data-end=\"1189\">Adem\u00e1s de prepararse para la pesca, Vivaldo present\u00f3 sus vinos \u201cPablo Vivaldo Wines\u201d, una propuesta que tambi\u00e9n se sum\u00f3 al esp\u00edritu surubicero con una edici\u00f3n especial para la 49\u00b0 Fiesta Nacional del Surub\u00ed. Se trata de \u201cSegundo Acto\u201d, una etiqueta que, seg\u00fan explic\u00f3, representa las segundas oportunidades que da la vida.<\/p>\n<p data-start=\"867\" data-end=\"1189\"><img loading=\"lazy\" decoding=\"async\" class=\"aligncenter size-full wp-image-32993\" src=\"https:\/\/radiobitacora.com.ar\/web\/wp-content\/uploads\/2026\/05\/DSC_1510.jpg\" alt=\"\" width=\"4288\" height=\"2848\" srcset=\"https:\/\/radiobitacora.com.ar\/web\/wp-content\/uploads\/2026\/05\/DSC_1510.jpg 4288w, https:\/\/radiobitacora.com.ar\/web\/wp-content\/uploads\/2026\/05\/DSC_1510-632x420.jpg 632w, https:\/\/radiobitacora.com.ar\/web\/wp-content\/uploads\/2026\/05\/DSC_1510-696x462.jpg 696w, https:\/\/radiobitacora.com.ar\/web\/wp-content\/uploads\/2026\/05\/DSC_1510-1068x709.jpg 1068w\" sizes=\"auto, (max-width: 4288px) 100vw, 4288px\" \/><\/p>\n<p data-start=\"1191\" data-end=\"1417\">El emprendedor coment\u00f3 que sus vinos estar\u00e1n presentes en la Pe\u00f1a de Pescadores y adelant\u00f3 que ya mantiene conversaciones con distintas barras pesqueras para realizar ediciones especiales de cara a la 50\u00b0 edici\u00f3n de la fiesta.<\/p>\n<p data-start=\"1419\" data-end=\"1658\">Tambi\u00e9n particip\u00f3 Marcos Giletta, broker de Remax de la oficina de San Francisco, C\u00f3rdoba, quien visit\u00f3 Goya para compartir esta celebraci\u00f3n y destac\u00f3 el impresionante movimiento tur\u00edstico y social que genera la Fiesta Nacional del Surub\u00ed.<\/p>\n<p data-start=\"1660\" data-end=\"1796\">\u201cLa ciudad se transforma completamente, es impresionante la cantidad de gente que convoca esta fiesta. Es algo realmente \u00fanico\u201d, se\u00f1al\u00f3.<\/p>\n<p data-start=\"1798\" data-end=\"1949\">Aunque no participar\u00e1 de la pesca este a\u00f1o, confirm\u00f3 que acompa\u00f1ar\u00e1 la largada desde la costa y no descart\u00f3 sumarse como pescador en futuras ediciones.<\/p>\n<p data-start=\"1951\" data-end=\"2249\">Durante el cierre del programa tambi\u00e9n se sumaron integrantes de barras pesqueras como \u201cEl Gordo y El Flaco\u201d, que llegan con 20 equipos y pescadores de distintos puntos del pa\u00eds como Chaco, Tucum\u00e1n, Buenos Aires y C\u00f3rdoba, reflejando el car\u00e1cter federal que a\u00f1o a a\u00f1o fortalece al Mundial de Pesca.<\/p>\n<p data-start=\"2251\" data-end=\"2526\">Fabian Nicoletti tambi\u00e9n comparti\u00f3 su entusiasmo por una nueva participaci\u00f3n en el concurso y destac\u00f3 la motivaci\u00f3n del equipo con el que competir\u00e1 este a\u00f1o, remarcando la importancia de disfrutar la experiencia y esperar que el clima acompa\u00f1e durante toda la noche de pesca.<\/p>\n<p data-start=\"2251\" data-end=\"2526\"><img loading=\"lazy\" decoding=\"async\" class=\"aligncenter size-full wp-image-32995\" src=\"https:\/\/radiobitacora.com.ar\/web\/wp-content\/uploads\/2026\/05\/DSC_1509.jpg\" alt=\"\" width=\"4288\" height=\"2848\" srcset=\"https:\/\/radiobitacora.com.ar\/web\/wp-content\/uploads\/2026\/05\/DSC_1509.jpg 4288w, https:\/\/radiobitacora.com.ar\/web\/wp-content\/uploads\/2026\/05\/DSC_1509-632x420.jpg 632w, https:\/\/radiobitacora.com.ar\/web\/wp-content\/uploads\/2026\/05\/DSC_1509-696x462.jpg 696w, https:\/\/radiobitacora.com.ar\/web\/wp-content\/uploads\/2026\/05\/DSC_1509-1068x709.jpg 1068w\" sizes=\"auto, (max-width: 4288px) 100vw, 4288px\" \/><\/p>\n<p data-start=\"2528\" data-end=\"2769\">La jornada tambi\u00e9n estuvo marcada por sorteos, interacci\u00f3n con el p\u00fablico y el gran clima festivo que se vive en las inmediaciones del predio Costa Surub\u00ed, donde pescadores, familias y visitantes ya disfrutan de la tradicional Noche de Pe\u00f1a.<\/p>\n<p data-start=\"2771\" data-end=\"2999\" data-is-last-node=\"\" data-is-only-node=\"\">Desde Voces Callejeras agradecieron a todos los invitados, al equipo de producci\u00f3n y especialmente a Remax por abrir las puertas de su oficina para realizar una transmisi\u00f3n especial en el coraz\u00f3n de la fiesta m\u00e1s grande de Goya.<\/p>\n<p data-start=\"2771\" data-end=\"2999\" data-is-last-node=\"\" data-is-only-node=\"\">mira el vivo aca :<\/p>\n<p data-start=\"2771\" data-end=\"2999\" data-is-last-node=\"\" data-is-only-node=\"\"><a href=\"https:\/\/www.youtube.com\/live\/agxK6Al2d1A?si=XcgGgaToiu21fh7h\">https:\/\/www.youtube.com\/live\/agxK6Al2d1A?si=XcgGgaToiu21fh7h<\/a><\/p>\n<div dir=\"auto\">FUENTE : Multiplataformas Radio, Tv y Streaming de Goya<\/div>\n<div dir=\"auto\">Producci\u00f3n General :<\/div>\n<div dir=\"auto\"><span class=\"html-span xdj266r x14z9mp xat24cr x1lziwak xexx8yu xyri2b x18d9i69 x1c1uobl x1hl2dhg x16tdsg8 x1vvkbs\"><a class=\"x1i10hfl xjbqb8w x1ejq31n x18oe1m7 x1sy0etr xstzfhl x972fbf x10w94by x1qhh985 x14e42zd x9f619 x1ypdohk xt0psk2 x3ct3a4 xdj266r x14z9mp xat24cr x1lziwak xexx8yu xyri2b x18d9i69 x1c1uobl x16tdsg8 x1hl2dhg xggy1nq x1a2a7pz xkrqix3 x1sur9pj x1fey0fg x1s688f\" tabindex=\"0\" role=\"link\" href=\"https:\/\/www.facebook.com\/sebastiansoler6?__cft__[0]=AZadW0X8OBhH86qZ79s3RKoMhQRCd814EA4ujMdH2a_ql30lXcdXV4Ln5mT9u3FCSvM-AwVNsu0X2UlCUMtMgesAcyC9HHquCMEFn6xreYj3yCncUMv60fc6dA1K0-qv5QlucU_U8V3XHGI_2Yu91CqG&amp;__tn__=-]K-R\"><span class=\"xt0psk2\"><span class=\"xjp7ctv\">Sebastian Soler<\/span><\/span><\/a><\/span><\/div>\n","protected":false},"excerpt":{"rendered":"<p>En una edici\u00f3n especial de Voces Callejeras, transmitido desde el local de Remax frente al predio Costa Surub\u00ed, el programa cerr\u00f3 una extensa jornada dedicada a la Fiesta Nacional del Surub\u00ed, con invitados especiales, pescadores y toda la previa de una de las noches m\u00e1s esperadas por los goyanos. Uno de los protagonistas fue Pablo [&hellip;]<\/p>\n","protected":false},"author":2,"featured_media":32994,"comment_status":"open","ping_status":"open","sticky":false,"template":"","format":"standard","meta":{"footnotes":""},"categories":[74],"tags":[],"class_list":{"0":"post-32991","1":"post","2":"type-post","3":"status-publish","4":"format-standard","5":"has-post-thumbnail","7":"category-bitacora-tv"},"_links":{"self":[{"href":"https:\/\/radiobitacora.com.ar\/web\/wp-json\/wp\/v2\/posts\/32991","targetHints":{"allow":["GET"]}}],"collection":[{"href":"https:\/\/radiobitacora.com.ar\/web\/wp-json\/wp\/v2\/posts"}],"about":[{"href":"https:\/\/radiobitacora.com.ar\/web\/wp-json\/wp\/v2\/types\/post"}],"author":[{"embeddable":true,"href":"https:\/\/radiobitacora.com.ar\/web\/wp-json\/wp\/v2\/users\/2"}],"replies":[{"embeddable":true,"href":"https:\/\/radiobitacora.com.ar\/web\/wp-json\/wp\/v2\/comments?post=32991"}],"version-history":[{"count":2,"href":"https:\/\/radiobitacora.com.ar\/web\/wp-json\/wp\/v2\/posts\/32991\/revisions"}],"predecessor-version":[{"id":32997,"href":"https:\/\/radiobitacora.com.ar\/web\/wp-json\/wp\/v2\/posts\/32991\/revisions\/32997"}],"wp:featuredmedia":[{"embeddable":true,"href":"https:\/\/radiobitacora.com.ar\/web\/wp-json\/wp\/v2\/media\/32994"}],"wp:attachment":[{"href":"https:\/\/radiobitacora.com.ar\/web\/wp-json\/wp\/v2\/media?parent=32991"}],"wp:term":[{"taxonomy":"category","embeddable":true,"href":"https:\/\/radiobitacora.com.ar\/web\/wp-json\/wp\/v2\/categories?post=32991"},{"taxonomy":"post_tag","embeddable":true,"href":"https:\/\/radiobitacora.com.ar\/web\/wp-json\/wp\/v2\/tags?post=32991"}],"curies":[{"name":"wp","href":"https:\/\/api.w.org\/{rel}","templated":true}]}}