{"id":36586,"date":"2026-08-29T23:53:13","date_gmt":"2026-08-30T02:53:13","guid":{"rendered":"https:\/\/radiobitacora.com.ar\/web\/?p=36586"},"modified":"2026-08-29T23:55:24","modified_gmt":"2026-08-30T02:55:24","slug":"voces-callejeras-maria-angeles-garcia-y-una-invitacion-a-expandirse-transformarse-y-crecer","status":"publish","type":"post","link":"https:\/\/radiobitacora.com.ar\/web\/2026\/08\/29\/voces-callejeras-maria-angeles-garcia-y-una-invitacion-a-expandirse-transformarse-y-crecer\/","title":{"rendered":"VOCES CALLEJERAS: MAR\u00cdA \u00c1NGELES GARC\u00cdA Y UNA INVITACI\u00d3N A EXPANDIRSE, TRANSFORMARSE Y CRECER"},"content":{"rendered":"<p class=\"isSelectedEnd\">En una nueva emisi\u00f3n de <strong>Voces Callejeras<\/strong>, realizada desde los estudios de Multiplataformas Bit\u00e1cora, Mar\u00eda \u00c1ngeles Garc\u00eda, especialista en Branding, mentora y creadora de <strong>Expand Day<\/strong>, comparti\u00f3 su mirada sobre las marcas personales, el crecimiento de los emprendimientos y la importancia de trabajar primero en uno mismo para poder transformar un negocio.<\/p>\n<p class=\"isSelectedEnd\">Garc\u00eda, oriunda de Buenos Aires y radicada en Goya, se defini\u00f3 como una persona apasionada por la gente y por las marcas, aunque remarc\u00f3 que su trabajo no define qui\u00e9n es. Para la especialista, uno de los primeros pasos para alcanzar cualquier objetivo es conectar con la propia identidad, reconocer qu\u00e9 se quiere y cu\u00e1l es el prop\u00f3sito personal.<\/p>\n<p class=\"isSelectedEnd\">Durante la entrevista destac\u00f3 que durante mucho tiempo estuvo enfocada en una carrera profesional vinculada al mundo corporativo, hasta que diferentes experiencias personales y su llegada a Goya la llevaron a replantearse sus prioridades y a decidirse por el camino del emprendedurismo.<\/p>\n<p><img loading=\"lazy\" decoding=\"async\" class=\"aligncenter size-full wp-image-36588\" src=\"https:\/\/radiobitacora.com.ar\/web\/wp-content\/uploads\/2026\/08\/WhatsApp-Image-2026-08-29-at-11.12.30-PM-1.jpeg\" alt=\"\" width=\"1280\" height=\"960\" srcset=\"https:\/\/radiobitacora.com.ar\/web\/wp-content\/uploads\/2026\/08\/WhatsApp-Image-2026-08-29-at-11.12.30-PM-1.jpeg 1280w, https:\/\/radiobitacora.com.ar\/web\/wp-content\/uploads\/2026\/08\/WhatsApp-Image-2026-08-29-at-11.12.30-PM-1-560x420.jpeg 560w, https:\/\/radiobitacora.com.ar\/web\/wp-content\/uploads\/2026\/08\/WhatsApp-Image-2026-08-29-at-11.12.30-PM-1-80x60.jpeg 80w, https:\/\/radiobitacora.com.ar\/web\/wp-content\/uploads\/2026\/08\/WhatsApp-Image-2026-08-29-at-11.12.30-PM-1-696x522.jpeg 696w, https:\/\/radiobitacora.com.ar\/web\/wp-content\/uploads\/2026\/08\/WhatsApp-Image-2026-08-29-at-11.12.30-PM-1-1068x801.jpeg 1068w, https:\/\/radiobitacora.com.ar\/web\/wp-content\/uploads\/2026\/08\/WhatsApp-Image-2026-08-29-at-11.12.30-PM-1-265x198.jpeg 265w\" sizes=\"auto, (max-width: 1280px) 100vw, 1280px\" \/><\/p>\n<p class=\"isSelectedEnd\">\u201cLas personas realmente crecen cuando conectan con quienes son\u201d, sostuvo, al explicar una de las ideas centrales que atraviesan su trabajo. En ese sentido, se\u00f1al\u00f3 que muchas veces las dificultades para avanzar en un negocio no est\u00e1n relacionadas directamente con cuestiones comerciales, sino con las propias creencias, miedos y limitaciones.<\/p>\n<p class=\"isSelectedEnd\">Para Garc\u00eda, la transformaci\u00f3n de una marca comienza por la transformaci\u00f3n de quien est\u00e1 detr\u00e1s de ella. Desde su perspectiva, actualmente las personas no compran solamente productos o servicios, sino tambi\u00e9n experiencias, soluciones, comunidad, pertenencia y confianza.<\/p>\n<p class=\"isSelectedEnd\">En este nuevo escenario, consider\u00f3 que una marca puede alcanzar una gran visibilidad en redes sociales y, sin embargo, no generar una verdadera conexi\u00f3n con su p\u00fablico. Por eso, plante\u00f3 que el desaf\u00edo actual del marketing no pasa \u00fanicamente por conseguir visibilidad, sino por generar resonancia y construir comunidades que compartan valores e intereses.<\/p>\n<p class=\"isSelectedEnd\">Tambi\u00e9n remarc\u00f3 la importancia de crecer en comunidad. Seg\u00fan explic\u00f3, el desarrollo de un emprendimiento no deber\u00eda pensarse de manera individual, sino entendiendo que cuando una persona, una marca o un negocio crece, tambi\u00e9n puede contribuir al crecimiento de quienes forman parte de su entorno.<\/p>\n<p><img loading=\"lazy\" decoding=\"async\" class=\"aligncenter size-full wp-image-36589\" src=\"https:\/\/radiobitacora.com.ar\/web\/wp-content\/uploads\/2026\/08\/WhatsApp-Image-2026-08-29-at-11.12.30-PM-1-1.jpeg\" alt=\"\" width=\"1280\" height=\"960\" srcset=\"https:\/\/radiobitacora.com.ar\/web\/wp-content\/uploads\/2026\/08\/WhatsApp-Image-2026-08-29-at-11.12.30-PM-1-1.jpeg 1280w, https:\/\/radiobitacora.com.ar\/web\/wp-content\/uploads\/2026\/08\/WhatsApp-Image-2026-08-29-at-11.12.30-PM-1-1-560x420.jpeg 560w, https:\/\/radiobitacora.com.ar\/web\/wp-content\/uploads\/2026\/08\/WhatsApp-Image-2026-08-29-at-11.12.30-PM-1-1-80x60.jpeg 80w, https:\/\/radiobitacora.com.ar\/web\/wp-content\/uploads\/2026\/08\/WhatsApp-Image-2026-08-29-at-11.12.30-PM-1-1-696x522.jpeg 696w, https:\/\/radiobitacora.com.ar\/web\/wp-content\/uploads\/2026\/08\/WhatsApp-Image-2026-08-29-at-11.12.30-PM-1-1-1068x801.jpeg 1068w, https:\/\/radiobitacora.com.ar\/web\/wp-content\/uploads\/2026\/08\/WhatsApp-Image-2026-08-29-at-11.12.30-PM-1-1-265x198.jpeg 265w\" sizes=\"auto, (max-width: 1280px) 100vw, 1280px\" \/><\/p>\n<h2>EXPAND DAY LLEGA A GOYA<\/h2>\n<p class=\"isSelectedEnd\">En este marco naci\u00f3 <strong>Expand Day<\/strong>, una jornada que Garc\u00eda decidi\u00f3 llevar adelante en Goya luego de participar durante a\u00f1os en diferentes eventos de capacitaci\u00f3n y desarrollo personal.<\/p>\n<p class=\"isSelectedEnd\">La propuesta surgi\u00f3 a partir de sus propias experiencias. Garc\u00eda cont\u00f3 que comenz\u00f3 asistiendo a eventos para crecer profesional y personalmente y que, en ese recorrido, conoci\u00f3 a personas que terminaron siendo referentes y mentores en su vida.<\/p>\n<p class=\"isSelectedEnd\">A partir de esas experiencias decidi\u00f3 reunir en Goya a diferentes especialistas y referentes para ofrecer una jornada de capacitaci\u00f3n, transformaci\u00f3n y conexi\u00f3n.<\/p>\n<p class=\"isSelectedEnd\">El evento abordar\u00e1 diferentes tem\u00e1ticas relacionadas con la transformaci\u00f3n personal, mentalidad, espiritualidad, negocios, marcas personales y entornos digitales. Tambi\u00e9n contar\u00e1 con espacios destinados al networking, con el objetivo de que los participantes puedan conocerse, intercambiar experiencias y generar nuevos v\u00ednculos.<\/p>\n<p class=\"isSelectedEnd\">Uno de los conceptos que atraves\u00f3 la entrevista fue la necesidad de \u201chackear la mente\u201d. Garc\u00eda explic\u00f3 que muchas veces el cerebro busca protegernos frente a aquello que interpreta como riesgoso o desconocido, generando miedos y resistencias ante los cambios.<\/p>\n<p class=\"isSelectedEnd\">Por eso, sostuvo que salir de la zona de confort implica animarse a hacer cosas diferentes y aprender a reconocer aquellas barreras internas que muchas veces impiden avanzar.<\/p>\n<h2>LA IMPORTANCIA DE ADAPTARSE AL NUEVO CONSUMIDOR<\/h2>\n<p class=\"isSelectedEnd\">Otro de los ejes planteados durante la entrevista fue el cambio en la manera de hacer negocios. Garc\u00eda se\u00f1al\u00f3 que los consumidores tienen hoy otros h\u00e1bitos y que los emprendimientos deben adaptarse a esa transformaci\u00f3n.<\/p>\n<p class=\"isSelectedEnd\">En ese sentido, destac\u00f3 la importancia de que los negocios no solamente tengan presencia f\u00edsica, sino tambi\u00e9n una \u201cvidriera online\u201d que les permita llegar a las personas donde actualmente pasan gran parte de su tiempo.<\/p>\n<p class=\"isSelectedEnd\">Para la especialista, no se trata de estar obligatoriamente en todas las redes sociales, sino de identificar d\u00f3nde se encuentra el p\u00fablico objetivo y desarrollar una estrategia que permita conectar con \u00e9l.<\/p>\n<p class=\"isSelectedEnd\">Tambi\u00e9n recomend\u00f3 conocer profundamente al cliente: saber qu\u00e9 necesita, qu\u00e9 le preocupa, qu\u00e9 sue\u00f1a y qu\u00e9 busca solucionar. A partir de ese conocimiento, una marca puede construir contenidos y propuestas que realmente tengan sentido para su comunidad.<\/p>\n<h2>UNA PROPUESTA PARA EMPRENDEDORES, PROFESIONALES Y ESTUDIANTES<\/h2>\n<p class=\"isSelectedEnd\">Garc\u00eda explic\u00f3 que Expand Day est\u00e1 pensado para personas con ideas, emprendedores, profesionales, empresarios, estudiantes y para todos aquellos que sienten que est\u00e1n preparados para dar un paso m\u00e1s y mirar sus proyectos desde otra perspectiva.<\/p>\n<p class=\"isSelectedEnd\">La jornada se realizar\u00e1 el <strong>12 de septiembre en el Club Social de Goya<\/strong>, con una propuesta que busca combinar capacitaci\u00f3n, experiencias, transformaci\u00f3n personal y networking.<\/p>\n<p class=\"isSelectedEnd\">Adem\u00e1s, el domingo se desarrollar\u00e1 la actividad denominada <strong>\u201cDomadores de Sombras\u201d<\/strong>, vinculada a procesos de transformaci\u00f3n y al abordaje de diferentes aspectos personales. Seg\u00fan explic\u00f3 Garc\u00eda, lo recaudado durante esa jornada ser\u00e1 destinado a una instituci\u00f3n de prevenci\u00f3n del suicidio, en el marco del D\u00eda Internacional de la Prevenci\u00f3n del Suicidio.<\/p>\n<p class=\"isSelectedEnd\">Para conocer m\u00e1s informaci\u00f3n e inscribirse, los interesados pueden buscar <strong>Expand Day<\/strong> en redes sociales y acceder a la informaci\u00f3n disponible en su sitio web.<\/p>\n<p class=\"isSelectedEnd\">La visita de Mar\u00eda \u00c1ngeles Garc\u00eda a <strong>Voces Callejeras<\/strong> dej\u00f3 como principal mensaje la importancia de animarse al cambio, trabajar sobre uno mismo y comprender que detr\u00e1s de cada emprendimiento existe una persona con una historia, una identidad y un prop\u00f3sito.<\/p>\n<p>Una invitaci\u00f3n a dejar de mirar solamente los l\u00edmites y comenzar a preguntarse qu\u00e9 es posible construir cuando existe decisi\u00f3n, trabajo y voluntad de crecer.<\/p>\n<p>Mira el programa completo aca :<\/p>\n<p><a href=\"https:\/\/www.youtube.com\/live\/I8A0UpAkygE?si=BfFdF-uodONGFnPa\">https:\/\/www.youtube.com\/live\/I8A0UpAkygE?si=BfFdF-uodONGFnPa<\/a><\/p>\n<div dir=\"auto\">FUENTE : Multiplataformas Radio, Tv y Streaming de Goya<\/div>\n<div dir=\"auto\">Producci\u00f3n General :<\/div>\n<div dir=\"auto\"><span class=\"html-span xdj266r x14z9mp xat24cr x1lziwak xexx8yu xyri2b x18d9i69 x1c1uobl x1hl2dhg x16tdsg8 x1vvkbs\"><a class=\"x1i10hfl xjbqb8w x1ejq31n x18oe1m7 x1sy0etr xstzfhl x972fbf x10w94by x1qhh985 x14e42zd x9f619 x1ypdohk xt0psk2 x3ct3a4 xdj266r x14z9mp xat24cr x1lziwak xexx8yu xyri2b x18d9i69 x1c1uobl x16tdsg8 x1hl2dhg xggy1nq x1a2a7pz xkrqix3 x1sur9pj x1fey0fg x1s688f\" tabindex=\"0\" role=\"link\" href=\"https:\/\/www.facebook.com\/sebastiansoler6?__cft__[0]=AZZ0Qm5JMIRMwpVaa0nHXL8zU92jvNH188Xu29MpIfvKxLi6CqIiBHLJRksD5dh-99TOip7RmCDoQpEf6YoicJBNiMyCt6xOYmFAsMhRiQzWsgb-Sjm6cOiramoRDoWKA92RjaIa-m7igiiU5WkLXnMQ&amp;__tn__=-]K-R\"><span class=\"xt0psk2\"><span class=\"xjp7ctv\">Sebastian Soler<\/span><\/span><\/a><\/span><\/div>\n","protected":false},"excerpt":{"rendered":"<p>En una nueva emisi\u00f3n de Voces Callejeras, realizada desde los estudios de Multiplataformas Bit\u00e1cora, Mar\u00eda \u00c1ngeles Garc\u00eda, especialista en Branding, mentora y creadora de Expand Day, comparti\u00f3 su mirada sobre las marcas personales, el crecimiento de los emprendimientos y la importancia de trabajar primero en uno mismo para poder transformar un negocio. Garc\u00eda, oriunda de [&hellip;]<\/p>\n","protected":false},"author":2,"featured_media":36587,"comment_status":"open","ping_status":"open","sticky":false,"template":"","format":"standard","meta":{"footnotes":""},"categories":[74],"tags":[],"class_list":["post-36586","post","type-post","status-publish","format-standard","has-post-thumbnail","category-bitacora-tv"],"_links":{"self":[{"href":"https:\/\/radiobitacora.com.ar\/web\/wp-json\/wp\/v2\/posts\/36586","targetHints":{"allow":["GET"]}}],"collection":[{"href":"https:\/\/radiobitacora.com.ar\/web\/wp-json\/wp\/v2\/posts"}],"about":[{"href":"https:\/\/radiobitacora.com.ar\/web\/wp-json\/wp\/v2\/types\/post"}],"author":[{"embeddable":true,"href":"https:\/\/radiobitacora.com.ar\/web\/wp-json\/wp\/v2\/users\/2"}],"replies":[{"embeddable":true,"href":"https:\/\/radiobitacora.com.ar\/web\/wp-json\/wp\/v2\/comments?post=36586"}],"version-history":[{"count":1,"href":"https:\/\/radiobitacora.com.ar\/web\/wp-json\/wp\/v2\/posts\/36586\/revisions"}],"predecessor-version":[{"id":36590,"href":"https:\/\/radiobitacora.com.ar\/web\/wp-json\/wp\/v2\/posts\/36586\/revisions\/36590"}],"wp:featuredmedia":[{"embeddable":true,"href":"https:\/\/radiobitacora.com.ar\/web\/wp-json\/wp\/v2\/media\/36587"}],"wp:attachment":[{"href":"https:\/\/radiobitacora.com.ar\/web\/wp-json\/wp\/v2\/media?parent=36586"}],"wp:term":[{"taxonomy":"category","embeddable":true,"href":"https:\/\/radiobitacora.com.ar\/web\/wp-json\/wp\/v2\/categories?post=36586"},{"taxonomy":"post_tag","embeddable":true,"href":"https:\/\/radiobitacora.com.ar\/web\/wp-json\/wp\/v2\/tags?post=36586"}],"curies":[{"name":"wp","href":"https:\/\/api.w.org\/{rel}","templated":true}]}}