{"id":36591,"date":"2026-08-30T00:17:51","date_gmt":"2026-08-30T03:17:51","guid":{"rendered":"https:\/\/radiobitacora.com.ar\/web\/?p=36591"},"modified":"2026-08-30T00:17:51","modified_gmt":"2026-08-30T03:17:51","slug":"voces-callejeras-tomas-solano-y-daiana-marquez-hablaron-sobre-entrenamiento-salud-y-los-desafios-de-tis-gym","status":"publish","type":"post","link":"https:\/\/radiobitacora.com.ar\/web\/2026\/08\/30\/voces-callejeras-tomas-solano-y-daiana-marquez-hablaron-sobre-entrenamiento-salud-y-los-desafios-de-tis-gym\/","title":{"rendered":"VOCES CALLEJERAS: TOM\u00c1S SOLANO Y DAIANA M\u00c1RQUEZ HABLARON SOBRE ENTRENAMIENTO, SALUD Y LOS DESAF\u00cdOS DE TIS GYM"},"content":{"rendered":"<p class=\"isSelectedEnd\">Tom\u00e1s Solano, profesor de Educaci\u00f3n F\u00edsica y propietario de TisGym, y Daiana M\u00e1rquez, tambi\u00e9n profesora de Educaci\u00f3n F\u00edsica e integrante del equipo del gimnasio, visitaron los estudios de Multiplataformas Bit\u00e1cora, donde participaron del programa \u201cVoces Callejeras\u201d y compartieron detalles sobre sus comienzos, las propuestas de entrenamiento y la importancia de incorporar la actividad f\u00edsica como un h\u00e1bito saludable.<\/p>\n<p class=\"isSelectedEnd\">Durante la entrevista, Daiana M\u00e1rquez cont\u00f3 que se recibi\u00f3 de profesora de Educaci\u00f3n F\u00edsica en 2017 y comenz\u00f3 dando clases de entrenamiento funcional de manera independiente. Con el crecimiento de sus grupos y el acompa\u00f1amiento de sus alumnos, surgi\u00f3 la posibilidad de trabajar junto a Tom\u00e1s Solano, dando inicio a una nueva etapa del proyecto.<\/p>\n<p><img loading=\"lazy\" decoding=\"async\" class=\"aligncenter size-full wp-image-36592\" src=\"https:\/\/radiobitacora.com.ar\/web\/wp-content\/uploads\/2026\/08\/WhatsApp-Image-2026-08-29-at-11.12.31-PM-1.jpeg\" alt=\"\" width=\"1280\" height=\"960\" srcset=\"https:\/\/radiobitacora.com.ar\/web\/wp-content\/uploads\/2026\/08\/WhatsApp-Image-2026-08-29-at-11.12.31-PM-1.jpeg 1280w, https:\/\/radiobitacora.com.ar\/web\/wp-content\/uploads\/2026\/08\/WhatsApp-Image-2026-08-29-at-11.12.31-PM-1-560x420.jpeg 560w, https:\/\/radiobitacora.com.ar\/web\/wp-content\/uploads\/2026\/08\/WhatsApp-Image-2026-08-29-at-11.12.31-PM-1-80x60.jpeg 80w, https:\/\/radiobitacora.com.ar\/web\/wp-content\/uploads\/2026\/08\/WhatsApp-Image-2026-08-29-at-11.12.31-PM-1-696x522.jpeg 696w, https:\/\/radiobitacora.com.ar\/web\/wp-content\/uploads\/2026\/08\/WhatsApp-Image-2026-08-29-at-11.12.31-PM-1-1068x801.jpeg 1068w, https:\/\/radiobitacora.com.ar\/web\/wp-content\/uploads\/2026\/08\/WhatsApp-Image-2026-08-29-at-11.12.31-PM-1-265x198.jpeg 265w\" sizes=\"auto, (max-width: 1280px) 100vw, 1280px\" \/><\/p>\n<p class=\"isSelectedEnd\">Por su parte, Solano relat\u00f3 que comenz\u00f3 el profesorado en 2017 y se recibi\u00f3 en 2021. Antes de dedicarse plenamente a la Educaci\u00f3n F\u00edsica, hab\u00eda estudiado Instrumentaci\u00f3n Quir\u00fargica, aunque con el tiempo descubri\u00f3 que su verdadera vocaci\u00f3n estaba vinculada al entrenamiento y la actividad f\u00edsica.<\/p>\n<p class=\"isSelectedEnd\">El proyecto TisGym comenz\u00f3 a consolidarse a partir del trabajo de ambos profesores, quienes decidieron unir sus grupos y experiencias. Desde entonces, el gimnasio fue ampliando su propuesta y actualmente cuenta con seis profesores: Tom\u00e1s Solano, Daiana M\u00e1rquez, Marco Sandoval, Omar Galeano, Vanessa Rivero y Federico Zabala.<\/p>\n<p class=\"isSelectedEnd\">TisGym ofrece diferentes alternativas de entrenamiento y funciona de lunes a s\u00e1bados, desde las 8 hasta las 22 horas. Entre las actividades se encuentran entrenamiento funcional, GAP, CrossFit, fuerza y circuitos, con distintos horarios para adaptarse a las posibilidades de quienes concurren.<\/p>\n<p class=\"isSelectedEnd\">Durante la charla tambi\u00e9n destacaron la importancia de adaptar los ejercicios a las condiciones y objetivos de cada persona. Explicaron que el entrenamiento no debe ser igual para todos y que resulta fundamental conocer previamente la situaci\u00f3n de cada alumno, sus antecedentes, posibles molestias y objetivos.<\/p>\n<p><img loading=\"lazy\" decoding=\"async\" class=\"aligncenter size-full wp-image-36593\" src=\"https:\/\/radiobitacora.com.ar\/web\/wp-content\/uploads\/2026\/08\/WhatsApp-Image-2026-08-29-at-11.12.32-PM.jpeg\" alt=\"\" width=\"1280\" height=\"960\" srcset=\"https:\/\/radiobitacora.com.ar\/web\/wp-content\/uploads\/2026\/08\/WhatsApp-Image-2026-08-29-at-11.12.32-PM.jpeg 1280w, https:\/\/radiobitacora.com.ar\/web\/wp-content\/uploads\/2026\/08\/WhatsApp-Image-2026-08-29-at-11.12.32-PM-560x420.jpeg 560w, https:\/\/radiobitacora.com.ar\/web\/wp-content\/uploads\/2026\/08\/WhatsApp-Image-2026-08-29-at-11.12.32-PM-80x60.jpeg 80w, https:\/\/radiobitacora.com.ar\/web\/wp-content\/uploads\/2026\/08\/WhatsApp-Image-2026-08-29-at-11.12.32-PM-696x522.jpeg 696w, https:\/\/radiobitacora.com.ar\/web\/wp-content\/uploads\/2026\/08\/WhatsApp-Image-2026-08-29-at-11.12.32-PM-1068x801.jpeg 1068w, https:\/\/radiobitacora.com.ar\/web\/wp-content\/uploads\/2026\/08\/WhatsApp-Image-2026-08-29-at-11.12.32-PM-265x198.jpeg 265w\" sizes=\"auto, (max-width: 1280px) 100vw, 1280px\" \/><\/p>\n<p class=\"isSelectedEnd\">Uno de los principales conceptos abordados fue la necesidad de abandonar determinados mitos relacionados con el ejercicio f\u00edsico. Los profesores remarcaron que transpirar m\u00e1s no significa necesariamente quemar m\u00e1s grasa, ya que una p\u00e9rdida r\u00e1pida de peso puede estar relacionada principalmente con la p\u00e9rdida de l\u00edquidos.<\/p>\n<p class=\"isSelectedEnd\">Tambi\u00e9n se\u00f1alaron que realizar \u00fanicamente ejercicios cardiovasculares no es la \u00fanica estrategia para mejorar la composici\u00f3n corporal y destacaron el papel del entrenamiento de fuerza. En este sentido, explicaron que el trabajo muscular puede contribuir al fortalecimiento de m\u00fasculos y huesos y complementar otras modalidades de entrenamiento.<\/p>\n<p class=\"isSelectedEnd\">Otro de los puntos destacados fue la importancia de la constancia. Daiana M\u00e1rquez se\u00f1al\u00f3 que muchas personas comienzan el gimnasio buscando principalmente un cambio est\u00e9tico, pero con el tiempo descubren otros beneficios vinculados al bienestar, la disciplina, la reducci\u00f3n del estr\u00e9s y la posibilidad de reservar un momento del d\u00eda para s\u00ed mismas.<\/p>\n<p class=\"isSelectedEnd\">Los profesores tambi\u00e9n remarcaron que el acompa\u00f1amiento personalizado es fundamental. A pesar de trabajar con grupos, aseguraron que buscan conocer a cada alumno y adaptar los ejercicios cuando es necesario, teniendo en cuenta la edad, el nivel de entrenamiento y las posibilidades individuales.<\/p>\n<p><img loading=\"lazy\" decoding=\"async\" class=\"aligncenter size-full wp-image-36594\" src=\"https:\/\/radiobitacora.com.ar\/web\/wp-content\/uploads\/2026\/08\/WhatsApp-Image-2026-08-29-at-11.12.31-PM-2.jpeg\" alt=\"\" width=\"1280\" height=\"960\" srcset=\"https:\/\/radiobitacora.com.ar\/web\/wp-content\/uploads\/2026\/08\/WhatsApp-Image-2026-08-29-at-11.12.31-PM-2.jpeg 1280w, https:\/\/radiobitacora.com.ar\/web\/wp-content\/uploads\/2026\/08\/WhatsApp-Image-2026-08-29-at-11.12.31-PM-2-560x420.jpeg 560w, https:\/\/radiobitacora.com.ar\/web\/wp-content\/uploads\/2026\/08\/WhatsApp-Image-2026-08-29-at-11.12.31-PM-2-80x60.jpeg 80w, https:\/\/radiobitacora.com.ar\/web\/wp-content\/uploads\/2026\/08\/WhatsApp-Image-2026-08-29-at-11.12.31-PM-2-696x522.jpeg 696w, https:\/\/radiobitacora.com.ar\/web\/wp-content\/uploads\/2026\/08\/WhatsApp-Image-2026-08-29-at-11.12.31-PM-2-1068x801.jpeg 1068w, https:\/\/radiobitacora.com.ar\/web\/wp-content\/uploads\/2026\/08\/WhatsApp-Image-2026-08-29-at-11.12.31-PM-2-265x198.jpeg 265w\" sizes=\"auto, (max-width: 1280px) 100vw, 1280px\" \/><\/p>\n<p class=\"isSelectedEnd\">En la entrevista tambi\u00e9n hubo lugar para el humor y las an\u00e9cdotas sobre la convivencia entre los distintos grupos y horarios de TisGym. Los invitados contaron cu\u00e1les son algunos de los ejercicios que generan mayor resistencia entre los alumnos, entre ellos los burpees, mientras que tambi\u00e9n compartieron cu\u00e1les son sus movimientos y entrenamientos preferidos.<\/p>\n<p class=\"isSelectedEnd\">Finalmente, Tom\u00e1s Solano y Daiana M\u00e1rquez invitaron a quienes quieran comenzar a entrenar a acercarse al gimnasio y encontrar una actividad que se adapte a sus necesidades.<\/p>\n<p>La entrevista se realiz\u00f3 en los estudios de Multiplataformas Bit\u00e1cora, en el marco del programa \u201cVoces Callejeras\u201d, donde los profesores compartieron su experiencia y destacaron el crecimiento de TisGym como un espacio destinado a promover la actividad f\u00edsica, la salud y el bienestar.<\/p>\n<p>Mira la entrevista completa aca :<\/p>\n<p><a href=\"https:\/\/www.youtube.com\/live\/I8A0UpAkygE?si=7Y3VhYA9ESvf0j4y\">https:\/\/www.youtube.com\/live\/I8A0UpAkygE?si=7Y3VhYA9ESvf0j4y<\/a><\/p>\n<div dir=\"auto\">FUENTE : Multiplataformas Radio, Tv y Streaming de Goya<\/div>\n<div dir=\"auto\">Producci\u00f3n General :<\/div>\n<div dir=\"auto\"><span class=\"html-span xdj266r x14z9mp xat24cr x1lziwak xexx8yu xyri2b x18d9i69 x1c1uobl x1hl2dhg x16tdsg8 x1vvkbs\"><a class=\"x1i10hfl xjbqb8w x1ejq31n x18oe1m7 x1sy0etr xstzfhl x972fbf x10w94by x1qhh985 x14e42zd x9f619 x1ypdohk xt0psk2 x3ct3a4 xdj266r x14z9mp xat24cr x1lziwak xexx8yu xyri2b x18d9i69 x1c1uobl x16tdsg8 x1hl2dhg xggy1nq x1a2a7pz xkrqix3 x1sur9pj x1fey0fg x1s688f\" tabindex=\"0\" role=\"link\" href=\"https:\/\/www.facebook.com\/sebastiansoler6?__cft__[0]=AZYWGduV9HO9X_i-aUqQAybx_eNtvd6PDZxaUjCsjjlZMTqO72wKgPW72WV6M20TXW3TU3v8x87sBRmlD1_QMs_XVOIIwFmm9-njA6kvABhuJ5CGQufIfYN3r5zY_m2LH4DyhFyswaXu1Cv2PmZnDasIUa50sjkZmuMu-aK4i6EmxNxW0tbUk0rMwQgAqOZPivI&amp;__tn__=-]K-R\"><span class=\"xt0psk2\"><span class=\"xjp7ctv\">Sebastian Soler<\/span><\/span><\/a><\/span><\/div>\n","protected":false},"excerpt":{"rendered":"<p>Tom\u00e1s Solano, profesor de Educaci\u00f3n F\u00edsica y propietario de TisGym, y Daiana M\u00e1rquez, tambi\u00e9n profesora de Educaci\u00f3n F\u00edsica e integrante del equipo del gimnasio, visitaron los estudios de Multiplataformas Bit\u00e1cora, donde participaron del programa \u201cVoces Callejeras\u201d y compartieron detalles sobre sus comienzos, las propuestas de entrenamiento y la importancia de incorporar la actividad f\u00edsica como [&hellip;]<\/p>\n","protected":false},"author":2,"featured_media":36595,"comment_status":"open","ping_status":"open","sticky":false,"template":"","format":"standard","meta":{"footnotes":""},"categories":[74],"tags":[],"class_list":["post-36591","post","type-post","status-publish","format-standard","has-post-thumbnail","category-bitacora-tv"],"_links":{"self":[{"href":"https:\/\/radiobitacora.com.ar\/web\/wp-json\/wp\/v2\/posts\/36591","targetHints":{"allow":["GET"]}}],"collection":[{"href":"https:\/\/radiobitacora.com.ar\/web\/wp-json\/wp\/v2\/posts"}],"about":[{"href":"https:\/\/radiobitacora.com.ar\/web\/wp-json\/wp\/v2\/types\/post"}],"author":[{"embeddable":true,"href":"https:\/\/radiobitacora.com.ar\/web\/wp-json\/wp\/v2\/users\/2"}],"replies":[{"embeddable":true,"href":"https:\/\/radiobitacora.com.ar\/web\/wp-json\/wp\/v2\/comments?post=36591"}],"version-history":[{"count":1,"href":"https:\/\/radiobitacora.com.ar\/web\/wp-json\/wp\/v2\/posts\/36591\/revisions"}],"predecessor-version":[{"id":36596,"href":"https:\/\/radiobitacora.com.ar\/web\/wp-json\/wp\/v2\/posts\/36591\/revisions\/36596"}],"wp:featuredmedia":[{"embeddable":true,"href":"https:\/\/radiobitacora.com.ar\/web\/wp-json\/wp\/v2\/media\/36595"}],"wp:attachment":[{"href":"https:\/\/radiobitacora.com.ar\/web\/wp-json\/wp\/v2\/media?parent=36591"}],"wp:term":[{"taxonomy":"category","embeddable":true,"href":"https:\/\/radiobitacora.com.ar\/web\/wp-json\/wp\/v2\/categories?post=36591"},{"taxonomy":"post_tag","embeddable":true,"href":"https:\/\/radiobitacora.com.ar\/web\/wp-json\/wp\/v2\/tags?post=36591"}],"curies":[{"name":"wp","href":"https:\/\/api.w.org\/{rel}","templated":true}]}}