{"id":36610,"date":"2026-08-31T17:47:20","date_gmt":"2026-08-31T20:47:20","guid":{"rendered":"https:\/\/radiobitacora.com.ar\/web\/?p=36610"},"modified":"2026-08-31T17:47:20","modified_gmt":"2026-08-31T20:47:20","slug":"a-29-anos-de-la-muerte-de-lady-di-6-revelaciones-ineditas-de-su-confidente-argentino","status":"publish","type":"post","link":"https:\/\/radiobitacora.com.ar\/web\/2026\/08\/31\/a-29-anos-de-la-muerte-de-lady-di-6-revelaciones-ineditas-de-su-confidente-argentino\/","title":{"rendered":"A 29 a\u00f1os de la muerte de Lady Di: 6 revelaciones in\u00e9ditas de su confidente argentino"},"content":{"rendered":"<p class=\"wp-block-paragraph\">\u201cYo disfrut\u00e9 la fortuna de vivir al lado de la mujer del siglo XX y una de las m\u00e1s importantes de la historia de la Humanidad. Alguien que me ense\u00f1\u00f3 que si vos sos feliz, hay que ayudar al otro a que tambi\u00e9n lo sea\u201d. As\u00ed se presenta\u00a0<strong>Roberto Augusto Devori<\/strong>k, porte\u00f1o de nacimiento, verborr\u00e1gico y memorioso, que el 4 de abril cumpli\u00f3 77 a\u00f1os. Habla cinco lenguas y desde los 20 reside en el exterior, donde adem\u00e1s de codearse con las celebrities m\u00e1s inabordables, fue asesor y confidente de la princesa de Gales, antes de que se casara con Carlos y hasta el accidente que acababa con su vida.<\/p>\n<div id=\"ad-slot-video_outstream\" class=\"ad-slot ad-slot-video_outstream\" data-backend-inserted=\"true\" data-adtype=\"video_outstream\" data-google-query-id=\"CL7wpe7dy5YDFa43uQYd4r4aLw\">\n<div id=\"google_ads_iframe_\/22254771232\/gente_nota\/video_outstream_0__container__\"><iframe id=\"google_ads_iframe_\/22254771232\/gente_nota\/video_outstream_0\" tabindex=\"0\" title=\"Contenido de anuncios de terceros\" name=\"google_ads_iframe_\/22254771232\/gente_nota\/video_outstream_0\" width=\"1\" height=\"1\" frameborder=\"0\" marginwidth=\"0\" marginheight=\"0\" scrolling=\"no\" aria-label=\"Anuncio\" data-load-complete=\"true\" data-google-container-id=\"2\" data-mce-fragment=\"1\"><\/iframe><\/div>\n<\/div>\n<p class=\"wp-block-paragraph\">\u201c&#8230; Pero en Argentina pareciera que no podemos colaborar en tal prop\u00f3sito, trabajar en equipo m\u00e1s all\u00e1 del f\u00fatbol o los deportes:\u00a0<strong>ac\u00e1 hay un individualismo de bolsillo tremendo<\/strong>. Por eso no viv\u00ed ni vivo ac\u00e1, te soy muy sincero\u201d, agrega desde su departamento de Recoleta, casi como si lanzara una declaraci\u00f3n de principios. Y en esencia lo es. En primera persona y para Revista GENTE, cuando la \u201cprincesa del pueblo\u201d transitar\u00eda su cumplea\u00f1os n\u00famero 65 y pasaron 29 de su muerte,\u00a0<strong>el caballero de porte se\u00f1orial y voz altisonante desanda las incre\u00edbles historias que comparti\u00f3 junto a Diana<\/strong>.<\/p>\n<div class=\"st-inarticle-slot\"><\/div>\n<h2 class=\"wp-block-heading has-text-align-center has-vivid-red-color has-text-color has-link-color wp-elements-4b74e8470c1d158c9cf0add63f987b02\">I: &#8220;QUIERO PRESENTARTE A LA FUTURA REINA DE INGLATERRA&#8221;<\/h2>\n<div class=\"wp-block-image\">\n<figure class=\"aligncenter size-full\"><img loading=\"lazy\" decoding=\"async\" class=\"wp-image-530152\" src=\"https:\/\/www.revistagente.com\/wp-content\/uploads\/2024\/08\/GENTE-DEVORIK-43.jpg.webp\" alt=\"Roberto Devorik\" width=\"1772\" height=\"1182\" \/><figcaption class=\"wp-element-caption\">Roberto naci\u00f3 el 4 de abril de 1949 en la ciudad de Buenos Aires y es hijo de Emma Saint-Felix y Roberto Arturo y hermano de Mar\u00eda Marta Devorik de Benito. Primero fue su asesor de vestuario de Diana Frances Spencer, luego, tambi\u00e9n confidente.\u00a0Aqu\u00ed, durante una gala en honor al bailar\u00edn Mikhail Baryshnikov.<\/figcaption><\/figure>\n<\/div>\n<p class=\"wp-block-paragraph\">&#8220;Como si hubiese sucedido ayer, recuerdo puntillosamente aquel d\u00eda de 1980 en Londres. Yo era due\u00f1o de una docena de tiendas que vend\u00edan creaciones de grandes dise\u00f1adores de la \u00e9poca -y de otros que todav\u00eda no lo eran- cuando son\u00f3 el tel\u00e9fono en mi oficina de Bond Street. Al otro lado estaba Beatrix Miller, la legendaria editora de Vogue inglesa. Me dijo, casi sin respirar:\u00a0<strong>&#8216;\u00a1Ten\u00e9s que venir ac\u00e1 ya!&#8217;.<\/strong>\u00a0Yo estaba con abogados cerrando un contrato para abrir dos boutiques de Gianni Versace, que reci\u00e9n empezaba su carrera. Dud\u00e9, pero ella insisti\u00f3 tanto que me disculp\u00e9 con todos y cruc\u00e9 las cuatro cuadras que nos separaban.\u00a0<strong>Al entrar, vi a Beatrix junto a una chica muy alta, de aspecto t\u00edmido, que me observaba con atenci\u00f3n.<\/strong>\u00a0Pens\u00e9 que se trataba de una asistente. Pregunt\u00e9 qu\u00e9 pasaba, y Beatrix respondi\u00f3 con calma: &#8216;No, no. Es que quiero presentarte a la futura reina de Inglaterra&#8217; Esa joven era Diana Spencer. Charlamos m\u00e1s de una hora, y pronto Felicity Clark, directora de Vogue, me pidi\u00f3 que ayudara a la joven en la construcci\u00f3n de su imagen de cara a su compromiso y boda. Acept\u00e9 sin dudar.\u00a0<strong>No fui el \u00fanico en esa tarea, pero s\u00ed el \u00fanico que se volvi\u00f3 su confidente<\/strong>\u201d.<\/p>\n<div id=\"ad-slot-wide_2\" class=\"ad-slot-wide_big ad-slot ad-m-tall\" data-backend-inserted=\"true\" data-adtype=\"wide_big\" data-lazyload=\"1\" data-google-query-id=\"CNTykoHey5YDFWU1uQYdnTYLng\">\n<div id=\"google_ads_iframe_\/22254771232\/gente_nota\/wide_2_0__container__\"><\/div>\n<\/div>\n<p class=\"wp-block-paragraph\"><strong>\u2013\u00bfQu\u00e9 se acuerda de aquellas primeras charlas?<br \/>\n<\/strong>\u2013Que ella no ten\u00eda idea de la moda. Diana fue aprendiendo conmigo como yo aprend\u00ed protocolo a su lado.<\/p>\n<h2 class=\"wp-block-heading has-text-align-center has-vivid-red-color has-text-color has-link-color wp-elements-a4e6e11bf00af5c2c6f7b3fd203df080\">II: &#8220;AQUEL PERFUME CON SU NOMBRE QUE NUNCA PUDO SALIR&#8221;<\/h2>\n<div class=\"wp-block-image\">\n<figure class=\"aligncenter size-full\"><img loading=\"lazy\" decoding=\"async\" class=\"wp-image-530115\" src=\"https:\/\/www.revistagente.com\/wp-content\/uploads\/2024\/08\/GENTE-DEVORIK-6.jpg.webp\" alt=\"Roberto Devorik\" width=\"1182\" height=\"1772\" \/><figcaption class=\"wp-element-caption\">La cucharita con las plumas convertidas en el emblema de los pr\u00edncipes de Gales. Un obsequio de Diana. Devorik la conserva en su departamento de Recoleta -que visita dos veces al a\u00f1o-, rodeado de fotos y recuerdos.<\/figcaption><\/figure>\n<\/div>\n<p id=\"block-f49d40c3-6c11-4515-b322-42e8ec4c9342\" class=\"wp-block-paragraph\">&#8220;Con Diana \u00edbamos a hacer algo extraordinario: un perfume que se llamar\u00eda Children of the World( Ni\u00f1os del mundo),\u00a0<strong>con especies fusionadas de pa\u00edses en desarrollo, como Argentina, Per\u00fa, Afganist\u00e1n<\/strong>. El proyecto iba a estar en manos de Est\u00e9e Lauder. La botella la dise\u00f1\u00e9 yo: un globo terr\u00e1queo, con la tierra opaca y el mar cristal, coronado por un tap\u00f3n con plumas. Representaba a Diana. El plan era que ella donara sus regal\u00edas a la caridad y yo ganara algo.\u00a0<strong>El primer a\u00f1o estim\u00e1bamos una venta por cuatro o cinco millones de d\u00f3lares.<\/strong> Pero tras el divorcio, como ella no pod\u00eda ganar plata con algo as\u00ed, todo qued\u00f3 en la nada. Y despu\u00e9s muri\u00f3&#8221;.<\/p>\n<p id=\"block-f49d40c3-6c11-4515-b322-42e8ec4c9342\" class=\"wp-block-paragraph\"><strong>\u2013\u00bfNunca lo pudo reflotar?<br \/>\n<\/strong>\u2013Ped\u00ed que me devolvieran todo, incluso mis dibujos, pero la Corona se neg\u00f3. Se lo qued\u00f3 ella.<\/p>\n<h2 class=\"wp-block-heading has-text-align-center has-vivid-red-color has-text-color has-link-color wp-elements-ad63d8b09ba39d8c272d8806f5d9bcca\">III: &#8220;EL TEL\u00c9FONO ROJO DE KENSINGTON&#8221;<\/h2>\n<div class=\"wp-block-image\">\n<figure class=\"aligncenter size-full\"><img loading=\"lazy\" decoding=\"async\" class=\"wp-image-530123\" src=\"https:\/\/www.revistagente.com\/wp-content\/uploads\/2024\/08\/GENTE-DEVORIK-15.jpg.webp\" alt=\"Roberto Devorik\" width=\"1182\" height=\"1772\" \/><figcaption class=\"wp-element-caption\">Consejero todo terreno (incluyendo la moda), Roberto adem\u00e1s construy\u00f3 una gran amistad con la princesa.<\/figcaption><\/figure>\n<\/div>\n<p class=\"wp-block-paragraph\">&#8220;Con Diana la comunicaci\u00f3n era constante. Ten\u00edamos un tel\u00e9fono interno, que funcionaba como l\u00ednea privada.\u00a0<strong>Ella levantaba el tubo en Kensington Palace y sonaba directamente en mi casa.\u00a0<\/strong>Lo usaba a cualquier hora, sin horarios ni protocolos: de madrugada, a media ma\u00f1ana, en plena tarde. A veces llamaba s\u00f3lo para re\u00edrse, para compartir un chisme, para desahogarse. Ese &#8216;tel\u00e9fono rojo&#8217; fue nuestro cord\u00f3n umbilical durante muchos a\u00f1os. Recuerdo noches enteras hablando de sus hijos, de la presi\u00f3n de la prensa, de su soledad en un matrimonio que la sofocaba. No eran charlas de princesa, sino de amiga. Me ped\u00eda consejos y se lo daba. Y cuando yo estaba abatido, era ella quien me levantaba el \u00e1nimo. Ese canal secreto nos permiti\u00f3 construir una intimidad \u00fanica, imposible de entender desde afuera.\u00a0<strong>La gente piensa en la princesa como un \u00edcono distante, pero yo la conoc\u00ed como una mujer de carne y hueso que necesitaba compa\u00f1\u00eda, alguien que la escuchara sin juzgarla.<\/strong> Ese tel\u00e9fono no era un lujo, era su refugio&#8221;.<\/p>\n<div id=\"botr_Ur9p2XWq_Oscw874o_div\" class=\"jwplayer jw-reset jw-state-paused jw-stretch-uniform jw-flag-aspect-mode jw-flag-cast-available jw-breakpoint-4 jw-flag-user-inactive\" tabindex=\"0\" role=\"application\" aria-label=\"Video Player - Roberto Devorik, el tele\u0301fono rojo y los micr\u00f3fonos que vigilaban a Lady Di\" aria-describedby=\"jw-botr_Ur9p2XWq_Oscw874o_div-shortcuts-tooltip-explanation\">\n<div class=\"jw-wrapper jw-reset\">\n<div class=\"jw-controls jw-reset\">\n<div class=\"jw-controlbar jw-reset\">\n<div class=\"jw-reset jw-button-container\">\n<div class=\"jw-icon jw-icon-inline jw-button-color jw-reset jw-icon-fullscreen\" tabindex=\"0\" role=\"button\" aria-label=\"Pantalla Completa\"><\/div>\n<\/div>\n<\/div>\n<\/div>\n<\/div>\n<\/div>\n<p class=\"wp-block-paragraph\"><strong>\u2013\u00bfY qu\u00e9 pasaba si llamaba cuando usted no estaba?<br \/>\n<\/strong>\u2013Me dejaba mensajes eternos, como cartas habladas. Y siempre terminaba con un \u201cte quiero\u201d.<\/p>\n<h2 class=\"wp-block-heading has-text-align-center has-vivid-red-color has-text-color has-link-color wp-elements-e1a390baa6a977b3fc4ab5af327bb064\">IV: &#8220;LA CUENTA REGRESIVA A SU SEPARACI\u00d3N DEL PRINCIPE CARLOS Y LA DIANA SEMI SOBRENATURAL&#8221;<\/h2>\n<div class=\"wp-block-image\">\n<figure class=\"aligncenter size-full\"><img loading=\"lazy\" decoding=\"async\" class=\"wp-image-530136\" src=\"https:\/\/www.revistagente.com\/wp-content\/uploads\/2024\/08\/GENTE-DEVORIK-26.jpg.webp\" alt=\"Roberto Devorik\" width=\"1772\" height=\"1182\" \/><figcaption class=\"wp-element-caption\">Con Carlos, futuro rey, cuando era marido de Diana, despu\u00e9s de jugar la Copa Cartier en las canchas de polo del Castillo de Windsor.<\/figcaption><\/figure>\n<\/div>\n<p class=\"wp-block-paragraph\">&#8220;Antes del anuncio oficial de su separaci\u00f3n, le consult\u00e9: &#8216;\u00bfCu\u00e1ndo vas a dar a conocer la noticia?&#8217;. &#8216;\u00bfVos cu\u00e1ndo te embarc\u00e1s rumbo a Buenos Aires?&#8217;, me pregunt\u00f3 ella a m\u00ed. &#8216;Ma\u00f1ana a la noche&#8217;, le dije. En Ezeiza me esperaban fot\u00f3grafos y periodistas. Yo no hice ning\u00fan comentario hasta hablar con Diana&#8230; Tres a\u00f1os despu\u00e9s, en 1995,\u00a0<strong>cuando vino a nuestro pa\u00eds, ya estaba separada y divorciada<\/strong>. En medio de otro estallido medi\u00e1tico, tom\u00f3 el avi\u00f3n hacia ac\u00e1 apenas sali\u00f3 al aire de la CBC, el 20 de noviembre, aquella exclusiva que le concedi\u00f3 al periodista Martin Bashir, del ciclo\u00a0Panorama, detallando las presiones transitadas durante su tiempo en la monarqu\u00eda brit\u00e1nica, de la que ya no formaba parte. La noche previa a que vini\u00e9ramos hubo una gala a la que la acompa\u00f1\u00e9: extraordinaria, en su ex casa, Spencer House, que ahora pertenece al gobierno. Estando ah\u00ed sali\u00f3 aquel programa. En ese momento Suzy Menkes, una de las m\u00e1s grandes periodistas inglesas me pidi\u00f3, para\u00a0Times: \u201cRoberto, fue una bomba la que lanz\u00f3. Necesito hablar con ella.\u201d Diana me pregunt\u00f3 si lo hac\u00eda, le dije que s\u00ed, que era una persona muy seria. Acept\u00f3. Apenas Menkes le pregunt\u00f3 si con todo lo que estaba pasando no le daba temor esa noche viajar a Argentina, ella contest\u00f3:\u00a0<strong>\u201cCuando en la vida uno dice la verdad, \u00bfpor qu\u00e9 tener miedo?\u201d.<\/strong>\u00a0Son esas cosas que uno aprende al lado de alguien semi sobrenatural como Diana&#8221;.<br \/>\n<strong>\u2013\u00bfQu\u00e9 le dej\u00f3 aquella frase?<br \/>\n<\/strong>\u2013Una lecci\u00f3n de vida. Con ella uno aprend\u00eda a cada instante.<\/p>\n<div id=\"ad-slot-wide_4\" class=\"ad-slot-wide_big ad-slot ad-m-tall\" data-backend-inserted=\"true\" data-adtype=\"wide_big\" data-lazyload=\"1\" data-google-query-id=\"CKH4r4Xey5YDFQ4BuQYd-TYL2g\">\n<div id=\"google_ads_iframe_\/22254771232\/gente_nota\/wide_4_0__container__\"><\/div>\n<\/div>\n<h2 class=\"wp-block-heading has-text-align-center has-vivid-red-color has-text-color has-link-color wp-elements-036b3a607ebaff18e7542c39c8e185ca\">V: &#8220;UN CAF\u00c9 CON INDIANA JONES&#8221;<\/h2>\n<div class=\"wp-block-image\">\n<figure class=\"aligncenter size-large\"><img decoding=\"async\" class=\"wp-image-530139\" src=\"https:\/\/www.revistagente.com\/wp-content\/uploads\/2024\/08\/GENTE-DEVORIK-29-683x1024.jpg.webp\" alt=\"Roberto Devorik\" \/><figcaption class=\"wp-element-caption\">Risas de confianza entre Lady Di y Devorik, en una gala.<\/figcaption><\/figure>\n<\/div>\n<p class=\"wp-block-paragraph\">&#8220;Harrison Ford viaj\u00f3 a Londres desde Estados Unidos para la premi\u00e8re de una de sus pel\u00edculas. Diana no asisti\u00f3 porque hab\u00eda demasiada convulsi\u00f3n medi\u00e1tica:\u00a0<strong>ya se sab\u00eda que su matrimonio con Carlos estaba en crisis y manten\u00eda una relaci\u00f3n con Camilla Parker Bowles<\/strong>. Ella, a quien la princesa apodaba &#8216;el Rottweiler&#8217;, era el gran fantasma en su vida de casada. Yo mismo, con algo de humor, la llamaba &#8216;Mister Ed&#8217;, por el caballo que habla en la serie de televisi\u00f3n de los sesenta. En medio de esa tormenta, aconsejamos a Diana no exponerse en la alfombra roja. Sin embargo, se produjo un encuentro inesperado. Se encontraron en una peque\u00f1a cafeter\u00eda de Holland Park, muy cerca de donde viv\u00edamos. Diana siempre hab\u00eda tenido debilidad por Harrison Ford. Le fascinaba como actor y lo admiraba como hombre, aunque jam\u00e1s lo hab\u00eda visto en persona. Esa tarde, frente a un caf\u00e9, Indiana Jones en persona la salud\u00f3 con una sonrisa.\u00a0<strong>No hubo fot\u00f3grafos, no hubo testigos indiscretos. Se trat\u00f3 de un momento \u00edntimo, breve, simp\u00e1tico.\u00a0<\/strong>Ella nunca tuvo &#8216;amores imposibles&#8217;, como muchos titulares sugirieron despu\u00e9s: simplemente tuvo amores, a secas. Y si bien le encantaba Harrison, era consciente de que con la prensa encima no pod\u00eda permitirse una aventura m\u00e1s. \u00c9l fue correcto, un caballero, y ella lo disfrut\u00f3 como quien cumple un sue\u00f1o fugaz&#8221;.<\/p>\n<div id=\"ad-slot-wide_5\" class=\"ad-slot-wide ad-slot\" data-backend-inserted=\"true\" data-adtype=\"wide\" data-lazyload=\"1\" data-google-query-id=\"CJ3g5Ybey5YDFWU3uQYdwjUI5w\">\n<div id=\"google_ads_iframe_\/22254771232\/gente_nota\/wide_5_0__container__\"><\/div>\n<\/div>\n<p class=\"wp-block-paragraph\"><strong>\u2013\u00bfIndiana Jones se port\u00f3 bien con ella o la invit\u00f3 a alguna aventura?<br \/>\n<\/strong>\u2013Indiana se port\u00f3 bien (risas). Era una mujer con la que no te pod\u00edas portar mal porque no te daba chance.<\/p>\n<h2 class=\"wp-block-heading has-text-align-center has-vivid-red-color has-text-color has-link-color wp-elements-3ea3e03525ab75ac3eeb281cde99069f\">VI: &#8220;EL D\u00cdA QUE ENTEND\u00cd POR QU\u00c9 ERA LA PRINCESA DEL PUEBLO&#8221;<\/h2>\n<div class=\"wp-block-image\">\n<figure class=\"aligncenter size-full\"><img loading=\"lazy\" decoding=\"async\" class=\"wp-image-530146\" src=\"https:\/\/www.revistagente.com\/wp-content\/uploads\/2024\/08\/GENTE-DEVORIK-36.jpg.webp\" alt=\"Roberto Devorik\" width=\"1182\" height=\"1772\" \/><figcaption class=\"wp-element-caption\">Siempre al lado de Lady Di, a quien conoci\u00f3 en 1980, antes de que fuera princesa, y llor\u00f3 cuando parti\u00f3 el 31 de agosto de 1997, a los 36 a\u00f1os, luego de que el auto que la trasladaba chocara, huyendo de la prensa, en el parisino Puente del Alma franc\u00e9s. Roberto atesora su correspondencia y sus salutaciones.<\/figcaption><\/figure>\n<\/div>\n<p class=\"wp-block-paragraph\">&#8220;En los Setenta, Giovanni Leone, presidente de Italia, nos invit\u00f3 a una gala en el Palacio Farnesio de Roma. De salida, bajando las escaleras, vimos a dos chicas j\u00f3venes con guardapolvos manchados de rojo.\u00a0<strong>Asustada, Diana me pidi\u00f3 que averig\u00fce. Me explicaron que no era sangre, sino salsa de tomate de la pasta que hab\u00edamos comido.\u00a0<\/strong>Le cont\u00e9 a Diana. Ella se acerc\u00f3, me pidi\u00f3 que traduzca y les dijo: &#8216;Quer\u00eda felicitarlas por la linda noche que pasamos gracias a lo que ustedes cocinaron&#8217;. Ese gesto la defin\u00eda. Los grandes te ense\u00f1an que todos somos iguales. El respeto era su medida.<br \/>\n<strong>\u2013\u00bfEse fue el d\u00eda que entendi\u00f3 lo de \u201cprincesa del pueblo\u201d?<br \/>\n<\/strong>\u2013S\u00ed. Porque no cambi\u00f3 jam\u00e1s. Ella trataba con la misma dignidad a un rey y a la cocinera que le preparaba la comida.<\/p>\n","protected":false},"excerpt":{"rendered":"<p>\u201cYo disfrut\u00e9 la fortuna de vivir al lado de la mujer del siglo XX y una de las m\u00e1s importantes de la historia de la Humanidad. Alguien que me ense\u00f1\u00f3 que si vos sos feliz, hay que ayudar al otro a que tambi\u00e9n lo sea\u201d. As\u00ed se presenta\u00a0Roberto Augusto Devorik, porte\u00f1o de nacimiento, verborr\u00e1gico y [&hellip;]<\/p>\n","protected":false},"author":2,"featured_media":36611,"comment_status":"open","ping_status":"open","sticky":false,"template":"","format":"standard","meta":{"footnotes":""},"categories":[67],"tags":[],"class_list":["post-36610","post","type-post","status-publish","format-standard","has-post-thumbnail","category-espectaculo"],"_links":{"self":[{"href":"https:\/\/radiobitacora.com.ar\/web\/wp-json\/wp\/v2\/posts\/36610","targetHints":{"allow":["GET"]}}],"collection":[{"href":"https:\/\/radiobitacora.com.ar\/web\/wp-json\/wp\/v2\/posts"}],"about":[{"href":"https:\/\/radiobitacora.com.ar\/web\/wp-json\/wp\/v2\/types\/post"}],"author":[{"embeddable":true,"href":"https:\/\/radiobitacora.com.ar\/web\/wp-json\/wp\/v2\/users\/2"}],"replies":[{"embeddable":true,"href":"https:\/\/radiobitacora.com.ar\/web\/wp-json\/wp\/v2\/comments?post=36610"}],"version-history":[{"count":1,"href":"https:\/\/radiobitacora.com.ar\/web\/wp-json\/wp\/v2\/posts\/36610\/revisions"}],"predecessor-version":[{"id":36612,"href":"https:\/\/radiobitacora.com.ar\/web\/wp-json\/wp\/v2\/posts\/36610\/revisions\/36612"}],"wp:featuredmedia":[{"embeddable":true,"href":"https:\/\/radiobitacora.com.ar\/web\/wp-json\/wp\/v2\/media\/36611"}],"wp:attachment":[{"href":"https:\/\/radiobitacora.com.ar\/web\/wp-json\/wp\/v2\/media?parent=36610"}],"wp:term":[{"taxonomy":"category","embeddable":true,"href":"https:\/\/radiobitacora.com.ar\/web\/wp-json\/wp\/v2\/categories?post=36610"},{"taxonomy":"post_tag","embeddable":true,"href":"https:\/\/radiobitacora.com.ar\/web\/wp-json\/wp\/v2\/tags?post=36610"}],"curies":[{"name":"wp","href":"https:\/\/api.w.org\/{rel}","templated":true}]}}