{"id":36613,"date":"2026-08-31T18:06:26","date_gmt":"2026-08-31T21:06:26","guid":{"rendered":"https:\/\/radiobitacora.com.ar\/web\/?p=36613"},"modified":"2026-08-31T18:06:26","modified_gmt":"2026-08-31T21:06:26","slug":"juegos-correntinos-2026-goya-presente-en-intercolegiales-de-atletismo","status":"publish","type":"post","link":"https:\/\/radiobitacora.com.ar\/web\/2026\/08\/31\/juegos-correntinos-2026-goya-presente-en-intercolegiales-de-atletismo\/","title":{"rendered":"JUEGOS CORRENTINOS 2026 Goya presente en intercolegiales de Atletismo"},"content":{"rendered":"<p>Por Fernando Lopez Torres.<\/p>\n<p>Juegos Correntinos<br \/>\nLos Juegos Correntinos 2026 incluyen competencias de atletismo dentro de su programa provincial para j\u00f3venes y deporte adaptado.<br \/>\nEst\u00e1 organizado por el Gobierno de la Provincia de Corrientes a trav\u00e9s de la Secretar\u00eda de Deportes.<br \/>\nParticipan m\u00e1s de 70 municipios en cuatro etapas (local, subzonal, zonal y provincial) entre abril y octubre.<br \/>\nIncluye diferentes Disciplinas y el atletismo forma parte de las m\u00faltiples opciones deportivas destinadas a la etapa juvenil y adaptada.<\/p>\n<p><img loading=\"lazy\" decoding=\"async\" class=\"aligncenter size-full wp-image-36614\" src=\"https:\/\/radiobitacora.com.ar\/web\/wp-content\/uploads\/2026\/08\/Captura-de-pantalla-2026-08-31-175335.png\" alt=\"\" width=\"288\" height=\"455\" srcset=\"https:\/\/radiobitacora.com.ar\/web\/wp-content\/uploads\/2026\/08\/Captura-de-pantalla-2026-08-31-175335.png 288w, https:\/\/radiobitacora.com.ar\/web\/wp-content\/uploads\/2026\/08\/Captura-de-pantalla-2026-08-31-175335-266x420.png 266w\" sizes=\"auto, (max-width: 288px) 100vw, 288px\" \/><\/p>\n<p>Facundo L\u00f3pez<br \/>\nSalto en largo y salto triple<\/p>\n<p>Destacada actuaci\u00f3n de Atletas goyanos<br \/>\nLos atletas de Goya lograron una destacada actuaci\u00f3n en la instancia zonal de atletismo de los Juegos Correntinos disputada en Bella Vista, posicion\u00e1ndose nuevamente como la delegaci\u00f3n con mayor cantidad de clasificados hacia la instancia provincial.<\/p>\n<p>Delegaci\u00f3n de Goya:<br \/>\nLANZAMIENTOS<br \/>\n* Ana Paula Fernandez, Martillo.<br \/>\n* Maria Ortiz, Martillo y Bala.<br \/>\n* Cosme Garc\u00eda, Disco.<br \/>\n* Marcos Ordu\u00f1a, Martillo.<br \/>\n* Ludmila Nu\u00f1ez, Disco<br \/>\n* Brenda Gallardo, Disco<br \/>\n* Elio Godoy, Bala<\/p>\n<p>&nbsp;<\/p>\n<p><img loading=\"lazy\" decoding=\"async\" class=\"aligncenter size-full wp-image-36617\" src=\"https:\/\/radiobitacora.com.ar\/web\/wp-content\/uploads\/2026\/08\/Captura-de-pantalla-2026-08-31-175718-2.png\" alt=\"\" width=\"308\" height=\"470\" srcset=\"https:\/\/radiobitacora.com.ar\/web\/wp-content\/uploads\/2026\/08\/Captura-de-pantalla-2026-08-31-175718-2.png 308w, https:\/\/radiobitacora.com.ar\/web\/wp-content\/uploads\/2026\/08\/Captura-de-pantalla-2026-08-31-175718-2-275x420.png 275w\" sizes=\"auto, (max-width: 308px) 100vw, 308px\" \/><\/p>\n<p>Entrenamiento de salidas de velocidad con tacos.<\/p>\n<p>&nbsp;<\/p>\n<p>SALTOS<br \/>\n* Facundo L\u00f3pez, Largo<\/p>\n<p><img loading=\"lazy\" decoding=\"async\" class=\"aligncenter size-full wp-image-36618\" src=\"https:\/\/radiobitacora.com.ar\/web\/wp-content\/uploads\/2026\/08\/Captura-de-pantalla-2026-08-31-180023.png\" alt=\"\" width=\"296\" height=\"437\" srcset=\"https:\/\/radiobitacora.com.ar\/web\/wp-content\/uploads\/2026\/08\/Captura-de-pantalla-2026-08-31-180023.png 296w, https:\/\/radiobitacora.com.ar\/web\/wp-content\/uploads\/2026\/08\/Captura-de-pantalla-2026-08-31-180023-284x420.png 284w\" sizes=\"auto, (max-width: 296px) 100vw, 296px\" \/><\/p>\n<p>Francesca Torres<br \/>\n600 y 2000mts<\/p>\n<p>PISTA<br \/>\nFondo 600m. y 2.000 m.<br \/>\n* Mar\u00eda Emilia Bejarano.<br \/>\n* Francesca Torres.<br \/>\n* Alex Fern\u00e1ndez.<br \/>\nVelocidad 200m.<br \/>\n* Benjam\u00edn Gonz\u00e1lez.<\/p>\n<p><img loading=\"lazy\" decoding=\"async\" class=\"aligncenter size-full wp-image-36619\" src=\"https:\/\/radiobitacora.com.ar\/web\/wp-content\/uploads\/2026\/08\/Captura-de-pantalla-2026-08-31-180243.png\" alt=\"\" width=\"292\" height=\"468\" srcset=\"https:\/\/radiobitacora.com.ar\/web\/wp-content\/uploads\/2026\/08\/Captura-de-pantalla-2026-08-31-180243.png 292w, https:\/\/radiobitacora.com.ar\/web\/wp-content\/uploads\/2026\/08\/Captura-de-pantalla-2026-08-31-180243-262x420.png 262w\" sizes=\"auto, (max-width: 292px) 100vw, 292px\" \/><\/p>\n<p>Maria Ortiz.<br \/>\nLanzamiento de martillo<\/p>\n<p>En comunicaci\u00f3n con el Profesor Germ\u00e1n S\u00e1nchez, titular de la Escuela Municipal de Atletismo y principal impulsor de \u00e9sta disciplina en la ciudad nos di\u00f3 algunas referencias:<br \/>\n&#8220;\u00c9ste a\u00f1o el atletismo en nuestra ciudad est\u00e1 atravesado por un proceso de recambio generacional, Ana Paula Fernandez es la \u00fanica atleta que tiene experiencia previa en competencias de \u00e9stas caracter\u00edsticas. El resto van por primera vez a un provincial.<br \/>\nCabe destacar que Ana Paula es subcampeona nacional en lanzamiento de martillo categor\u00eda sub-16.<br \/>\nEn nuestra ciudad se viene desarrollando muy bien el \u00e1rea de lanzamientos, tanto en martillo, como en bala y disco.<br \/>\nEn lo que se refiere a pista, se hace lo que se puede, teniendo en cuenta que no tenemos una infraestructura adecuada para un desarrollo correcto de la actividad en lo que tiene que ver con Velocidad y Fondo.<br \/>\nA pesar de los inconvenientes nuestra Escuela de Atletismo est\u00e1 muy bien posicionada a nivel nacional y siempre se logran buenos resultados.&#8221;<\/p>\n<p>Recambio generacional<br \/>\nLos j\u00f3venes atletas que fueron los que se iniciaron con la Escuela Municipal de Atletismo, hoy est\u00e1n terminando sus estudios secundarios y resulta bastante dif\u00edcil que puedan continuar en \u00e9sta disciplina, una vez que llegan a categor\u00eda de sub-18 o sub-20 a\u00f1os.<br \/>\nEst\u00e1 problem\u00e1tica tambi\u00e9n sucede en las grandes ciudades, ya que las j\u00f3venes promesas buscan deportes mejores remunerados como por ejemplo el f\u00fatbol, rugby, b\u00e1squet o voley.<\/p>\n<p>Es un gran desaf\u00edo para los entrenadores y dirigentes y sobre todo para las autoridades municipales, provinciales y nacionales lograr que el Atletismo logre desarrollarse como deber\u00eda en nuestro medio.<\/p>\n","protected":false},"excerpt":{"rendered":"<p>Por Fernando Lopez Torres. Juegos Correntinos Los Juegos Correntinos 2026 incluyen competencias de atletismo dentro de su programa provincial para j\u00f3venes y deporte adaptado. Est\u00e1 organizado por el Gobierno de la Provincia de Corrientes a trav\u00e9s de la Secretar\u00eda de Deportes. Participan m\u00e1s de 70 municipios en cuatro etapas (local, subzonal, zonal y provincial) entre [&hellip;]<\/p>\n","protected":false},"author":2,"featured_media":36620,"comment_status":"open","ping_status":"open","sticky":false,"template":"","format":"standard","meta":{"footnotes":""},"categories":[78],"tags":[],"class_list":["post-36613","post","type-post","status-publish","format-standard","has-post-thumbnail","category-deportes"],"_links":{"self":[{"href":"https:\/\/radiobitacora.com.ar\/web\/wp-json\/wp\/v2\/posts\/36613","targetHints":{"allow":["GET"]}}],"collection":[{"href":"https:\/\/radiobitacora.com.ar\/web\/wp-json\/wp\/v2\/posts"}],"about":[{"href":"https:\/\/radiobitacora.com.ar\/web\/wp-json\/wp\/v2\/types\/post"}],"author":[{"embeddable":true,"href":"https:\/\/radiobitacora.com.ar\/web\/wp-json\/wp\/v2\/users\/2"}],"replies":[{"embeddable":true,"href":"https:\/\/radiobitacora.com.ar\/web\/wp-json\/wp\/v2\/comments?post=36613"}],"version-history":[{"count":1,"href":"https:\/\/radiobitacora.com.ar\/web\/wp-json\/wp\/v2\/posts\/36613\/revisions"}],"predecessor-version":[{"id":36621,"href":"https:\/\/radiobitacora.com.ar\/web\/wp-json\/wp\/v2\/posts\/36613\/revisions\/36621"}],"wp:featuredmedia":[{"embeddable":true,"href":"https:\/\/radiobitacora.com.ar\/web\/wp-json\/wp\/v2\/media\/36620"}],"wp:attachment":[{"href":"https:\/\/radiobitacora.com.ar\/web\/wp-json\/wp\/v2\/media?parent=36613"}],"wp:term":[{"taxonomy":"category","embeddable":true,"href":"https:\/\/radiobitacora.com.ar\/web\/wp-json\/wp\/v2\/categories?post=36613"},{"taxonomy":"post_tag","embeddable":true,"href":"https:\/\/radiobitacora.com.ar\/web\/wp-json\/wp\/v2\/tags?post=36613"}],"curies":[{"name":"wp","href":"https:\/\/api.w.org\/{rel}","templated":true}]}}