{"id":36622,"date":"2026-09-02T08:50:10","date_gmt":"2026-09-02T11:50:10","guid":{"rendered":"https:\/\/radiobitacora.com.ar\/web\/?p=36622"},"modified":"2026-09-02T08:50:10","modified_gmt":"2026-09-02T11:50:10","slug":"el-gobierno-busca-contener-el-malestar-social-sin-abandonar-la-disciplina-fiscal","status":"publish","type":"post","link":"https:\/\/radiobitacora.com.ar\/web\/2026\/09\/02\/el-gobierno-busca-contener-el-malestar-social-sin-abandonar-la-disciplina-fiscal\/","title":{"rendered":"El Gobierno busca contener el malestar social sin abandonar la disciplina fiscal"},"content":{"rendered":"<p class=\"paragraph\" data-paragraph-number=\"1\" data-mrf-recirculation=\"Links inline\">Hace una semana, el presidente\u00a0<a title=\"https:\/\/www.infobae.com\/tag\/javier-milei\/\" href=\"https:\/\/www.infobae.com\/tag\/javier-milei\/\" target=\"_blank\" rel=\"noopener noreferrer\" data-mrf-link=\"https:\/\/www.infobae.com\/tag\/javier-milei\/\"><b>Javier Milei<\/b><\/a><b>\u00a0<\/b>reclam\u00f3 a sus ministros que salieran a defender la gesti\u00f3n. Hablar de las bondades del modelo. Quien tom\u00f3 la lanza fue\u00a0<b>Federico Sturzenegger<\/b>, ministro de desregulaci\u00f3n. Tras una columna dominical donde defendi\u00f3 cada paso de la tarea realizada, Milei la utiliz\u00f3 de ejemplo para debatir internamente c\u00f3mo \u201cbancar la parada\u201d frente a lo que el mandatario considera un sinf\u00edn de operaciones.<\/p>\n<p class=\"paragraph\" data-paragraph-number=\"2\" data-mrf-recirculation=\"Links inline\">Hay una suerte de obsesi\u00f3n por la comunicaci\u00f3n. Casi como un ejercicio de coaching, se lanz\u00f3 la frase: \u201cLa gente no llega a fin de mes\u201d. Y se busc\u00f3 salir de la encerrona que puede, en teor\u00eda del Gobierno, embarrar la discusi\u00f3n. Primero, plantarse. Luego empatizar. Esa fue la conclusi\u00f3n en Casa Rosada. Los ministros se quejan en voz baja de la falta de fondos. El ajuste permanente los obliga a administrar las deudas y resolver con poco y nada.<\/p>\n<p class=\"paragraph\" data-paragraph-number=\"3\" data-mrf-recirculation=\"Links inline\">Hay, entre todas las miradas, un solo aspecto que genera inquietud un\u00e1nime; concuerdan funcionarios con or\u00edgenes muy distintos:\u00a0<b>el salario<\/b>. La din\u00e1mica del ajuste llev\u00f3 a que los subsidios de los servicios cayeran. Los sueldos no subieron al ritmo de la inflaci\u00f3n y, aunque as\u00ed lo hicieran, el porcentaje fijo destinado a esos pagos gener\u00f3 un problema. En el horizonte inmediato no se observa un cambio en esa tendencia.\u00a0<b>\u201cLa econom\u00eda creciendo en alg\u00fan momento va a modificarlo\u201d<\/b>, se\u00f1alan.<\/p>\n<p class=\"paragraph\" data-paragraph-number=\"4\" data-mrf-recirculation=\"Links inline\">Por las dudas, el ministro de Hacienda,<b>\u00a0Luis Caputo<\/b>, comenz\u00f3 a tomar medidas m\u00e1s pragm\u00e1ticas que la sola espera del mercado. Algunas de estas \u00faltimas fueron\u00a0<b>la utilizaci\u00f3n de fondos del FGS para cr\u00e9ditos hipotecarios y la intenci\u00f3n de fijar un salario m\u00ednimo para algunos convenios laborales<\/b>, as\u00ed como tambi\u00e9n un aumento del sueldo de las Fuerzas Armadas por decreto.<\/p>\n<div class=\"visual__image\"><picture><source srcset=\"https:\/\/www.infobae.com\/resizer\/v2\/TSXRPYG6HNHJFKLS4R3NX5U3VA.jpeg?auth=f8f4cdfbbc75603bd18476af64f418fdb324fb801adab165e4409ab64b72cc34&amp;smart=true&amp;width=992&amp;height=661&amp;quality=85\" media=\"(min-width: 1000px)\" \/><source srcset=\"https:\/\/www.infobae.com\/resizer\/v2\/TSXRPYG6HNHJFKLS4R3NX5U3VA.jpeg?auth=f8f4cdfbbc75603bd18476af64f418fdb324fb801adab165e4409ab64b72cc34&amp;smart=true&amp;width=768&amp;height=512&amp;quality=85\" media=\"(min-width: 768px)\" \/><source srcset=\"https:\/\/www.infobae.com\/resizer\/v2\/TSXRPYG6HNHJFKLS4R3NX5U3VA.jpeg?auth=f8f4cdfbbc75603bd18476af64f418fdb324fb801adab165e4409ab64b72cc34&amp;smart=true&amp;width=577&amp;height=384&amp;quality=85\" media=\"(min-width: 580px)\" \/><source srcset=\"https:\/\/www.infobae.com\/resizer\/v2\/TSXRPYG6HNHJFKLS4R3NX5U3VA.jpeg?auth=f8f4cdfbbc75603bd18476af64f418fdb324fb801adab165e4409ab64b72cc34&amp;smart=true&amp;width=420&amp;height=280&amp;quality=85\" media=\"(min-width: 350px)\" \/><source srcset=\"https:\/\/www.infobae.com\/resizer\/v2\/TSXRPYG6HNHJFKLS4R3NX5U3VA.jpeg?auth=f8f4cdfbbc75603bd18476af64f418fdb324fb801adab165e4409ab64b72cc34&amp;smart=true&amp;width=350&amp;height=233&amp;quality=85\" media=\"(min-width: 80px)\" \/><img loading=\"lazy\" decoding=\"async\" class=\"global-image\" src=\"https:\/\/www.infobae.com\/resizer\/v2\/TSXRPYG6HNHJFKLS4R3NX5U3VA.jpeg?auth=f8f4cdfbbc75603bd18476af64f418fdb324fb801adab165e4409ab64b72cc34&amp;smart=true&amp;width=350&amp;height=233&amp;quality=85\" alt=\"Luis Caputo - conferencia de prensa\" width=\"1600\" height=\"1066\" \/><\/picture>Caputo y su equipo anunciaron nuevas medidas, tras el estancamiento productivo<\/div>\n<p class=\"paragraph\" data-paragraph-number=\"5\" data-mrf-recirculation=\"Links inline\"><b>La mora en las familias<\/b>, por caso, no ces\u00f3. Todo lo contrario, subi\u00f3. En julio de 2026, la irregularidad en los cr\u00e9ditos a los hogares se elev\u00f3 al 12,94% (frente al 12,77% de junio), seg\u00fan un informe de la consultora\u00a0<i>1816<\/i>\u00a0en base a los datos de deudores del BCRA. La mora privada total pas\u00f3 al 7,73% y la de las empresas al 3,61%. La oposici\u00f3n ya mostr\u00f3 los dientes. Tiene el n\u00famero para abrir el recinto el 9 de septiembre para tratar el tema, aunque el Gobierno no quiera. Por eso el oficialismo convoc\u00f3 a debatir en comisiones bajo reglas propias. Es un ensayo para desactivar esa iniciativa. La encuestadora<i>\u00a0Casa 3\u00a0<\/i>de\u00a0<b>Mora Jozami<\/b> pregunt\u00f3 a quienes tomaron un pr\u00e9stamo, accedieron a alg\u00fan cr\u00e9dito o utilizaron la tarjeta para financiar gastos, si cre\u00edan que podr\u00edan resolver sus deudas. Solo el 36% cree que s\u00ed. El 37% considera que no podr\u00e1 hacerlo y otro 26% no sabe si podr\u00e1.<\/p>\n<p class=\"paragraph\" data-paragraph-number=\"6\" data-mrf-recirculation=\"Links inline\"><a title=\"https:\/\/www.infobae.com\/politica\/2026\/09\/01\/karina-milei-encabeza-una-nueva-reunion-de-mesa-politica-la-reforma-electoral-y-los-proximos-pasos-de-la-agenda-legislativa\/\" href=\"https:\/\/www.infobae.com\/politica\/2026\/09\/01\/karina-milei-encabeza-una-nueva-reunion-de-mesa-politica-la-reforma-electoral-y-los-proximos-pasos-de-la-agenda-legislativa\/\" target=\"_blank\" rel=\"noopener noreferrer\" data-mrf-link=\"https:\/\/www.infobae.com\/politica\/2026\/09\/01\/karina-milei-encabeza-una-nueva-reunion-de-mesa-politica-la-reforma-electoral-y-los-proximos-pasos-de-la-agenda-legislativa\/\">La mesa pol\u00edtica tambi\u00e9n se reuni\u00f3 el martes<\/a>.\u00a0<b>El principal punto que hoy se discute es c\u00f3mo conseguir los votos para, al menos, suspender las PASO<\/b>.\u00a0<b>Patricia Bullrich<\/b>\u00a0vuelve a tener la presi\u00f3n de su lado.\u00a0<b>Mart\u00edn Menem\u00a0<\/b>en Diputados logr\u00f3 aprobar las reformas pedidas por el Presidente casi sin sobresaltos. Ahora la senadora deber\u00e1 hacer lo suyo en un escenario complicado por los ruidos electorales de las provincias que comenzaron a sonar.\u00a0<b>Tucum\u00e1n<\/b>, donde\u00a0<b>Lisandro Catal\u00e1n<\/b>\u00a0se lanz\u00f3 con el aval de\u00a0<b>Karina Milei<\/b>, es un ejemplo. El ruido de ese mensaje lleg\u00f3 a o\u00eddos de\u00a0<b>Osvaldo Jaldo<\/b>, gobernador de esa provincia. Fue, adem\u00e1s, uno de los principales aliados de Bullrich en cada sesi\u00f3n.<\/p>\n<p class=\"paragraph\" data-paragraph-number=\"7\" data-mrf-recirculation=\"Links inline\">Las reformas que impulsa el Presidente no se van a detener. Su brazo ejecutor, Sturzenegger, no tiene otra idea en la cabeza. Lo pr\u00f3ximo que piensa el ministro desregulador es\u00a0<b>el env\u00edo del proyecto por el mercado de capitales y una nueva ley de cabotaje<\/b>. Quedaron en el freezer tras el tropez\u00f3n por la ley de tierras. Pero ya se descongelaron y ser\u00e1n enviados en las pr\u00f3ximas semanas, aunque con una estrategia distinta. Ahora la idea es tener el proyecto y buscar el aval de gobernadores o aliados. Una vez conseguido eso, presentarlo. Por \u00faltimo, defenderlo.\u00a0<b>\u201cTenemos que ir todos agarrados de la mano\u201d<\/b>, repiten.\u00a0<b>Desregular el mercado farmac\u00e9utico es otro objetivo<\/b>. Hasta se imaginan un escenario as\u00ed: Que una YPF rutera pueda vender medicamentos. \u201cAc\u00e1 en la ciudad estamos acostumbrados a una farmacia cada 60 metros. Pero en el resto del pa\u00eds no es as\u00ed. Eso ser\u00eda un alivio para much\u00edsima gente\u201d.<\/p>\n<div class=\"visual__image\"><picture><source srcset=\"https:\/\/www.infobae.com\/resizer\/v2\/WXWOU2DKTNEWDMXTOQWRFQKLT4.jpg?auth=4ef85411d4262c58e28a35df0868285d61618aa6b14c222d516552d5d90b86f8&amp;smart=true&amp;width=992&amp;height=662&amp;quality=85\" media=\"(min-width: 1000px)\" \/><source srcset=\"https:\/\/www.infobae.com\/resizer\/v2\/WXWOU2DKTNEWDMXTOQWRFQKLT4.jpg?auth=4ef85411d4262c58e28a35df0868285d61618aa6b14c222d516552d5d90b86f8&amp;smart=true&amp;width=768&amp;height=512&amp;quality=85\" media=\"(min-width: 768px)\" \/><source srcset=\"https:\/\/www.infobae.com\/resizer\/v2\/WXWOU2DKTNEWDMXTOQWRFQKLT4.jpg?auth=4ef85411d4262c58e28a35df0868285d61618aa6b14c222d516552d5d90b86f8&amp;smart=true&amp;width=577&amp;height=385&amp;quality=85\" media=\"(min-width: 580px)\" \/><source srcset=\"https:\/\/www.infobae.com\/resizer\/v2\/WXWOU2DKTNEWDMXTOQWRFQKLT4.jpg?auth=4ef85411d4262c58e28a35df0868285d61618aa6b14c222d516552d5d90b86f8&amp;smart=true&amp;width=420&amp;height=280&amp;quality=85\" media=\"(min-width: 350px)\" \/><source srcset=\"https:\/\/www.infobae.com\/resizer\/v2\/WXWOU2DKTNEWDMXTOQWRFQKLT4.jpg?auth=4ef85411d4262c58e28a35df0868285d61618aa6b14c222d516552d5d90b86f8&amp;smart=true&amp;width=350&amp;height=234&amp;quality=85\" media=\"(min-width: 80px)\" \/><img loading=\"lazy\" decoding=\"async\" class=\"global-image\" src=\"https:\/\/www.infobae.com\/resizer\/v2\/WXWOU2DKTNEWDMXTOQWRFQKLT4.jpg?auth=4ef85411d4262c58e28a35df0868285d61618aa6b14c222d516552d5d90b86f8&amp;smart=true&amp;width=350&amp;height=234&amp;quality=85\" alt=\"Karina Milei recibi\u00f3 al presidente de la Conferencia Episcopal Argentina, Marcelo Colombo\" width=\"1280\" height=\"854\" \/><\/picture>Karina Milei recibi\u00f3 a Marcelo Colombo, presidente del Episcopado, y Ra\u00fal Pizarro, arzobispo de Mendoza, tras confirmarse la visita del Papa Le\u00f3n XIV<\/div>\n<p class=\"paragraph\" data-paragraph-number=\"8\" data-mrf-recirculation=\"Links inline\"><b>La visita del Papa Le\u00f3n XIV\u00a0<\/b>no est\u00e1 ajena a disputas pol\u00edticas, para nada exclusivas de la Argentina cuando se trata de la llegada de uno de los hombres m\u00e1s influyentes del planeta. El enfrentamiento, a veces silencioso y en ocasiones con ruido, entre las c\u00fapulas eclesi\u00e1sticas nacionales y el Gobierno es inobjetable.\u00a0<b>Marcelo Colombo<\/b>, presidente del Episcopado, fue hasta Casa Rosada para ver a Karina Milei. El presidente nunca recibi\u00f3 a los obispos. El rango de Colombo, en la pr\u00e1ctica, dialoga de igual a igual con el mandatario. Sin embargo, no quiso perder la oportunidad de tratar el tema con la secretaria general de la Presidencia para no dejar ning\u00fan detalle en manos exclusivas de Casa Rosada. Por eso estuvo junto a \u00e9l\u00a0<b>Ra\u00fal Pizarro<\/b>, arzobispo de Mendoza. Hay un temor de que el Gobierno acapare la visita. En ese sentido, fue el Poder Ejecutivo quien invit\u00f3 al Papa. En el oficialismo observan a la Iglesia argentina casi como un desprendimiento de la oposici\u00f3n peronista. Quiz\u00e1s para calmar los \u00e1nimos fue que Colombo le regal\u00f3 a Karina agua bendecida de la Virgen del Santuario de Nuestra Se\u00f1ora de Lourdes (Francia), lugar donde la Iglesia Cat\u00f3lica celebra las apariciones de la Virgen Mar\u00eda a Bernadette Soubirous en 1858.<\/p>\n<p class=\"paragraph\" data-paragraph-number=\"9\" data-mrf-recirculation=\"Links inline\">Ese tipo de presentes son los que no abundan en el\u00a0<b>peronismo<\/b>, donde se vive un estado de ebullici\u00f3n permanente. Una semana es por cuestiones electorales, a la siguiente por la elecci\u00f3n de las autoridades partidarias y quiz\u00e1s despu\u00e9s por alguna acusaci\u00f3n de traidor soltada en X. Por estas horas,<b>\u00a0el cap\u00edtulo elegido es el Poder Judicial y la eventual presentaci\u00f3n de Cristina en Comodoro Py<\/b>. La discusi\u00f3n comenz\u00f3 en el Congreso. Antes de votar pliegos de jueces, el bloque del PJ acord\u00f3 acompa\u00f1ar el ascenso de los Pablos: Yadarola y Bertuzzi. El primero de manera un\u00e1nime, el segundo dividido.\u00a0<b>\u201cNo nos peleemos m\u00e1s con los jueces\u201d<\/b>, plante\u00f3\u00a0<b>Jos\u00e9 Mayans<\/b>.<\/p>\n<p class=\"paragraph\" data-paragraph-number=\"10\" data-mrf-recirculation=\"Links inline\">Nadie puede creer que\u00a0<b>Cristina Kirchner\u00a0<\/b>no haya sido la estratega de esa decisi\u00f3n.<b>\u00a0\u00bfYa no existe la teor\u00eda del lawfare?\u00a0<\/b>\u201cYadarola es el juez en lo penal econ\u00f3mico que analiza facturas truchas, que juzga si evadiste (&#8230;) con la tuya te revienta, salvo que alguna tarifa te exima de cualquier condena\u201d. La frase pertenece a Cristina. Fue durante la semana en la que se conoci\u00f3 el viaje a Lago Escondido, en el cual participaron jueces, fiscales y operadores pol\u00edticos. Una de las butacas fue de Yadarola.<\/p>\n<div class=\"visual__image\"><picture><source srcset=\"https:\/\/www.infobae.com\/resizer\/v2\/P4ASK7FDRVELLNDWJSZEWCLV2Q.JPG?auth=443bec7d19e833d86f1e4da15693408f94601cb10480a548a52602f6151f2a64&amp;smart=true&amp;width=992&amp;height=661&amp;quality=85\" media=\"(min-width: 1000px)\" \/><source srcset=\"https:\/\/www.infobae.com\/resizer\/v2\/P4ASK7FDRVELLNDWJSZEWCLV2Q.JPG?auth=443bec7d19e833d86f1e4da15693408f94601cb10480a548a52602f6151f2a64&amp;smart=true&amp;width=768&amp;height=512&amp;quality=85\" media=\"(min-width: 768px)\" \/><source srcset=\"https:\/\/www.infobae.com\/resizer\/v2\/P4ASK7FDRVELLNDWJSZEWCLV2Q.JPG?auth=443bec7d19e833d86f1e4da15693408f94601cb10480a548a52602f6151f2a64&amp;smart=true&amp;width=577&amp;height=385&amp;quality=85\" media=\"(min-width: 580px)\" \/><source srcset=\"https:\/\/www.infobae.com\/resizer\/v2\/P4ASK7FDRVELLNDWJSZEWCLV2Q.JPG?auth=443bec7d19e833d86f1e4da15693408f94601cb10480a548a52602f6151f2a64&amp;smart=true&amp;width=420&amp;height=280&amp;quality=85\" media=\"(min-width: 350px)\" \/><source srcset=\"https:\/\/www.infobae.com\/resizer\/v2\/P4ASK7FDRVELLNDWJSZEWCLV2Q.JPG?auth=443bec7d19e833d86f1e4da15693408f94601cb10480a548a52602f6151f2a64&amp;smart=true&amp;width=350&amp;height=233&amp;quality=85\" media=\"(min-width: 80px)\" \/><img loading=\"lazy\" decoding=\"async\" class=\"global-image\" src=\"https:\/\/www.infobae.com\/resizer\/v2\/P4ASK7FDRVELLNDWJSZEWCLV2Q.JPG?auth=443bec7d19e833d86f1e4da15693408f94601cb10480a548a52602f6151f2a64&amp;smart=true&amp;width=350&amp;height=233&amp;quality=85\" alt=\"Sesi\u00f3n en la C\u00e1mara de Senadores - 27 de agosto - Senado\" width=\"5472\" height=\"3648\" \/><\/picture>El jueves pasado, el Senado aprob\u00f3 el pliego de los jueces Pablo Yadarola y Pablo Bertuzzi (RSFotos)<\/div>\n<p class=\"paragraph\" data-paragraph-number=\"11\" data-mrf-recirculation=\"Links inline\">Desde el kirchnerismo defendieron la votaci\u00f3n aduciendo que la negociaci\u00f3n fue positiva: \u201c<b>Nos dividimos en cuartos<\/b>. Un cuarto del Gobierno, otro de los gobernadores, otro del PJ y el resto sueltos. \u00bfC\u00f3mo no lo \u00edbamos a votar?\u201d, dijeron a\u00a0<b>Infobae<\/b>. Los gobernadores peronistas tambi\u00e9n presionaron para evitar un conflicto. \u201cVotamos jueces, no el presupuesto de galletitas de una escuela rural\u201d, a\u00f1adieron a este cronista. Sobre la votaci\u00f3n pesaron dos especulaciones. La primera, que Cristina entendi\u00f3 que la estrategia judicial de Mart\u00edn Mena, Juli\u00e1n \u00c1lvarez y Wado de Pedro la llev\u00f3 a un callej\u00f3n sin salida. La segunda, que\u00a0<b>Cristina est\u00e1 citada para el viernes en Comodoro Py por la causa Hotesur &#8211; Los Sauces<\/b>. Pero no ir\u00e1 sola. Por primera vez estar\u00e1 imputada junto a su hijo,\u00a0<b>M\u00e1ximo<\/b>.<\/p>\n<p class=\"paragraph\" data-paragraph-number=\"12\" data-mrf-recirculation=\"Links inline\">Ayer por la tarde, en el acto para recordar el intento de asesinato que sufriera la ex presidenta, habl\u00f3 el jefe de La C\u00e1mpora en San Jos\u00e9 1111. Agradeci\u00f3 a los partidos pol\u00edticos que firmaron un documento para solidarizarse con ella. \u201cSi ustedes supieran la cantidad de miserias que hay en la pol\u00edtica&#8230;\u201d, dijo. El\u00a0<b>MDF\u00a0<\/b>de\u00a0<b>Axel Kicillof<\/b>\u00a0no lo firm\u00f3.\u00a0<b>\u201cNo somos un partido, somos un movimiento que nuclea a varios espacios\u201d<\/b>, advirtieron a este cronista. Ante la consulta a uno de sus principales dirigentes por la ausencia de distintas figuras, la respuesta sobrevino con humor: \u201cHubieran avisado, nadie nos invit\u00f3\u201d. En simult\u00e1neo, M\u00e1ximo ped\u00eda cantar m\u00e1s fuerte la \u00faltima melod\u00eda camporista: \u201cCristina es la conducci\u00f3n, vamos a ver si se entiende (&#8230;) Si quer\u00e9s otra canci\u00f3n, ven\u00ed, te presto la m\u00eda\u201d.<\/p>\n","protected":false},"excerpt":{"rendered":"<p>Hace una semana, el presidente\u00a0Javier Milei\u00a0reclam\u00f3 a sus ministros que salieran a defender la gesti\u00f3n. Hablar de las bondades del modelo. Quien tom\u00f3 la lanza fue\u00a0Federico Sturzenegger, ministro de desregulaci\u00f3n. Tras una columna dominical donde defendi\u00f3 cada paso de la tarea realizada, Milei la utiliz\u00f3 de ejemplo para debatir internamente c\u00f3mo \u201cbancar la parada\u201d frente [&hellip;]<\/p>\n","protected":false},"author":2,"featured_media":36623,"comment_status":"open","ping_status":"open","sticky":false,"template":"","format":"standard","meta":{"footnotes":""},"categories":[79],"tags":[],"class_list":["post-36622","post","type-post","status-publish","format-standard","has-post-thumbnail","category-politica"],"_links":{"self":[{"href":"https:\/\/radiobitacora.com.ar\/web\/wp-json\/wp\/v2\/posts\/36622","targetHints":{"allow":["GET"]}}],"collection":[{"href":"https:\/\/radiobitacora.com.ar\/web\/wp-json\/wp\/v2\/posts"}],"about":[{"href":"https:\/\/radiobitacora.com.ar\/web\/wp-json\/wp\/v2\/types\/post"}],"author":[{"embeddable":true,"href":"https:\/\/radiobitacora.com.ar\/web\/wp-json\/wp\/v2\/users\/2"}],"replies":[{"embeddable":true,"href":"https:\/\/radiobitacora.com.ar\/web\/wp-json\/wp\/v2\/comments?post=36622"}],"version-history":[{"count":1,"href":"https:\/\/radiobitacora.com.ar\/web\/wp-json\/wp\/v2\/posts\/36622\/revisions"}],"predecessor-version":[{"id":36624,"href":"https:\/\/radiobitacora.com.ar\/web\/wp-json\/wp\/v2\/posts\/36622\/revisions\/36624"}],"wp:featuredmedia":[{"embeddable":true,"href":"https:\/\/radiobitacora.com.ar\/web\/wp-json\/wp\/v2\/media\/36623"}],"wp:attachment":[{"href":"https:\/\/radiobitacora.com.ar\/web\/wp-json\/wp\/v2\/media?parent=36622"}],"wp:term":[{"taxonomy":"category","embeddable":true,"href":"https:\/\/radiobitacora.com.ar\/web\/wp-json\/wp\/v2\/categories?post=36622"},{"taxonomy":"post_tag","embeddable":true,"href":"https:\/\/radiobitacora.com.ar\/web\/wp-json\/wp\/v2\/tags?post=36622"}],"curies":[{"name":"wp","href":"https:\/\/api.w.org\/{rel}","templated":true}]}}