{"id":36625,"date":"2026-09-02T08:53:42","date_gmt":"2026-09-02T11:53:42","guid":{"rendered":"https:\/\/radiobitacora.com.ar\/web\/?p=36625"},"modified":"2026-09-02T08:53:42","modified_gmt":"2026-09-02T11:53:42","slug":"que-pasa-si-eeuu-cambia-su-historica-posicion-sobre-las-islas-malvinas-la-opinion-de-los-analistas-y-la-expectativa-del-gobierno","status":"publish","type":"post","link":"https:\/\/radiobitacora.com.ar\/web\/2026\/09\/02\/que-pasa-si-eeuu-cambia-su-historica-posicion-sobre-las-islas-malvinas-la-opinion-de-los-analistas-y-la-expectativa-del-gobierno\/","title":{"rendered":"\u00bfQu\u00e9 pasa si EEUU cambia su hist\u00f3rica posici\u00f3n sobre las Islas Malvinas? La opini\u00f3n de los analistas y la expectativa del Gobierno"},"content":{"rendered":"<p class=\"paragraph\" data-paragraph-number=\"1\" data-mrf-recirculation=\"Links inline\">Una frase, breve, pronunciada el lunes por\u00a0<b>Donald Trump<\/b>\u00a0en el Sal\u00f3n Oval puso en movimiento la maquinaria diplom\u00e1tica argentina sobre la cuesti\u00f3n de las\u00a0<b>Islas Malvinas.\u00a0<\/b>\u201c<b>Siempre reviso cada posici\u00f3n. Es solo una de muchas<\/b>\u201d, sostuvo el presidente de\u00a0<b>Estados Unidos<\/b>\u00a0cuando fue consultado sobre si su gobierno reconsiderar\u00eda su postura hist\u00f3rica sobre la soberan\u00eda del archipi\u00e9lago.\u00a0<b>En Buenos Aires, el impacto fue inmediato<\/b>.\u00a0<a title=\"https:\/\/www.infobae.com\/politica\/2026\/09\/01\/javier-milei-hablara-en-cadena-nacional-el-jueves-por-el-tema-malvinas\/\" href=\"https:\/\/www.infobae.com\/politica\/2026\/09\/01\/javier-milei-hablara-en-cadena-nacional-el-jueves-por-el-tema-malvinas\/\" target=\"_blank\" rel=\"noopener noreferrer\" data-mrf-link=\"https:\/\/www.infobae.com\/politica\/2026\/09\/01\/javier-milei-hablara-en-cadena-nacional-el-jueves-por-el-tema-malvinas\/\">El gobierno anunci\u00f3 una cadena nacional<\/a>\u00a0de\u00a0<b>Javier Milei<\/b>\u00a0sobre el tema y analistas consultados por\u00a0<b>Infobae\u00a0<\/b>dividen su opini\u00f3n entre quienes ven una oportunidad hist\u00f3rica y quienes advierten que no hay nada concreto detr\u00e1s de este movimiento.<\/p>\n<p class=\"paragraph\" data-paragraph-number=\"2\" data-mrf-recirculation=\"Links inline\">Para el mandatario, la declaraci\u00f3n de Trump es \u201c<b>algo muy fuerte respecto a la causa m\u00e1s importante y sagrada que tenemos los argentinos<\/b>\u201d. As\u00ed lo afirm\u00f3 en la radio\u00a0<i>El Observador<\/i>\u00a0este martes. El tema domin\u00f3 la reuni\u00f3n de Gabinete, donde el canciller\u00a0<b>Pablo Quirno\u00a0<\/b>expuso los avances de la Canciller\u00eda en materia de soberan\u00eda sobre las islas.<\/p>\n<p class=\"paragraph\" data-paragraph-number=\"3\" data-mrf-recirculation=\"Links inline\">Tras las palabras de Trump, y\u00a0<a title=\"https:\/\/www.infobae.com\/economia\/2026\/09\/01\/quirno-hablo-sobre-los-dichos-de-trump-de-las-malvinas-no-podemos-depender-de-nadie-tenemos-que-hacer-los-deberes\/\" href=\"https:\/\/www.infobae.com\/economia\/2026\/09\/01\/quirno-hablo-sobre-los-dichos-de-trump-de-las-malvinas-no-podemos-depender-de-nadie-tenemos-que-hacer-los-deberes\/\" target=\"_blank\" rel=\"noopener noreferrer\" data-mrf-link=\"https:\/\/www.infobae.com\/economia\/2026\/09\/01\/quirno-hablo-sobre-los-dichos-de-trump-de-las-malvinas-no-podemos-depender-de-nadie-tenemos-que-hacer-los-deberes\/\">entrevistado en\u00a0<b>Infobae en Vivo<\/b><\/a>, el funcionario eligi\u00f3 un tono medido: \u201cLas Malvinas est\u00e1n en el centro del coraz\u00f3n de cada argentino. Es una obligaci\u00f3n y una responsabilidad para nosotros mantener vivo el reclamo sobre la soberan\u00eda\u201d, se\u00f1al\u00f3, pero al mismo tiempo fue cuidadoso al delimitar los alcances del movimiento del l\u00edder republicano: \u201cSobre lo que no tenemos control, no operamos\u201d, se\u00f1al\u00f3, y agreg\u00f3: \u201cTenemos que hacer los deberes para aumentar nuestras chances de que el reclamo leg\u00edtimo que tiene Argentina sobre la soberan\u00eda sea escuchado\u201d.<\/p>\n<div class=\"visual__image\"><picture><source srcset=\"https:\/\/www.infobae.com\/resizer\/v2\/XZSOWHMVEZA65MQXJAKEFIAONI.jpg?auth=d76361c24d233f19196d7d352c2376718d48dd2065e2ec1a3accaff059767f43&amp;smart=true&amp;width=992&amp;height=661&amp;quality=85\" media=\"(min-width: 1000px)\" \/><source srcset=\"https:\/\/www.infobae.com\/resizer\/v2\/XZSOWHMVEZA65MQXJAKEFIAONI.jpg?auth=d76361c24d233f19196d7d352c2376718d48dd2065e2ec1a3accaff059767f43&amp;smart=true&amp;width=768&amp;height=512&amp;quality=85\" media=\"(min-width: 768px)\" \/><source srcset=\"https:\/\/www.infobae.com\/resizer\/v2\/XZSOWHMVEZA65MQXJAKEFIAONI.jpg?auth=d76361c24d233f19196d7d352c2376718d48dd2065e2ec1a3accaff059767f43&amp;smart=true&amp;width=577&amp;height=385&amp;quality=85\" media=\"(min-width: 580px)\" \/><source srcset=\"https:\/\/www.infobae.com\/resizer\/v2\/XZSOWHMVEZA65MQXJAKEFIAONI.jpg?auth=d76361c24d233f19196d7d352c2376718d48dd2065e2ec1a3accaff059767f43&amp;smart=true&amp;width=420&amp;height=280&amp;quality=85\" media=\"(min-width: 350px)\" \/><source srcset=\"https:\/\/www.infobae.com\/resizer\/v2\/XZSOWHMVEZA65MQXJAKEFIAONI.jpg?auth=d76361c24d233f19196d7d352c2376718d48dd2065e2ec1a3accaff059767f43&amp;smart=true&amp;width=350&amp;height=233&amp;quality=85\" media=\"(min-width: 80px)\" \/><img loading=\"lazy\" decoding=\"async\" class=\"global-image\" src=\"https:\/\/www.infobae.com\/resizer\/v2\/XZSOWHMVEZA65MQXJAKEFIAONI.jpg?auth=d76361c24d233f19196d7d352c2376718d48dd2065e2ec1a3accaff059767f43&amp;smart=true&amp;width=350&amp;height=233&amp;quality=85\" alt=\"Donald Trump y Javier Milei\" width=\"3590\" height=\"2393\" \/><\/picture>Donald Trump y Javier Milei<\/div>\n<p class=\"paragraph\" data-paragraph-number=\"4\" data-mrf-recirculation=\"Links inline\">Diplom\u00e1ticos de la Canciller\u00eda argentina, consultados por\u00a0<b>Infobae<\/b>, trazaron una distinci\u00f3n entre el plano discursivo y el plano pr\u00e1ctico de que efectivamente haya un movimiento por parte de EEUU. \u201c<b>Lo que cambia en lo discursivo y en lo declarativo de manera p\u00fablica es muy fuerte, porque inclina definitivamente la balanza sobre el tema<\/b>\u201d, se\u00f1alaron. \u201cUn eventual voto abierto a favor de Argentina en la ONU -graficaron- ser\u00eda muy fuerte; es m\u00e1s simb\u00f3lico que pol\u00edtico, aunque a efectos pr\u00e1cticos,\u00a0<b>en lo concreto no cambia en nada<\/b>\u201d.<\/p>\n<p class=\"paragraph\" data-paragraph-number=\"5\" data-mrf-recirculation=\"Links inline\">No es la primera vez que Trump utiliza la carta \u201cMalvinas\u201d en el tablero geopol\u00edtico. Ya hubo un episodio similar en abril, cuando se filtr\u00f3 un correo electr\u00f3nico interno del\u00a0<b>Pent\u00e1gono<\/b>\u00a0que contemplaba revisar el apoyo estadounidense al\u00a0<b>Reino Unido<\/b>\u00a0como represalia por la negativa de\u00a0<b>Londres<\/b>\u00a0a acompa\u00f1ar a Washington en operaciones militares contra\u00a0<b>Ir\u00e1n<\/b>. En aquella ocasi\u00f3n, el secretario de Estado\u00a0<b>Marco Rubio<\/b>\u00a0y el embajador estadounidense en Argentina,\u00a0<b>Peter Lamelas<\/b>, ratificaron la posici\u00f3n de neutralidad. El propio Rubio descalific\u00f3 el correo filtrado defini\u00e9ndolo como \u201csolo un email\u201d.<\/p>\n<p class=\"paragraph\" data-paragraph-number=\"6\" data-mrf-recirculation=\"Links inline\">En las ant\u00edpodas de esa cautela oficial, el asesor presidencial\u00a0<b>Santiago Caputo<\/b> public\u00f3 en sus redes sociales otra visi\u00f3n: \u201cInglaterra es el pasado. Argentina es el futuro. Es saludable que los Estados Unidos revisen su postura sobre Malvinas. Ser\u00eda extra\u00f1o que no lo hicieran. No se puede esperar menos de un aliado estrat\u00e9gico\u201d.<\/p>\n<div class=\"ad_1 ad-wrapper dfpAd ad-1-al-6 ad-text ad-component-container\" data-ad-wrapper=\"arcad\" data-ad-type=\"ad_1\" data-ad-slot=\"infobae\/politica\/nota\/ad_1\" data-ad-container=\"dfp\" data-ad-slot-name=\"infobae\/politica\/nota\/ad_1\">\n<div id=\"infobae\/politica\/nota\/ad_1\" class=\"infobae\/politica\/nota\/ad_1 arcad ad-slot-node ad-slot-node--boxed\" data-ad-slot-id=\"infobae\/politica\/nota\/ad_1\">\n<div id=\"google_ads_iframe_\/1058609\/infobae\/politica\/nota\/ad_1_0__container__\"><\/div>\n<\/div>\n<\/div>\n<p class=\"paragraph\" data-paragraph-number=\"7\" data-mrf-recirculation=\"Links inline\">La reacci\u00f3n brit\u00e1nica no se hizo esperar.\u00a0<b>John Healey<\/b>, ministro de Hacienda del Reino Unido y primer funcionario en tomar la palabra, fue taxativo en declaraciones a\u00a0<i>The Times<\/i>: \u201cLas islas Malvinas son brit\u00e1nicas y seguir\u00e1n siendo brit\u00e1nicas mientras las islas Malvinas as\u00ed lo deseen\u201d. El funcionario aclar\u00f3 adem\u00e1s que no recibi\u00f3 \u201cninguna sugerencia\u201d de funcionarios estadounidenses al respecto. El portavoz oficial del primer ministro,\u00a0<b>Andy Burnham,<\/b>\u00a0sostuvo que la posici\u00f3n de su gobierno \u201cno ha cambiado\u201d y que el compromiso de Londres con los isle\u00f1os es \u201cinquebrantable\u201d.<\/p>\n<h2 id=\"una-maniobra-de-presion-a-londres-o-gesto-politico-a-un-aliado\" class=\"text-align-left vertical-align-top line-height-100 header headline-class-h2 headline\">\u00bfUna maniobra de presi\u00f3n a Londres o gesto pol\u00edtico a un aliado?<\/h2>\n<p class=\"paragraph\" data-paragraph-number=\"8\" data-mrf-recirculation=\"Links inline\">Lejos del entusiasmo del Gobierno, varios analistas consultados por\u00a0<b>Infobae\u00a0<\/b>coincidieron en que la declaraci\u00f3n de Trump debe leerse en clave de pol\u00edtica interna brit\u00e1nica y de las tensiones con la\u00a0<b>OTAN<\/b>, no como un giro genuino sobre la soberan\u00eda del archipi\u00e9lago.<\/p>\n<p class=\"paragraph\" data-paragraph-number=\"9\" data-mrf-recirculation=\"Links inline\">El polit\u00f3logo\u00a0<b>Claudio Fantini<\/b>\u00a0plante\u00f3 que hay que leer las palabras de Trump \u201c<b>como una advertencia, no como un anuncio<\/b>\u201d. Seg\u00fan su an\u00e1lisis, la verdadera motivaci\u00f3n no es el debate sobre el gasto en defensa de la OTAN sino la indignaci\u00f3n de Trump con Londres por haberle negado el uso de bases militares estadounidenses en territorio brit\u00e1nico para operaciones vinculadas a la guerra contra Ir\u00e1n. \u201cNo es algo que sale de una convicci\u00f3n de lo que considera lo justo y lo adecuado respecto al tema de Malvinas, sino que tiene que ver con un castigo que Trump quiere hacerle a los gobiernos brit\u00e1nicos\u201d, afirm\u00f3 Fantini, quien a\u00f1adi\u00f3 que el componente ideol\u00f3gico tambi\u00e9n cuenta: se trata, en ambos casos, de gobiernos del Partido Laborista.<\/p>\n<div class=\"visual__image\"><picture><source srcset=\"https:\/\/www.infobae.com\/resizer\/v2\/E7WY6TWJOVA7TH6THDM42VWQFY.jpg?auth=e431a547ece653561d634c0dfadd92fc0eca6dc4aaed8638cf833e9be0ee9f85&amp;smart=true&amp;width=992&amp;height=669&amp;quality=85\" media=\"(min-width: 1000px)\" \/><source srcset=\"https:\/\/www.infobae.com\/resizer\/v2\/E7WY6TWJOVA7TH6THDM42VWQFY.jpg?auth=e431a547ece653561d634c0dfadd92fc0eca6dc4aaed8638cf833e9be0ee9f85&amp;smart=true&amp;width=768&amp;height=518&amp;quality=85\" media=\"(min-width: 768px)\" \/><source srcset=\"https:\/\/www.infobae.com\/resizer\/v2\/E7WY6TWJOVA7TH6THDM42VWQFY.jpg?auth=e431a547ece653561d634c0dfadd92fc0eca6dc4aaed8638cf833e9be0ee9f85&amp;smart=true&amp;width=577&amp;height=389&amp;quality=85\" media=\"(min-width: 580px)\" \/><source srcset=\"https:\/\/www.infobae.com\/resizer\/v2\/E7WY6TWJOVA7TH6THDM42VWQFY.jpg?auth=e431a547ece653561d634c0dfadd92fc0eca6dc4aaed8638cf833e9be0ee9f85&amp;smart=true&amp;width=420&amp;height=283&amp;quality=85\" media=\"(min-width: 350px)\" \/><source srcset=\"https:\/\/www.infobae.com\/resizer\/v2\/E7WY6TWJOVA7TH6THDM42VWQFY.jpg?auth=e431a547ece653561d634c0dfadd92fc0eca6dc4aaed8638cf833e9be0ee9f85&amp;smart=true&amp;width=350&amp;height=236&amp;quality=85\" media=\"(min-width: 80px)\" \/><img loading=\"lazy\" decoding=\"async\" class=\"global-image\" src=\"https:\/\/www.infobae.com\/resizer\/v2\/E7WY6TWJOVA7TH6THDM42VWQFY.jpg?auth=e431a547ece653561d634c0dfadd92fc0eca6dc4aaed8638cf833e9be0ee9f85&amp;smart=true&amp;width=350&amp;height=236&amp;quality=85\" alt=\"Fotograf\u00eda de archivo en la que se registr\u00f3 un monumento con el mapa de las Islas Malvinas. EFE\/Leo La Valle\n\" width=\"4150\" height=\"2800\" \/><\/picture>Fotograf\u00eda de archivo en la que se registr\u00f3 un monumento con el mapa de las Islas Malvinas. EFE\/Leo La Valle<\/div>\n<p class=\"paragraph\" data-paragraph-number=\"10\" data-mrf-recirculation=\"Links inline\">Para graficar la inconsistencia del mandatario, el analista pol\u00edtico traz\u00f3 una analog\u00eda con\u00a0<b>Corea del Sur.<\/b>\u00a0\u201cCuando\u00a0<b>Se\u00fal<\/b>\u00a0tambi\u00e9n rechaz\u00f3 colaborar en el conflicto con Ir\u00e1n, Trump pas\u00f3 a elogiar a\u00a0<b>Kim Jong-un<\/b>\u00a0y amenaz\u00f3 con reducir los ejercicios militares conjuntos, claves para mantener el equilibrio en la pen\u00ednsula coreana\u201d, record\u00f3. Y ampli\u00f3:\u00a0<b>\u201cUn tipo que a la ma\u00f1ana dice una cosa y en la tarde dice otra. Un d\u00eda escribe con la mano lo que al otro d\u00eda borra con el codo sin hacerse mucho problema\u201d.<\/b><\/p>\n<p class=\"paragraph\" data-paragraph-number=\"11\" data-mrf-recirculation=\"Links inline\">Sin embargo, Fantini fue enf\u00e1tico sobre qu\u00e9 deber\u00eda hacer el gobierno argentino: \u201c<b>Argentina tiene que salir a subrayar esta frase y no dejarla pasar<\/b>\u201d, afirm\u00f3, y se\u00f1al\u00f3 que si el cambio llegara a consolidarse como pol\u00edtica de Estado, m\u00e1s all\u00e1 de qui\u00e9n gobierne en EEUU, ser\u00eda \u201cuna gran noticia\u201d para Buenos Aires.<\/p>\n<p class=\"paragraph\" data-paragraph-number=\"12\" data-mrf-recirculation=\"Links inline\"><b>Gabriel Puricelli<\/b>, coordinador del Programa de Pol\u00edtica Internacional del\u00a0<b>Laboratorio de Pol\u00edticas P\u00fablicas<\/b>, fue m\u00e1s directo sobre el rol de Argentina en este tablero. Para el analista pol\u00edtico, Malvinas es el pretexto m\u00e1s a mano que tiene Trump para presionar al gobierno laborista de Burnham y forzarlo a elevar el gasto en defensa al 3% del PBI. El timing, asegur\u00f3, no es casual: \u201cCoincide con los trascendidos de que el propio Healey planeaba abandonar ese compromiso para 2030, con un anuncio presupuestario previsto para el 28 de octubre\u201d.<\/p>\n<p class=\"paragraph\" data-paragraph-number=\"13\" data-mrf-recirculation=\"Links inline\">La motivaci\u00f3n de fondo, seg\u00fan Puricelli, va m\u00e1s all\u00e1 de la OTAN:\u00a0<b>\u201cHacer ganar a la extrema derecha en todos los pa\u00edses en los que pueda es la meta primordial de Trump.\u201d<\/b>\u00a0Forzar a Burnham a recortar salud, educaci\u00f3n y bienes p\u00fablicos para financiar el gasto militar, indic\u00f3 a este medio, \u201calimentar\u00eda el malestar del que se nutren el demagogo\u00a0<b>Nigel Farage<\/b>\u00a0y el partido\u00a0<i>Reform\u201d<\/i>. \u201cLos intereses de Argentina no entran en absoluto en consideraci\u00f3n (de Trump) en su posible revisi\u00f3n de la postura sobre el estatuto legal de las islas del Atl\u00e1ntico Sur\u201d, concluy\u00f3.<\/p>\n<p class=\"paragraph\" data-paragraph-number=\"14\" data-mrf-recirculation=\"Links inline\">El polit\u00f3logo\u00a0<b>Andr\u00e9s Malamud<\/b>, investigador del Instituto de Ciencias Sociales de\u00a0<b>Lisboa<\/b>, resumi\u00f3 su pron\u00f3stico en una l\u00ednea:\u00a0<b>\u201cVa a pasar lo mismo que con Groenlandia, nada\u201d.\u00a0<\/b>La referencia no es arbitraria: a comienzos de 2025, Trump anunci\u00f3 con insistencia que Estados Unidos adquirir\u00eda Groenlandia -territorio aut\u00f3nomo bajo soberan\u00eda danesa- por razones de seguridad nacional, lleg\u00f3 a hablar de una \u201cnecesidad absoluta\u201d y no descart\u00f3 el uso de la fuerza. Dinamarca rechaz\u00f3 cualquier negociaci\u00f3n, la comunidad internacional reaccion\u00f3 con alarma y Washington no avanz\u00f3 m\u00e1s all\u00e1 de la ret\u00f3rica.<\/p>\n<p class=\"paragraph\" data-paragraph-number=\"15\" data-mrf-recirculation=\"Links inline\">M\u00e1s matizado en su an\u00e1lisis, el exembajador\u00a0<b>Diego Guelar<\/b>, con pasado en las embajadas de\u00a0<b>Estados Unidos<\/b>,\u00a0<b>Brasil<\/b>\u00a0y\u00a0<b>China,\u00a0<\/b>consider\u00f3 que un eventual giro de Washington ser\u00eda positivo para Buenos Aires, pero advirti\u00f3 que las palabras de Trump est\u00e1n lejos de constituir una decisi\u00f3n de Estado. \u201cUn cambio de posici\u00f3n estrat\u00e9gica de este tipo requerir\u00eda consulta del Congreso. Debe haber una decisi\u00f3n de otro tipo. No alcanza con su opini\u00f3n\u201d, explic\u00f3. Y fue m\u00e1s espec\u00edfico: \u201cSi llegara a ocurrir, cosa que dudo, Milei se lo atribuir\u00eda como un logro de su administraci\u00f3n, y tendr\u00eda raz\u00f3n.\u00a0<b>Sin lugar debilita la posici\u00f3n brit\u00e1nica<\/b>\u201d.<\/p>\n<p class=\"paragraph\" data-paragraph-number=\"16\" data-mrf-recirculation=\"Links inline\">En los organismos multilaterales, la posici\u00f3n de Estados Unidos sobre Malvinas siempre fue m\u00e1s compleja que la neutralidad que declara en p\u00fablico. En junio de 2026, el\u00a0<a title=\"https:\/\/www.infobae.com\/politica\/2026\/06\/25\/a-casi-200-anos-de-la-ocupacion-ilegal-la-onu-exigio-a-reino-unido-que-acepte-negociar-la-soberania-de-las-islas-malvinas-con-argentina\/\" href=\"https:\/\/www.infobae.com\/politica\/2026\/06\/25\/a-casi-200-anos-de-la-ocupacion-ilegal-la-onu-exigio-a-reino-unido-que-acepte-negociar-la-soberania-de-las-islas-malvinas-con-argentina\/\" target=\"_blank\" rel=\"noopener noreferrer\" data-mrf-link=\"https:\/\/www.infobae.com\/politica\/2026\/06\/25\/a-casi-200-anos-de-la-ocupacion-ilegal-la-onu-exigio-a-reino-unido-que-acepte-negociar-la-soberania-de-las-islas-malvinas-con-argentina\/\">Comit\u00e9 de Descolonizaci\u00f3n de la ONU\u00a0<\/a>aprob\u00f3 por consenso una resoluci\u00f3n que exige al Reino Unido negociar con Argentina la soberan\u00eda del archipi\u00e9lago -la misma que Londres sistem\u00e1ticamente ignora desde 1965-. Desde entonces, no hubo m\u00e1s novedades.<\/p>\n<p class=\"paragraph\" data-paragraph-number=\"17\" data-mrf-recirculation=\"Links inline\">El debate se da, adem\u00e1s, en un contexto de creciente presi\u00f3n econ\u00f3mica sobre el archipi\u00e9lago. En diciembre de 2025, la israel\u00ed\u00a0<b>Navitas Petroleum<\/b>\u00a0\u2014con el 65% del proyecto\u2014 y la brit\u00e1nica\u00a0<b>Rockhopper Exploration<\/b>\u00a0tomaron la decisi\u00f3n final de inversi\u00f3n para desarrollar el campo petrolero\u00a0<b>Sea Lion<\/b>, ubicado a unos 220 kil\u00f3metros al norte de las islas. La Fase 1 del proyecto, con una inversi\u00f3n de 1.800 millones de d\u00f3lares, apunta a producir 50.000 barriles diarios con primer petr\u00f3leo previsto para 2028.<\/p>\n<p class=\"paragraph\" data-paragraph-number=\"18\" data-mrf-recirculation=\"Links inline\">Es precisamente esa explotaci\u00f3n<a title=\"https:\/\/www.infobae.com\/politica\/2025\/12\/11\/el-gobierno-rechazo-el-desarrollo-de-un-yacimiento-offshore-para-extraer-petroleo-al-norte-de-las-islas-malvinas\/\" href=\"https:\/\/www.infobae.com\/politica\/2025\/12\/11\/el-gobierno-rechazo-el-desarrollo-de-un-yacimiento-offshore-para-extraer-petroleo-al-norte-de-las-islas-malvinas\/\" target=\"_blank\" rel=\"noopener noreferrer\" data-mrf-link=\"https:\/\/www.infobae.com\/politica\/2025\/12\/11\/el-gobierno-rechazo-el-desarrollo-de-un-yacimiento-offshore-para-extraer-petroleo-al-norte-de-las-islas-malvinas\/\">\u00a0la que el Gobierno, a trav\u00e9s de la Canciller\u00eda, calific\u00f3 de \u201cunilateral\u201d por parte de los brit\u00e1nicos<\/a>, algo \u201cincompatible con lo dispuesto por la Resoluci\u00f3n 31\/49 de la Asamblea General, que insta a las partes a abstenerse de introducir modificaciones unilaterales en la situaci\u00f3n mientras las Islas se encuentran sujetas al proceso de negociaci\u00f3n\u201d.<\/p>\n","protected":false},"excerpt":{"rendered":"<p>Una frase, breve, pronunciada el lunes por\u00a0Donald Trump\u00a0en el Sal\u00f3n Oval puso en movimiento la maquinaria diplom\u00e1tica argentina sobre la cuesti\u00f3n de las\u00a0Islas Malvinas.\u00a0\u201cSiempre reviso cada posici\u00f3n. Es solo una de muchas\u201d, sostuvo el presidente de\u00a0Estados Unidos\u00a0cuando fue consultado sobre si su gobierno reconsiderar\u00eda su postura hist\u00f3rica sobre la soberan\u00eda del archipi\u00e9lago.\u00a0En Buenos Aires, el [&hellip;]<\/p>\n","protected":false},"author":2,"featured_media":36626,"comment_status":"open","ping_status":"open","sticky":false,"template":"","format":"standard","meta":{"footnotes":""},"categories":[80],"tags":[],"class_list":["post-36625","post","type-post","status-publish","format-standard","has-post-thumbnail","category-internacionales"],"_links":{"self":[{"href":"https:\/\/radiobitacora.com.ar\/web\/wp-json\/wp\/v2\/posts\/36625","targetHints":{"allow":["GET"]}}],"collection":[{"href":"https:\/\/radiobitacora.com.ar\/web\/wp-json\/wp\/v2\/posts"}],"about":[{"href":"https:\/\/radiobitacora.com.ar\/web\/wp-json\/wp\/v2\/types\/post"}],"author":[{"embeddable":true,"href":"https:\/\/radiobitacora.com.ar\/web\/wp-json\/wp\/v2\/users\/2"}],"replies":[{"embeddable":true,"href":"https:\/\/radiobitacora.com.ar\/web\/wp-json\/wp\/v2\/comments?post=36625"}],"version-history":[{"count":1,"href":"https:\/\/radiobitacora.com.ar\/web\/wp-json\/wp\/v2\/posts\/36625\/revisions"}],"predecessor-version":[{"id":36627,"href":"https:\/\/radiobitacora.com.ar\/web\/wp-json\/wp\/v2\/posts\/36625\/revisions\/36627"}],"wp:featuredmedia":[{"embeddable":true,"href":"https:\/\/radiobitacora.com.ar\/web\/wp-json\/wp\/v2\/media\/36626"}],"wp:attachment":[{"href":"https:\/\/radiobitacora.com.ar\/web\/wp-json\/wp\/v2\/media?parent=36625"}],"wp:term":[{"taxonomy":"category","embeddable":true,"href":"https:\/\/radiobitacora.com.ar\/web\/wp-json\/wp\/v2\/categories?post=36625"},{"taxonomy":"post_tag","embeddable":true,"href":"https:\/\/radiobitacora.com.ar\/web\/wp-json\/wp\/v2\/tags?post=36625"}],"curies":[{"name":"wp","href":"https:\/\/api.w.org\/{rel}","templated":true}]}}