{"id":36631,"date":"2026-09-02T09:05:31","date_gmt":"2026-09-02T12:05:31","guid":{"rendered":"https:\/\/radiobitacora.com.ar\/web\/?p=36631"},"modified":"2026-09-02T09:05:31","modified_gmt":"2026-09-02T12:05:31","slug":"el-gobierno-fijo-un-nuevo-salario-minimo-en-septiembre-cuanto-aumenta-y-como-seran-las-subas-escalonadas-mes-a-mes-hasta-abril-de-2027","status":"publish","type":"post","link":"https:\/\/radiobitacora.com.ar\/web\/2026\/09\/02\/el-gobierno-fijo-un-nuevo-salario-minimo-en-septiembre-cuanto-aumenta-y-como-seran-las-subas-escalonadas-mes-a-mes-hasta-abril-de-2027\/","title":{"rendered":"El Gobierno fij\u00f3 un nuevo salario m\u00ednimo en septiembre: cu\u00e1nto aumenta y c\u00f3mo ser\u00e1n las subas escalonadas mes a mes hasta abril de 2027"},"content":{"rendered":"<article class=\"article-body article-body--first-paragraph\" data-td-script-src=\"https:\/\/www.ambito.com\/td\/modulos\/encuestas\/js\/function-embeds-min-version-1788235717.js\">\n<p id=\"p-1788339390709-46686\" class=\"\">El Gobierno oficializ\u00f3 los nuevos valores del\u00a0<strong><a href=\"https:\/\/www.ambito.com\/informacion-general\/el-nuevo-salario-minimo-modificaria-los-topes-del-fondo-desempleo-anses-n6315051\" target=\"_blank\" rel=\"follow noopener\" data-mrf-recirculation=\"Article - Paragraph Links\" data-mrf-link=\"https:\/\/www.ambito.com\/informacion-general\/el-nuevo-salario-minimo-modificaria-los-topes-del-fondo-desempleo-anses-n6315051\">Salario M\u00ednimo, Vital y M\u00f3vil (SMVM)<\/a><\/strong>\u00a0luego de que representantes sindicales y empresarios\u00a0<a href=\"https:\/\/www.ambito.com\/politica\/la-cgt-cuestiono-al-gobierno-el-salario-minimo-y-advirtio-que-busca-montar-un-show-n6316335\" target=\"_blank\" rel=\"follow noopener\" data-mrf-recirculation=\"Article - Paragraph Links\" data-mrf-link=\"https:\/\/www.ambito.com\/politica\/la-cgt-cuestiono-al-gobierno-el-salario-minimo-y-advirtio-que-busca-montar-un-show-n6316335\">no alcanzaran un acuerdo en el\u00a0<strong>Consejo del Salario<\/strong><\/a>. La actualizaci\u00f3n comenz\u00f3 a regir desde el 1 de septiembre y contempla una serie de incrementos mensuales hasta abril de 2027.<\/p>\n<\/article>\n<article class=\"article-body article-body--second-paragraph\">\n<p id=\"p-1788339390709-35843\" class=\"\">A trav\u00e9s de la\u00a0<strong>Resoluci\u00f3n 4\/2026<\/strong>, publicada este mi\u00e9rcoles en el\u00a0<strong>Bolet\u00edn Oficial<\/strong>, el Poder Ejecutivo estableci\u00f3 que el salario m\u00ednimo pasar\u00e1 de $383.800 en septiembre a $437.000 en abril. Para los trabajadores jornalizados, el valor de la hora se incrementar\u00e1 de $1.919 a $2.185 durante el mismo per\u00edodo.<\/p>\n<\/article>\n<article class=\"article-body article-body--third-paragraph\">\n<h2 id=\"p-1788345790908-11427\">Salario m\u00ednimo: el Gobierno fij\u00f3 aumentos hasta abril de 2027 y llegar\u00e1 a $437.000<\/h2>\n<p id=\"p-1788339390709-56671\" class=\"\">La medida fue suscripta por\u00a0<strong>Claudia Silvana Testa<\/strong>, presidenta alterna del Consejo Nacional del Empleo, la Productividad y el Salario M\u00ednimo, Vital y M\u00f3vil. El esquema alcanza a los trabajadores comprendidos en la\u00a0<strong>Ley de Contrato de Trabajo 20.744<\/strong>, el R\u00e9gimen de Trabajo Agrario, la\u00a0<strong>Administraci\u00f3n P\u00fablica Nacional<\/strong>\u00a0y los organismos y entidades del Estado nacional que se desempe\u00f1en como empleadores.<\/p>\n<\/article>\n<article class=\"article-body article-body--fourth-paragraph\">\n<p id=\"p-1788339390709-33120\" class=\"\">Durante los \u00faltimos meses de 2026, el salario m\u00ednimo quedar\u00e1 establecido en $391.200 desde octubre, $398.800 desde noviembre y $406.400 desde diciembre. El nuevo esquema fue definido por el Gobierno ante la falta de consenso entre las partes que participaron de la negociaci\u00f3n.<\/p>\n<\/article>\n<article class=\"article-body article-body--fifth-paragraph\">\n<div id=\"7996086-Libre-1310115397_wrap\" class=\"embed_cont type_imagen\" contenteditable=\"false\">\n<div id=\"7996086-Libre-1310115397_content\" class=\"embed_content\"><img loading=\"lazy\" decoding=\"async\" id=\"7996086-Libre-1310115397_embed\" title=\"El salario m&amp;iacute;nimo comenzar&amp;aacute; septiembre en $383.800 para los trabajadores mensualizados con jornada completa. El cronograma de aumentos se extender&amp;aacute; hasta abril de 2027, cuando alcanzar&amp;aacute; los $437.000.\" src=\"https:\/\/media.ambito.com\/p\/3afc0c7fc3f540c634ac7d3762523cdf\/adjuntos\/239\/imagenes\/041\/907\/0041907332\/pesos-salarios-paritarias-inflacion.jpg?2024-10-22-13-26-35\" alt=\"El salario m&amp;iacute;nimo comenzar&amp;aacute; septiembre en $383.800 para los trabajadores mensualizados con jornada completa. El cronograma de aumentos se extender&amp;aacute; hasta abril de 2027, cuando alcanzar&amp;aacute; los $437.000.\" width=\"690\" height=\"460\" crossorigin=\"anonymous\" \/><\/div>\n<div id=\"p-1788345883535-77166\" class=\"embed_wrapper-cont\">\n<div id=\"7996086-Libre-1310115397_epigrafe\" class=\"embed_epigrafe\">\n<p class=\"\" data-start=\"1514\" data-end=\"1728\">El salario m\u00ednimo comenzar\u00e1 septiembre en $383.800 para los trabajadores mensualizados con jornada completa. El cronograma de aumentos se extender\u00e1 hasta abril de 2027, cuando alcanzar\u00e1 los $437.000.<\/p>\n<\/div>\n<div id=\"7996086-Libre-1310115397_copyright\" class=\"embed_copyright\">Depositphotos<\/div>\n<\/div>\n<\/div>\n<p id=\"p-1788339390709-10174\" class=\"\">La actualizaci\u00f3n continuar\u00e1 durante el primer cuatrimestre de 2027. El piso ser\u00e1 de $414.200 en enero, $422.000 en febrero, $429.600 en marzo y finalmente alcanzar\u00e1 los\u00a0<strong>$437.000 en abril<\/strong>. La resoluci\u00f3n aclara que las asignaciones familiares quedan excluidas y que, para las jornadas reducidas y los contratos de tiempo parcial contemplados por la normativa laboral, el monto deber\u00e1 calcularse de manera proporcional.<\/p>\n<\/article>\n<article class=\"article-body article-body--remaining-paragraph\">\n<p id=\"p-1788339390709-63478\" class=\"\">En el caso de los trabajadores jornalizados, el valor de la hora ser\u00e1 de $1.919 en septiembre, $1.956 en octubre, $1.994 en noviembre y $2.032 en diciembre. En 2027, la cifra ascender\u00e1 a $2.071 en enero, $2.110 en febrero, $2.148 en marzo y $2.185 en abril.<\/p>\n<h2 id=\"p-1788345834345-2379\">El nuevo salario m\u00ednimo, mes a mes: cu\u00e1nto se cobrar\u00e1 hasta abril de 2027<\/h2>\n<ul id=\"p-1788345847494-34941\">\n<li id=\"p-1788345847494-89589\" data-section-id=\"15hvkcw\" data-start=\"2544\" data-end=\"2607\"><strong data-start=\"2546\" data-end=\"2569\">Septiembre de 2026:<\/strong>\u00a0$383.800 mensuales \/ $1.919 por hora.<\/li>\n<li id=\"p-1788345847494-24739\" data-section-id=\"rjbpos\" data-start=\"2608\" data-end=\"2668\"><strong data-start=\"2610\" data-end=\"2630\">Octubre de 2026:<\/strong>\u00a0$391.200 mensuales \/ $1.956 por hora.<\/li>\n<li id=\"p-1788345847494-52492\" data-section-id=\"mu6x8a\" data-start=\"2669\" data-end=\"2731\"><strong data-start=\"2671\" data-end=\"2693\">Noviembre de 2026:<\/strong>\u00a0$398.800 mensuales \/ $1.994 por hora.<\/li>\n<li id=\"p-1788345847494-4186\" data-section-id=\"jmcq1\" data-start=\"2732\" data-end=\"2794\"><strong data-start=\"2734\" data-end=\"2756\">Diciembre de 2026:<\/strong>\u00a0$406.400 mensuales \/ $2.032 por hora.<\/li>\n<li id=\"p-1788345847494-68832\" data-section-id=\"gywgg3\" data-start=\"2795\" data-end=\"2853\"><strong data-start=\"2797\" data-end=\"2815\">Enero de 2027:<\/strong>\u00a0$414.200 mensuales \/ $2.071 por hora.<\/li>\n<li id=\"p-1788345847494-54098\" data-section-id=\"15h25fe\" data-start=\"2854\" data-end=\"2914\"><strong data-start=\"2856\" data-end=\"2876\">Febrero de 2027:<\/strong>\u00a0$422.000 mensuales \/ $2.110 por hora.<\/li>\n<li id=\"p-1788345847494-5555\" data-section-id=\"1xraofu\" data-start=\"2915\" data-end=\"2973\"><strong data-start=\"2917\" data-end=\"2935\">Marzo de 2027:<\/strong>\u00a0$429.600 mensuales \/ $2.148 por hora.<\/li>\n<li id=\"p-1788345847494-87893\" data-section-id=\"tzi559\" data-start=\"2974\" data-end=\"3032\" data-is-last-node=\"\"><strong data-start=\"2976\" data-end=\"2994\">Abril de 2027:<\/strong> $437.000 mensuales \/ $2.185 por hora.<\/li>\n<\/ul>\n<section class=\"related-news\" data-mrf-recirculation=\"IL_EIhpqTSwTkmhkZatvpV0UQ\" data-testid=\"text-html\" data-mrf-experience=\"IL_EIhpqTSwTkmhkZatvpV0UQ\">\n<div class=\"row row--eq-height\">\n<div class=\"col-12 col-md-6\"><\/div>\n<div class=\"col-12 col-md-6\"><\/div>\n<\/div>\n<\/section>\n<h2 id=\"p-1788339390709-21768\">C\u00f3mo queda la prestaci\u00f3n por desempleo<\/h2>\n<p id=\"p-1788339390709-72795\" class=\"\">La resoluci\u00f3n tambi\u00e9n determin\u00f3 el criterio para calcular la\u00a0<strong>prestaci\u00f3n por desempleo<\/strong>\u00a0contemplada en el art\u00edculo 118 de la Ley 24.013. El beneficio ser\u00e1 equivalente al\u00a0<strong>75% del importe neto de la mejor remuneraci\u00f3n mensual, normal y habitual<\/strong>\u00a0que haya percibido el trabajador durante los seis meses anteriores al cese del contrato que dio origen a la situaci\u00f3n de desempleo.<\/p>\n<p id=\"p-1788339390709-62260\" class=\"\">A su vez, la norma fij\u00f3 un piso y un techo vinculados al salario m\u00ednimo vigente. La prestaci\u00f3n mensual no podr\u00e1 ser inferior al\u00a0<strong>50% del Salario M\u00ednimo, Vital y M\u00f3vil<\/strong>\u00a0ni superar el 100% de ese mismo valor.<\/p>\n<h2 id=\"p-1788339390709-93761\">Por qu\u00e9 el Gobierno defini\u00f3 el aumento<\/h2>\n<p id=\"p-1788339390709-53651\" class=\"\">La nueva escala fue establecida despu\u00e9s de una nueva reuni\u00f3n del Consejo Nacional del Empleo, la Productividad y el Salario M\u00ednimo, Vital y M\u00f3vil que termin\u00f3 sin acuerdo entre sindicatos, empresarios y Gobierno. De esta manera, el Poder Ejecutivo volvi\u00f3 a quedar a cargo de determinar el valor del piso salarial.<\/p>\n<p id=\"p-1788339390709-26630\" class=\"\">El\u00a0<strong>SMVM<\/strong>\u00a0establece el ingreso m\u00ednimo que corresponde a un trabajador por una jornada legal completa y tambi\u00e9n funciona como referencia para la actualizaci\u00f3n de programas sociales, prestaciones y subsidios. En agosto, el monto vigente era de $376.600, luego de un incremento del 1,13% frente a julio, por debajo de la inflaci\u00f3n mensual de 2,1%.<\/p>\n<p id=\"p-1788339390709-67844\" class=\"\">La \u00faltima reuni\u00f3n del Consejo del Salario se realiz\u00f3 de manera virtual, pese al pedido de los gremios para que fuera presencial. Antes del plenario, se retiraron la\u00a0<strong>CGT<\/strong>\u00a0y las dos\u00a0<strong>CTA<\/strong>, luego de que no prosperaran las negociaciones entre las partes.<\/p>\n<p id=\"p-1788339390709-24559\" class=\"\">Durante la comisi\u00f3n t\u00e9cnica, las tres centrales sindicales hab\u00edan presentado una propuesta conjunta para llevar el salario m\u00ednimo a $911.000 en julio y $993.000 en diciembre. El planteo tom\u00f3 como referencia una canasta b\u00e1sica familiar de $1.564.716, aunque los dirigentes gremiales reconocieron que esa cifra no ten\u00eda posibilidades de ser aceptada por el Gobierno.<\/p>\n<div id=\"8272719-966550780_wrap\" class=\"embed_cont type_documento\" contenteditable=\"false\">\n<div id=\"8272719-966550780_content\" class=\"embed_content\">\n<div id=\"8272719-966550780_embed\"><iframe class=\"CMSObject_embed\" src=\"https:\/\/www.ambito.com\/_post\/viewerpdfjs.php?file=https:\/\/www.ambito.com\/adjuntos\/239\/documentos\/043\/617\/0043617682.pdf\" data-gtm-yt-inspected-8=\"true\" data-mce-fragment=\"1\"><\/iframe><\/div>\n<\/div>\n<div id=\"p-1788345376870-53139\" class=\"embed_wrapper-cont\"><\/div>\n<\/div>\n<p id=\"p-1788339390709-19802\" class=\"\">El cotitular de la\u00a0<strong>CGT<\/strong>,\u00a0<strong>Jorge Sola<\/strong>, cuestion\u00f3 la propuesta empresarial por considerarla insuficiente. Tambi\u00e9n\u00a0<strong>Cristian Jer\u00f3nimo<\/strong>, otro de los cotitulares de la central, anticip\u00f3 que el sector sindical no respaldar\u00eda la oferta patronal ni participar\u00eda del plenario destinado a formalizar la decisi\u00f3n.<\/p>\n<p id=\"p-1788339390709-38660\" class=\"\">Los sindicatos tambi\u00e9n reclamaron la reactivaci\u00f3n de las comisiones de Formaci\u00f3n Profesional, Empleo y Productividad del Consejo del Salario para discutir la situaci\u00f3n del empleo y la evoluci\u00f3n del mercado laboral.<\/p>\n<p id=\"p-1788339390709-27895\" class=\"\">Del lado empresario participaron la\u00a0<strong>Uni\u00f3n Industrial Argentina (UIA)<\/strong>, la C\u00e1mara Argentina de Comercio, la C\u00e1mara Argentina de la Construcci\u00f3n, la Confederaci\u00f3n Argentina de la Mediana Empresa, la Asociaci\u00f3n de Bancos Argentinos, la Bolsa de Comercio de Buenos Aires y representantes de los sectores hotelero, gastron\u00f3mico y agrario.<\/p>\n<p id=\"p-1788339390709-45864\">La propuesta empresarial contemplaba una suba del\u00a0<strong>1,8% para septiembre<\/strong>\u00a0y aumentos del 1,7% mensual entre octubre y abril. Con ese esquema, el salario m\u00ednimo habr\u00eda alcanzado los $468.000 en abril de 2027, una cifra que gener\u00f3 el rechazo de los representantes sindicales por la distancia respecto de sus pedidos.<\/p>\n<\/article>\n","protected":false},"excerpt":{"rendered":"<p>El Gobierno oficializ\u00f3 los nuevos valores del\u00a0Salario M\u00ednimo, Vital y M\u00f3vil (SMVM)\u00a0luego de que representantes sindicales y empresarios\u00a0no alcanzaran un acuerdo en el\u00a0Consejo del Salario. La actualizaci\u00f3n comenz\u00f3 a regir desde el 1 de septiembre y contempla una serie de incrementos mensuales hasta abril de 2027. A trav\u00e9s de la\u00a0Resoluci\u00f3n 4\/2026, publicada este mi\u00e9rcoles en [&hellip;]<\/p>\n","protected":false},"author":2,"featured_media":36632,"comment_status":"open","ping_status":"open","sticky":false,"template":"","format":"standard","meta":{"footnotes":""},"categories":[65],"tags":[],"class_list":["post-36631","post","type-post","status-publish","format-standard","has-post-thumbnail","category-economia"],"_links":{"self":[{"href":"https:\/\/radiobitacora.com.ar\/web\/wp-json\/wp\/v2\/posts\/36631","targetHints":{"allow":["GET"]}}],"collection":[{"href":"https:\/\/radiobitacora.com.ar\/web\/wp-json\/wp\/v2\/posts"}],"about":[{"href":"https:\/\/radiobitacora.com.ar\/web\/wp-json\/wp\/v2\/types\/post"}],"author":[{"embeddable":true,"href":"https:\/\/radiobitacora.com.ar\/web\/wp-json\/wp\/v2\/users\/2"}],"replies":[{"embeddable":true,"href":"https:\/\/radiobitacora.com.ar\/web\/wp-json\/wp\/v2\/comments?post=36631"}],"version-history":[{"count":1,"href":"https:\/\/radiobitacora.com.ar\/web\/wp-json\/wp\/v2\/posts\/36631\/revisions"}],"predecessor-version":[{"id":36633,"href":"https:\/\/radiobitacora.com.ar\/web\/wp-json\/wp\/v2\/posts\/36631\/revisions\/36633"}],"wp:featuredmedia":[{"embeddable":true,"href":"https:\/\/radiobitacora.com.ar\/web\/wp-json\/wp\/v2\/media\/36632"}],"wp:attachment":[{"href":"https:\/\/radiobitacora.com.ar\/web\/wp-json\/wp\/v2\/media?parent=36631"}],"wp:term":[{"taxonomy":"category","embeddable":true,"href":"https:\/\/radiobitacora.com.ar\/web\/wp-json\/wp\/v2\/categories?post=36631"},{"taxonomy":"post_tag","embeddable":true,"href":"https:\/\/radiobitacora.com.ar\/web\/wp-json\/wp\/v2\/tags?post=36631"}],"curies":[{"name":"wp","href":"https:\/\/api.w.org\/{rel}","templated":true}]}}