{"id":36634,"date":"2026-09-02T09:09:04","date_gmt":"2026-09-02T12:09:04","guid":{"rendered":"https:\/\/radiobitacora.com.ar\/web\/?p=36634"},"modified":"2026-09-02T09:09:04","modified_gmt":"2026-09-02T12:09:04","slug":"visita-del-papa-leon-xiv-a-la-argentina-la-delegacion-del-vaticano-visita-lujan-y-claypole","status":"publish","type":"post","link":"https:\/\/radiobitacora.com.ar\/web\/2026\/09\/02\/visita-del-papa-leon-xiv-a-la-argentina-la-delegacion-del-vaticano-visita-lujan-y-claypole\/","title":{"rendered":"Visita del papa Le\u00f3n XIV a la Argentina: la delegaci\u00f3n del Vaticano visita Luj\u00e1n y Claypole"},"content":{"rendered":"<article class=\"article-body article-body--first-paragraph\" data-td-script-src=\"https:\/\/www.ambito.com\/td\/modulos\/encuestas\/js\/function-embeds-min-version-1788235717.js\">\n<p id=\"p-1788348271844-48494\"><a href=\"https:\/\/www.ambito.com\/politica\/leon-xiv-argentina-la-iglesia-confirmo-donde-sera-la-misa-central-y-anticipo-la-agenda-del-papa-n6317114\" target=\"_blank\" rel=\"follow noopener\" data-mrf-recirculation=\"Article - Paragraph Links\" data-mrf-link=\"https:\/\/www.ambito.com\/politica\/leon-xiv-argentina-la-iglesia-confirmo-donde-sera-la-misa-central-y-anticipo-la-agenda-del-papa-n6317114\">Los enviados de la Santa Sede<\/a>\u00a0avanzan con los preparativos para la visita del\u00a0<strong><a href=\"https:\/\/www.ambito.com\/informacion-general\/visita-del-papa-leon-xiv-cuantas-personas-se-esperan-caba-lujan-y-cordoba-n6316700\" target=\"_blank\" rel=\"follow noopener\" data-mrf-recirculation=\"Article - Paragraph Links\" data-mrf-link=\"https:\/\/www.ambito.com\/informacion-general\/visita-del-papa-leon-xiv-cuantas-personas-se-esperan-caba-lujan-y-cordoba-n6316700\">papa Le\u00f3n XIV a la Argentina<\/a><\/strong>\u00a0y este mi\u00e9rcoles recorrieron distintos puntos de la provincia de Buenos Aires. La recorrida oficial incluye paradas en la\u00a0<strong>Bas\u00edlica de Luj\u00e1n y el Cottolengo Don Orione, en Claypole<\/strong>. La delegaci\u00f3n tambi\u00e9n mantuvo reuniones con autoridades locales para ultimar detalles de la recorrida.<\/p>\n<\/article>\n<article class=\"article-body article-body--second-paragraph\">\n<p id=\"p-1788348271844-81656\">Las paradas de este mi\u00e9rcoles forman parte del relevamiento de los lugares que\u00a0<strong>se espera que sean parte de la agenda del pont\u00edfice, prevista entre el 8 y el 11 de noviembre<\/strong>. En Luj\u00e1n, la comitiva\u00a0<strong>evalu\u00f3 las condiciones del espacio donde Le\u00f3n XIV\u00a0<\/strong>celebrar\u00eda una de las\u00a0<strong>tres misas principales\u00a0<\/strong>previstas durante su paso por el pa\u00eds.<\/p>\n<\/article>\n<section class=\"related-news\" data-mrf-recirculation=\"IL_WKB9ZAA5TuaKkyUOl-S5Dw\" data-testid=\"text-html\" data-mrf-experience=\"IL_WKB9ZAA5TuaKkyUOl-S5Dw\">\n<div class=\"row row--eq-height\">\n<div class=\"col-12 col-md-6\">\n<article class=\"news-article news-article--landscape-news news-article--landscape-news\">\n<div class=\"news-article__info-wrapper\">\n<h2 class=\"news-article__title\"><a title=\"Le\u00f3n XIV en Argentina: la Iglesia confirm\u00f3 d\u00f3nde ser\u00e1 la misa central y anticip\u00f3 la agenda del Papa\" href=\"https:\/\/www.ambito.com\/politica\/leon-xiv-argentina-la-iglesia-confirmo-donde-sera-la-misa-central-y-anticipo-la-agenda-del-papa-n6317114\" target=\"\" rel=\"deferer follow\" data-mrf-link=\"https:\/\/www.ambito.com\/politica\/leon-xiv-argentina-la-iglesia-confirmo-donde-sera-la-misa-central-y-anticipo-la-agenda-del-papa-n6317114\">Le\u00f3n XIV en Argentina: la Iglesia confirm\u00f3 d\u00f3nde ser\u00e1 la misa central y anticip\u00f3 la agenda del Papa<\/a><\/h2>\n<\/div>\n<\/article>\n<\/div>\n<\/div>\n<\/section>\n<article class=\"article-body article-body--third-paragraph\">\n<p id=\"p-1788348271844-77077\">En Claypole, en tanto, los enviados analizaron el\u00a0<strong>Cottolengo Don Orione<\/strong>\u00a0como posible escenario para una actividad relacionada con la vulnerabilidad social. El predio ocupa 49 manzanas y est\u00e1 destinado al cuidado de personas con discapacidad.<\/p>\n<\/article>\n<article class=\"article-body article-body--fourth-paragraph\">\n<div id=\"8231742-Libre-2800454_wrap\" class=\"embed_cont type_imagen\" contenteditable=\"false\">\n<div id=\"8231742-Libre-2800454_content\" class=\"embed_content\"><img decoding=\"async\" id=\"8231742-Libre-2800454_embed\" title=\"La visita est\u00e1 prevista entre el 8 y el 11 de noviembre.\" src=\"https:\/\/media.ambito.com\/p\/35a1d501ef036275b4fb097feded8418\/adjuntos\/239\/imagenes\/043\/409\/0043409679\/730x0\/1322x215:1342x235\/papa-leon-xiv-viaje-avion.png\" alt=\"La visita est\u00e1 prevista entre el 8 y el 11 de noviembre.\" width=\"730\" height=\"undefined\" \/><\/div>\n<div id=\"p-1788348710635-17261\" class=\"embed_wrapper-cont\">\n<div id=\"8231742-Libre-2800454_epigrafe\" class=\"embed_epigrafe\">\n<p id=\"p-1788348931593-24526\">La visita est\u00e1 prevista entre el 8 y el 11 de noviembre.<\/p>\n<\/div>\n<div id=\"8231742-Libre-2800454_copyright\" class=\"embed_copyright\">Vatican Media<\/div>\n<\/div>\n<\/div>\n<p id=\"p-1788348271844-15296\">Desde la\u00a0<strong>Conferencia Episcopal<\/strong>\u00a0aclararon que la delegaci\u00f3n todav\u00eda no est\u00e1 definiendo las actividades del Papa.\u00a0<strong>\u201cSon reuniones m\u00e1s informativas, est\u00e1n mirando lugares, no est\u00e1n definiendo nada. Eso despu\u00e9s se enviar\u00e1 a Secretar\u00eda de Estado y se decide\u201d<\/strong>, explicaron.<\/p>\n<\/article>\n<article class=\"article-body article-body--fifth-paragraph\">\n<h2 id=\"p-1788348271844-10729\">C\u00f3mo avanza la organizaci\u00f3n de la visita de Le\u00f3n XIV<\/h2>\n<p id=\"p-1788348271844-20231\">En paralelo con la recorrida, el presidente de la\u00a0<strong>Conferencia Episcopal Argentina, Marcelo Colombo<\/strong>, se reuni\u00f3 con el gobernador bonaerense\u00a0<strong>Axel Kicillof<\/strong>\u00a0en La Plata para avanzar en la organizaci\u00f3n de la visita y coordinar cuestiones vinculadas con la seguridad.<\/p>\n<\/article>\n<article class=\"article-body article-body--remaining-paragraph\">\n<p id=\"p-1788348271844-35089\">Kicillof confirm\u00f3 el encuentro a trav\u00e9s de sus redes sociales y se\u00f1al\u00f3:\u00a0<strong>\u201cCoordinamos detalles de las actividades previstas en Luj\u00e1n y tambi\u00e9n del operativo de seguridad para la misa programada para el 11 de noviembre en esa ciudad\u201d.<\/strong><\/p>\n<div id=\"8272222-Libre-273130306_wrap\" class=\"embed_cont type_imagen\" contenteditable=\"false\">\n<div id=\"8272222-Libre-273130306_content\" class=\"embed_content\"><img decoding=\"async\" id=\"8272222-Libre-273130306_embed\" title=\"La misa central ser\u00e1 en el Monumento de los Espa\u00f1oles.\" src=\"https:\/\/media.ambito.com\/p\/05c0bb7c45a9f9c923fc8b336767e79f\/adjuntos\/239\/imagenes\/043\/615\/0043615207\/730x0\/914x253:934x273\/leon-xiv-argentian.jpeg\" alt=\"La misa central ser\u00e1 en el Monumento de los Espa\u00f1oles.\" width=\"730\" height=\"undefined\" \/><\/div>\n<div id=\"p-1788348721585-14765\" class=\"embed_wrapper-cont\">\n<div id=\"8272222-Libre-273130306_epigrafe\" class=\"embed_epigrafe\">\n<p id=\"p-1788348812057-91278\">La misa central ser\u00e1 en el Monumento de los Espa\u00f1oles.<\/p>\n<\/div>\n<div id=\"8272222-Libre-273130306_copyright\" class=\"embed_copyright\">Imagen creada con IA<\/div>\n<\/div>\n<\/div>\n<p id=\"p-1788348271844-33896\">La delegaci\u00f3n vaticana hab\u00eda comenzado su trabajo el lunes en la\u00a0<strong>Ciudad de Buenos Aires<\/strong>, donde visit\u00f3 el Monumento de los Espa\u00f1oles, el Palacio Libertad y el Palacio San Mart\u00edn. En este \u00faltimo lugar mantuvo una reuni\u00f3n de trabajo con representantes de la\u00a0<strong>Secretar\u00eda General de la Presidencia, la Nunciatura, la Conferencia Episcopal y la Canciller\u00eda<\/strong>.<\/p>\n<p id=\"p-1788348271844-36612\">Los enviados de la Santa Sede terminar\u00e1n el relevamiento este jueves por la ma\u00f1ana. Luego, la\u00a0<strong>Secretar\u00eda de Estado del Vaticano<\/strong>\u00a0analizar\u00e1 los informes elaborados durante la recorrida y definir\u00e1 el itinerario definitivo de Le\u00f3n XIV durante su visita a la Argentina.<\/p>\n<\/article>\n","protected":false},"excerpt":{"rendered":"<p>Los enviados de la Santa Sede\u00a0avanzan con los preparativos para la visita del\u00a0papa Le\u00f3n XIV a la Argentina\u00a0y este mi\u00e9rcoles recorrieron distintos puntos de la provincia de Buenos Aires. La recorrida oficial incluye paradas en la\u00a0Bas\u00edlica de Luj\u00e1n y el Cottolengo Don Orione, en Claypole. La delegaci\u00f3n tambi\u00e9n mantuvo reuniones con autoridades locales para ultimar [&hellip;]<\/p>\n","protected":false},"author":2,"featured_media":36635,"comment_status":"open","ping_status":"open","sticky":false,"template":"","format":"standard","meta":{"footnotes":""},"categories":[77],"tags":[],"class_list":["post-36634","post","type-post","status-publish","format-standard","has-post-thumbnail","category-nacionales"],"_links":{"self":[{"href":"https:\/\/radiobitacora.com.ar\/web\/wp-json\/wp\/v2\/posts\/36634","targetHints":{"allow":["GET"]}}],"collection":[{"href":"https:\/\/radiobitacora.com.ar\/web\/wp-json\/wp\/v2\/posts"}],"about":[{"href":"https:\/\/radiobitacora.com.ar\/web\/wp-json\/wp\/v2\/types\/post"}],"author":[{"embeddable":true,"href":"https:\/\/radiobitacora.com.ar\/web\/wp-json\/wp\/v2\/users\/2"}],"replies":[{"embeddable":true,"href":"https:\/\/radiobitacora.com.ar\/web\/wp-json\/wp\/v2\/comments?post=36634"}],"version-history":[{"count":1,"href":"https:\/\/radiobitacora.com.ar\/web\/wp-json\/wp\/v2\/posts\/36634\/revisions"}],"predecessor-version":[{"id":36636,"href":"https:\/\/radiobitacora.com.ar\/web\/wp-json\/wp\/v2\/posts\/36634\/revisions\/36636"}],"wp:featuredmedia":[{"embeddable":true,"href":"https:\/\/radiobitacora.com.ar\/web\/wp-json\/wp\/v2\/media\/36635"}],"wp:attachment":[{"href":"https:\/\/radiobitacora.com.ar\/web\/wp-json\/wp\/v2\/media?parent=36634"}],"wp:term":[{"taxonomy":"category","embeddable":true,"href":"https:\/\/radiobitacora.com.ar\/web\/wp-json\/wp\/v2\/categories?post=36634"},{"taxonomy":"post_tag","embeddable":true,"href":"https:\/\/radiobitacora.com.ar\/web\/wp-json\/wp\/v2\/tags?post=36634"}],"curies":[{"name":"wp","href":"https:\/\/api.w.org\/{rel}","templated":true}]}}