{"id":36643,"date":"2026-09-02T09:24:50","date_gmt":"2026-09-02T12:24:50","guid":{"rendered":"https:\/\/radiobitacora.com.ar\/web\/?p=36643"},"modified":"2026-09-02T09:24:50","modified_gmt":"2026-09-02T12:24:50","slug":"juan-pablo-valdes-viaja-a-misiones-para-una-cumbre-economica-que-cerrara-javier-milei","status":"publish","type":"post","link":"https:\/\/radiobitacora.com.ar\/web\/2026\/09\/02\/juan-pablo-valdes-viaja-a-misiones-para-una-cumbre-economica-que-cerrara-javier-milei\/","title":{"rendered":"Juan Pablo Vald\u00e9s viaja a Misiones para una cumbre econ\u00f3mica que cerrar\u00e1 Javier Milei"},"content":{"rendered":"<p>El gobernador <strong>Juan Pablo Vald\u00e9s\u00a0<\/strong>viajar\u00e1 este viernes a\u00a0<strong>Misiones\u00a0<\/strong>para participar de la\u00a0<strong>47\u00aa Convenci\u00f3n Anual del Instituto Argentino de Ejecutivos de Finanzas\u00a0<\/strong>(Iaef). El correntino integrar\u00e1 un panel en Puerto Iguaz\u00fa junto a otros mandatarios, mientras que el presidente\u00a0<strong>Javier Milei\u00a0<\/strong>cerrar\u00e1 la cumbre ante empresarios y referentes econ\u00f3micos.<\/p>\n<div class=\"link-nota-propia\">\n<div class=\"link-nota-propia__cuerpo\">\n<div class=\"nota-propia--desktop\">\n<article class=\"nota--linea\">\n<div class=\"nota__media\"><a href=\"https:\/\/www.ellitoral.com.ar\/actualidad\/2026-9-1-11-18-0-valdes-anticipo-anuncios-salariales-para-este-ano-y-se-refirio-a-la-llegada-del-super-nino\"><img decoding=\"async\" class=\"i-amphtml-fill-content i-amphtml-replaced-content\" title=\"Juan Pablo Vald\u00e9s sobre un nuevo aumento: &quot;Vamos a trabajar en los porcentajes para no quedar atr\u00e1s&quot;\" src=\"https:\/\/pxcdn.ellitoral.com.ar\/litoral\/092026\/1788272756984.webp?cw=250&amp;ch=141&amp;extw=jpg\" alt=\"Juan Pablo Vald\u00e9s sobre un nuevo aumento: &quot;Vamos a trabajar en los porcentajes para no quedar atr\u00e1s&quot;\" data-amp-auto-lightbox-disable=\"\" \/><\/a><\/div>\n<div class=\"nota__body\">\n<div class=\"nota__volanta\"><\/div>\n<\/div>\n<\/article>\n<\/div>\n<\/div>\n<\/div>\n<p>Vald\u00e9s compartir\u00e1 el panel con\u00a0<strong>Hugo Passalacqua<\/strong>, de Misiones;\u00a0<strong>Alfredo Cornejo<\/strong>, de Mendoza; y\u00a0<strong>Ra\u00fal Jalil<\/strong>, de Catamarca. El encuentro en el hotel Loi Suites tambi\u00e9n estar\u00e1 atravesado por el rol de las provincias frente a las reformas econ\u00f3micas y productivas impulsadas por el Gobierno nacional.<\/p>\n<p>Durante su exposici\u00f3n, el gobernador correntino plantear\u00e1 la importancia de la<strong>\u00a0oferta exportadora<\/strong> de la provincia. Tambi\u00e9n destacar\u00e1 los beneficios de la al\u00edcuota cero en ingresos brutos que aplica Corrientes.<\/p>\n<p>Adem\u00e1s, los mandatarios provinciales insistir\u00e1n con el tratamiento de la\u00a0<strong>ley de Zona Fr\u00eda<\/strong>\u00a0para la regi\u00f3n. A esto sumar\u00e1n el reclamo por una tarifa energ\u00e9tica diferenciada que contemple las temperaturas altas de la regi\u00f3n.<\/p>\n<h2 class=\"h2\">La primera visita de Milei a Misiones<\/h2>\n<p>Javier Milei llegar\u00e1 este viernes a Puerto Iguaz\u00fa para cerrar la cumbre econ\u00f3mica. Su exposici\u00f3n est\u00e1 prevista para las 18.15, luego del desarrollo de las distintas actividades programadas. Ser\u00e1 su\u00a0<strong>primera visita a Misiones desde que asumi\u00f3 la presidencia.<\/strong><\/p>\n<p>En di\u00e1logo con la prensa, Vald\u00e9s descart\u00f3 que tenga previsto mantener un encuentro con el presidente en Misiones. De esta manera, la participaci\u00f3n del mandatario correntino estar\u00e1 concentrada en el panel junto a sus pares provinciales.<\/p>\n<p>La Convenci\u00f3n es el m\u00e1s antiguo de los dos grandes eventos anuales del Iaef y, en esta edici\u00f3n, tambi\u00e9n estar\u00e1n\u00a0tres ministros del gabinete nacional:\u00a0<strong>Luis Caputo<\/strong>\u00a0(Econom\u00eda),\u00a0<strong>Federico Sturzenegger\u00a0<\/strong>(Desregulaci\u00f3n y Transformaci\u00f3n del Estado) y\u00a0<strong>Pablo Quirno<\/strong> (Relaciones Exteriores).<\/p>\n<p>El programa comenzar\u00e1 ma\u00f1ana con el vicepresidente del Banco Central, Vladimir Werning, y la exposici\u00f3n de Sturzenegger.<\/p>\n","protected":false},"excerpt":{"rendered":"<p>El gobernador Juan Pablo Vald\u00e9s\u00a0viajar\u00e1 este viernes a\u00a0Misiones\u00a0para participar de la\u00a047\u00aa Convenci\u00f3n Anual del Instituto Argentino de Ejecutivos de Finanzas\u00a0(Iaef). El correntino integrar\u00e1 un panel en Puerto Iguaz\u00fa junto a otros mandatarios, mientras que el presidente\u00a0Javier Milei\u00a0cerrar\u00e1 la cumbre ante empresarios y referentes econ\u00f3micos. Vald\u00e9s compartir\u00e1 el panel con\u00a0Hugo Passalacqua, de Misiones;\u00a0Alfredo Cornejo, de Mendoza; [&hellip;]<\/p>\n","protected":false},"author":2,"featured_media":36644,"comment_status":"open","ping_status":"open","sticky":false,"template":"","format":"standard","meta":{"footnotes":""},"categories":[72],"tags":[],"class_list":["post-36643","post","type-post","status-publish","format-standard","has-post-thumbnail","category-provinciales"],"_links":{"self":[{"href":"https:\/\/radiobitacora.com.ar\/web\/wp-json\/wp\/v2\/posts\/36643","targetHints":{"allow":["GET"]}}],"collection":[{"href":"https:\/\/radiobitacora.com.ar\/web\/wp-json\/wp\/v2\/posts"}],"about":[{"href":"https:\/\/radiobitacora.com.ar\/web\/wp-json\/wp\/v2\/types\/post"}],"author":[{"embeddable":true,"href":"https:\/\/radiobitacora.com.ar\/web\/wp-json\/wp\/v2\/users\/2"}],"replies":[{"embeddable":true,"href":"https:\/\/radiobitacora.com.ar\/web\/wp-json\/wp\/v2\/comments?post=36643"}],"version-history":[{"count":1,"href":"https:\/\/radiobitacora.com.ar\/web\/wp-json\/wp\/v2\/posts\/36643\/revisions"}],"predecessor-version":[{"id":36645,"href":"https:\/\/radiobitacora.com.ar\/web\/wp-json\/wp\/v2\/posts\/36643\/revisions\/36645"}],"wp:featuredmedia":[{"embeddable":true,"href":"https:\/\/radiobitacora.com.ar\/web\/wp-json\/wp\/v2\/media\/36644"}],"wp:attachment":[{"href":"https:\/\/radiobitacora.com.ar\/web\/wp-json\/wp\/v2\/media?parent=36643"}],"wp:term":[{"taxonomy":"category","embeddable":true,"href":"https:\/\/radiobitacora.com.ar\/web\/wp-json\/wp\/v2\/categories?post=36643"},{"taxonomy":"post_tag","embeddable":true,"href":"https:\/\/radiobitacora.com.ar\/web\/wp-json\/wp\/v2\/tags?post=36643"}],"curies":[{"name":"wp","href":"https:\/\/api.w.org\/{rel}","templated":true}]}}