{"id":36647,"date":"2026-09-02T09:49:43","date_gmt":"2026-09-02T12:49:43","guid":{"rendered":"https:\/\/radiobitacora.com.ar\/web\/?p=36647"},"modified":"2026-09-02T09:49:43","modified_gmt":"2026-09-02T12:49:43","slug":"como-todos-los-miercoles-en-conta-conmigo-elba-fernandez-en-su-espacio-campo-con-la-conduccion-de-pedro-sa","status":"publish","type":"post","link":"https:\/\/radiobitacora.com.ar\/web\/2026\/09\/02\/como-todos-los-miercoles-en-conta-conmigo-elba-fernandez-en-su-espacio-campo-con-la-conduccion-de-pedro-sa\/","title":{"rendered":"Como todos los miercoles en Conta Conmigo Elba Fernandez en su &#8220;Espacio Campo&#8221; con la conduccion de Pedro Sa."},"content":{"rendered":"<p>\ud83c\udf99\ufe0f Espacio Campo con Elba Fern\u00e1ndez<br \/>\nEn Cont\u00e1 Conmigo, Elba nos trae cada mi\u00e9rcoles la mirada del sector agropecuario. En esta edici\u00f3n, compartir\u00e1 un resumen de lo que dej\u00f3 la 57\u00aa Expo Rural de Goya, con los principales protagonistas y novedades del evento.Tambi\u00e9n adelantar\u00e1 las exposiciones rurales que se vienen en Corrientes durante septiembre, y repasar\u00e1 las l\u00edneas crediticias disponibles para productores, fundamentales para seguir fortaleciendo el trabajo en el campo.Un espacio de informaci\u00f3n y compromiso con la producci\u00f3n local, presentado por Pedro S\u00e1 en Radio Bit\u00e1cora.<\/p>\n","protected":false},"excerpt":{"rendered":"<p>\ud83c\udf99\ufe0f Espacio Campo con Elba Fern\u00e1ndez En Cont\u00e1 Conmigo, Elba nos trae cada mi\u00e9rcoles la mirada del sector agropecuario. En esta edici\u00f3n, compartir\u00e1 un resumen de lo que dej\u00f3 la 57\u00aa Expo Rural de Goya, con los principales protagonistas y novedades del evento.Tambi\u00e9n adelantar\u00e1 las exposiciones rurales que se vienen en Corrientes durante septiembre, y [&hellip;]<\/p>\n","protected":false},"author":2,"featured_media":36648,"comment_status":"open","ping_status":"open","sticky":false,"template":"","format":"standard","meta":{"footnotes":""},"categories":[56],"tags":[],"class_list":["post-36647","post","type-post","status-publish","format-standard","has-post-thumbnail","category-locales"],"_links":{"self":[{"href":"https:\/\/radiobitacora.com.ar\/web\/wp-json\/wp\/v2\/posts\/36647","targetHints":{"allow":["GET"]}}],"collection":[{"href":"https:\/\/radiobitacora.com.ar\/web\/wp-json\/wp\/v2\/posts"}],"about":[{"href":"https:\/\/radiobitacora.com.ar\/web\/wp-json\/wp\/v2\/types\/post"}],"author":[{"embeddable":true,"href":"https:\/\/radiobitacora.com.ar\/web\/wp-json\/wp\/v2\/users\/2"}],"replies":[{"embeddable":true,"href":"https:\/\/radiobitacora.com.ar\/web\/wp-json\/wp\/v2\/comments?post=36647"}],"version-history":[{"count":1,"href":"https:\/\/radiobitacora.com.ar\/web\/wp-json\/wp\/v2\/posts\/36647\/revisions"}],"predecessor-version":[{"id":36649,"href":"https:\/\/radiobitacora.com.ar\/web\/wp-json\/wp\/v2\/posts\/36647\/revisions\/36649"}],"wp:featuredmedia":[{"embeddable":true,"href":"https:\/\/radiobitacora.com.ar\/web\/wp-json\/wp\/v2\/media\/36648"}],"wp:attachment":[{"href":"https:\/\/radiobitacora.com.ar\/web\/wp-json\/wp\/v2\/media?parent=36647"}],"wp:term":[{"taxonomy":"category","embeddable":true,"href":"https:\/\/radiobitacora.com.ar\/web\/wp-json\/wp\/v2\/categories?post=36647"},{"taxonomy":"post_tag","embeddable":true,"href":"https:\/\/radiobitacora.com.ar\/web\/wp-json\/wp\/v2\/tags?post=36647"}],"curies":[{"name":"wp","href":"https:\/\/api.w.org\/{rel}","templated":true}]}}