{"id":36650,"date":"2026-09-02T19:08:20","date_gmt":"2026-09-02T22:08:20","guid":{"rendered":"https:\/\/radiobitacora.com.ar\/web\/?p=36650"},"modified":"2026-09-02T19:08:20","modified_gmt":"2026-09-02T22:08:20","slug":"este-jueves-3-de-septiembre-tamara-lamens-en-conta-conmigo-con-pedro-sa-de-8-30-a-10-en-la-98-9","status":"publish","type":"post","link":"https:\/\/radiobitacora.com.ar\/web\/2026\/09\/02\/este-jueves-3-de-septiembre-tamara-lamens-en-conta-conmigo-con-pedro-sa-de-8-30-a-10-en-la-98-9\/","title":{"rendered":"Este jueves 3 de septiembre Tamara Lamens en Conta Conmigo con Pedro Sa de 8.30 a 10 en la 98.9."},"content":{"rendered":"<p>\u00a1ESTE JUEVES EN CONTA CONMIGO! \ud83c\udf99\ufe0f\u2728<\/p>\n<p>\u200bNos visita Tamara Lamens, hoy al frente de Cotill\u00f3n y M\u00e1s, pero con un recorrido enorme en la coordinaci\u00f3n y comercializaci\u00f3n de viajes de turismo, tanto estudiantiles como nacionales e internacionales, dejando su huella en agencias de gran trayectoria como Esquetur.<\/p>\n<p>\u200bEn una charla imperdible vamos a debatir y reflexionar sobre:<\/p>\n<p>\ud83d\udc49 Emprender y reinventarse: El desaf\u00edo de cambiar de rubro y superarse.<\/p>\n<p>\ud83d\udc49 Turismo y comercio: Del dinamismo de vender experiencias a la atenci\u00f3n detr\u00e1s del mostrador.<\/p>\n<p>\ud83d\udc49 Coyuntura actual: An\u00e1lisis y mirada sobre la realidad del turismo en Argentina y la balanza comercial del sector.<\/p>\n<p>\u200b\ud83d\uddd3 Jueves 3 de Septiembre<\/p>\n<p>\u23f0 08:30 a 10:00 hs.<\/p>\n<p>\ud83d\udcfb Radio Bit\u00e1cora 98.9 | 1.1 Gowigo<\/p>\n<p>\ud83c\udf99 Conduce: Pedro S\u00e1<\/p>\n<p>\u200b\u00a1No te lo pierdas! Sumate a la transmisi\u00f3n en vivo y dejanos tu mensaje. \ud83d\udce9\ud83d\udc47<\/p>\n","protected":false},"excerpt":{"rendered":"<p>\u00a1ESTE JUEVES EN CONTA CONMIGO! \ud83c\udf99\ufe0f\u2728 \u200bNos visita Tamara Lamens, hoy al frente de Cotill\u00f3n y M\u00e1s, pero con un recorrido enorme en la coordinaci\u00f3n y comercializaci\u00f3n de viajes de turismo, tanto estudiantiles como nacionales e internacionales, dejando su huella en agencias de gran trayectoria como Esquetur. \u200bEn una charla imperdible vamos a debatir y [&hellip;]<\/p>\n","protected":false},"author":2,"featured_media":36651,"comment_status":"open","ping_status":"open","sticky":false,"template":"","format":"standard","meta":{"footnotes":""},"categories":[56],"tags":[],"class_list":["post-36650","post","type-post","status-publish","format-standard","has-post-thumbnail","category-locales"],"_links":{"self":[{"href":"https:\/\/radiobitacora.com.ar\/web\/wp-json\/wp\/v2\/posts\/36650","targetHints":{"allow":["GET"]}}],"collection":[{"href":"https:\/\/radiobitacora.com.ar\/web\/wp-json\/wp\/v2\/posts"}],"about":[{"href":"https:\/\/radiobitacora.com.ar\/web\/wp-json\/wp\/v2\/types\/post"}],"author":[{"embeddable":true,"href":"https:\/\/radiobitacora.com.ar\/web\/wp-json\/wp\/v2\/users\/2"}],"replies":[{"embeddable":true,"href":"https:\/\/radiobitacora.com.ar\/web\/wp-json\/wp\/v2\/comments?post=36650"}],"version-history":[{"count":1,"href":"https:\/\/radiobitacora.com.ar\/web\/wp-json\/wp\/v2\/posts\/36650\/revisions"}],"predecessor-version":[{"id":36652,"href":"https:\/\/radiobitacora.com.ar\/web\/wp-json\/wp\/v2\/posts\/36650\/revisions\/36652"}],"wp:featuredmedia":[{"embeddable":true,"href":"https:\/\/radiobitacora.com.ar\/web\/wp-json\/wp\/v2\/media\/36651"}],"wp:attachment":[{"href":"https:\/\/radiobitacora.com.ar\/web\/wp-json\/wp\/v2\/media?parent=36650"}],"wp:term":[{"taxonomy":"category","embeddable":true,"href":"https:\/\/radiobitacora.com.ar\/web\/wp-json\/wp\/v2\/categories?post=36650"},{"taxonomy":"post_tag","embeddable":true,"href":"https:\/\/radiobitacora.com.ar\/web\/wp-json\/wp\/v2\/tags?post=36650"}],"curies":[{"name":"wp","href":"https:\/\/api.w.org\/{rel}","templated":true}]}}