{"id":36653,"date":"2026-09-03T07:45:12","date_gmt":"2026-09-03T10:45:12","guid":{"rendered":"https:\/\/radiobitacora.com.ar\/web\/?p=36653"},"modified":"2026-09-03T07:45:12","modified_gmt":"2026-09-03T10:45:12","slug":"la-onu-alerto-que-el-fenomeno-de-el-nino-durara-hasta-febrero-y-sera-muy-fuerte","status":"publish","type":"post","link":"https:\/\/radiobitacora.com.ar\/web\/2026\/09\/03\/la-onu-alerto-que-el-fenomeno-de-el-nino-durara-hasta-febrero-y-sera-muy-fuerte\/","title":{"rendered":"La ONU alert\u00f3 que el fen\u00f3meno de El Ni\u00f1o durar\u00e1 hasta febrero y ser\u00e1 \u201cmuy fuerte\u201d"},"content":{"rendered":"<p class=\"paragraph\" data-paragraph-number=\"1\" data-mrf-recirculation=\"Links inline\">La\u00a0<b>Organizaci\u00f3n Meteorol\u00f3gica Mundial (OMM)<\/b>\u00a0advirti\u00f3 este jueves que el fen\u00f3meno de\u00a0<b>El Ni\u00f1o se intensificar\u00e1 durante los pr\u00f3ximos meses y alcanzar\u00e1 una magnitud muy fuerte<\/b>, con efectos que podr\u00edan extenderse hasta febrero de 2027 y repercusiones clim\u00e1ticas durante buena parte de ese a\u00f1o.<\/p>\n<p class=\"paragraph\" data-paragraph-number=\"2\" data-mrf-recirculation=\"Links inline\">El organismo se\u00f1al\u00f3 que existe una probabilidad \u201cextraordinariamente alta, cercana al 100%\u201d de que el actual episodio persista hasta febrero. El Ni\u00f1o eleva la temperatura de la superficie en el Pac\u00edfico ecuatorial central y oriental, con\u00a0<b>efectos sobre los vientos, la presi\u00f3n atmosf\u00e9rica y las lluvias en distintas regiones del mundo<\/b>.<\/p>\n<p class=\"paragraph\" data-paragraph-number=\"3\" data-mrf-recirculation=\"Links inline\">\u201cEl Ni\u00f1o est\u00e1 claramente establecido y se intensificar\u00e1 hasta convertirse en un fen\u00f3meno muy fuerte en los pr\u00f3ximos meses, con\u00a0<b>grandes impactos en los patrones de precipitaci\u00f3n y temperatura, y los riesgos asociados a inundaciones, sequ\u00edas y calor extremo<\/b>\u201d, afirm\u00f3 la agencia de la Organizaci\u00f3n de Naciones Unidas (ONU).<\/p>\n<p class=\"paragraph\" data-paragraph-number=\"4\" data-mrf-recirculation=\"Links inline\">\u201c<b>El Ni\u00f1o se est\u00e1 volviendo gigantesco ante nuestros ojos<\/b>\u201d, alert\u00f3 el secretario general de Naciones Unidas,\u00a0<b>Antonio Guterres<\/b>. \u201cLa ciencia no deja lugar a dudas: el planeta se encuentra en aguas desconocidas, y esas aguas se est\u00e1n calentando. Las temperaturas de la superficie del mar est\u00e1n aumentando, las temperaturas siguen subiendo y el mundo se encuentra en la zona de peligro del clima extremo\u201d, agreg\u00f3.<\/p>\n<p class=\"paragraph\" data-paragraph-number=\"5\" data-mrf-recirculation=\"Links inline\">Los efectos ya llevaron a\u00a0<b>Panam\u00e1<\/b>\u00a0y\u00a0<b>El Salvador<\/b> a declarar emergencias. En el caso paname\u00f1o, el fen\u00f3meno oblig\u00f3 a reducir el tr\u00e1nsito de embarcaciones por la v\u00eda interoce\u00e1nica. Ecuador, por su parte, decret\u00f3 la alerta roja ante la intensificaci\u00f3n del evento.<\/p>\n<div class=\"visual__image\"><picture><source srcset=\"https:\/\/www.infobae.com\/resizer\/v2\/JKP2XEVBL5ADRGYR4A4G2EMO5I.jpeg?auth=309545b4ca1c218f7992dad453ed95f28be51b5fc7bf4851671ff6936f7625ee&amp;smart=true&amp;width=992&amp;height=567&amp;quality=85\" media=\"(min-width: 1000px)\" \/><source srcset=\"https:\/\/www.infobae.com\/resizer\/v2\/JKP2XEVBL5ADRGYR4A4G2EMO5I.jpeg?auth=309545b4ca1c218f7992dad453ed95f28be51b5fc7bf4851671ff6936f7625ee&amp;smart=true&amp;width=768&amp;height=439&amp;quality=85\" media=\"(min-width: 768px)\" \/><source srcset=\"https:\/\/www.infobae.com\/resizer\/v2\/JKP2XEVBL5ADRGYR4A4G2EMO5I.jpeg?auth=309545b4ca1c218f7992dad453ed95f28be51b5fc7bf4851671ff6936f7625ee&amp;smart=true&amp;width=577&amp;height=330&amp;quality=85\" media=\"(min-width: 580px)\" \/><source srcset=\"https:\/\/www.infobae.com\/resizer\/v2\/JKP2XEVBL5ADRGYR4A4G2EMO5I.jpeg?auth=309545b4ca1c218f7992dad453ed95f28be51b5fc7bf4851671ff6936f7625ee&amp;smart=true&amp;width=420&amp;height=240&amp;quality=85\" media=\"(min-width: 350px)\" \/><source srcset=\"https:\/\/www.infobae.com\/resizer\/v2\/JKP2XEVBL5ADRGYR4A4G2EMO5I.jpeg?auth=309545b4ca1c218f7992dad453ed95f28be51b5fc7bf4851671ff6936f7625ee&amp;smart=true&amp;width=350&amp;height=200&amp;quality=85\" media=\"(min-width: 80px)\" \/><img loading=\"lazy\" decoding=\"async\" class=\"global-image\" src=\"https:\/\/www.infobae.com\/resizer\/v2\/JKP2XEVBL5ADRGYR4A4G2EMO5I.jpeg?auth=309545b4ca1c218f7992dad453ed95f28be51b5fc7bf4851671ff6936f7625ee&amp;smart=true&amp;width=350&amp;height=200&amp;quality=85\" alt=\"El Ni\u00f1o est\u00e1 alcanzando una intensidad muy fuerte (NASA)\" width=\"1024\" height=\"585\" \/><\/picture>El Ni\u00f1o est\u00e1 alcanzando una intensidad muy fuerte (NASA)<\/div>\n<p class=\"paragraph\" data-paragraph-number=\"6\" data-mrf-recirculation=\"Links inline\">El \u00edndice de temperatura de la superficie del mar en el Pac\u00edfico ecuatorial centrooriental pas\u00f3 de un promedio de 1,5 \u00b0C por encima de lo normal entre mayo y julio a valores semanales de entre 2,2 \u00b0C y 2,6 \u00b0C sobre la media entre fines de julio y mediados de agosto. En algunas \u00e1reas, las temperaturas subsuperficiales del oc\u00e9ano superaron en m\u00e1s de 8 \u00b0C el promedio durante julio y los primeros d\u00edas de agosto, seg\u00fan el informe de la OMM.<\/p>\n<p class=\"paragraph\" data-paragraph-number=\"7\" data-mrf-recirculation=\"Links inline\">El fen\u00f3meno no deriva del cambio clim\u00e1tico, aunque los cient\u00edficos prev\u00e9n que agrave el calentamiento global causado por la quema de combustibles f\u00f3siles y aumente la intensidad de episodios meteorol\u00f3gicos extremos.<\/p>\n<p class=\"paragraph\" data-paragraph-number=\"8\" data-mrf-recirculation=\"Links inline\">Guterres sostuvo que la respuesta depender\u00e1 de la velocidad de las medidas de prevenci\u00f3n. \u201cLa carrera ahora es entre los riesgos crecientes y nuestro compromiso de tomar medidas clim\u00e1ticas y proteger a las personas. Debemos ganar esa carrera\u201d, afirm\u00f3.<\/p>\n<p class=\"paragraph\" data-paragraph-number=\"9\" data-mrf-recirculation=\"Links inline\">La directora de la OMM,\u00a0<b>Celeste Saulo<\/b>, advirti\u00f3 que el episodio puede afectar a comunidades y econom\u00edas en distintas regiones. \u201c<b>Este El Ni\u00f1o excepcional (&#8230;) tiene el potencial de asestar un golpe devastador a las comunidades y econom\u00edas de todo el mundo<\/b>\u201d, indic\u00f3.<\/p>\n<div class=\"visual__image\"><picture><source srcset=\"https:\/\/www.infobae.com\/resizer\/v2\/H7ATQ7B2SVA5RDR3RNPY5XDSVI.jfif?auth=f350f743cb1efc633fa450ea296d4efbfb1e81bf7e536adac9655c37b7dbaeb1&amp;smart=true&amp;width=992&amp;height=587&amp;quality=85\" media=\"(min-width: 1000px)\" \/><source srcset=\"https:\/\/www.infobae.com\/resizer\/v2\/H7ATQ7B2SVA5RDR3RNPY5XDSVI.jfif?auth=f350f743cb1efc633fa450ea296d4efbfb1e81bf7e536adac9655c37b7dbaeb1&amp;smart=true&amp;width=768&amp;height=454&amp;quality=85\" media=\"(min-width: 768px)\" \/><source srcset=\"https:\/\/www.infobae.com\/resizer\/v2\/H7ATQ7B2SVA5RDR3RNPY5XDSVI.jfif?auth=f350f743cb1efc633fa450ea296d4efbfb1e81bf7e536adac9655c37b7dbaeb1&amp;smart=true&amp;width=577&amp;height=341&amp;quality=85\" media=\"(min-width: 580px)\" \/><source srcset=\"https:\/\/www.infobae.com\/resizer\/v2\/H7ATQ7B2SVA5RDR3RNPY5XDSVI.jfif?auth=f350f743cb1efc633fa450ea296d4efbfb1e81bf7e536adac9655c37b7dbaeb1&amp;smart=true&amp;width=420&amp;height=248&amp;quality=85\" media=\"(min-width: 350px)\" \/><source srcset=\"https:\/\/www.infobae.com\/resizer\/v2\/H7ATQ7B2SVA5RDR3RNPY5XDSVI.jfif?auth=f350f743cb1efc633fa450ea296d4efbfb1e81bf7e536adac9655c37b7dbaeb1&amp;smart=true&amp;width=350&amp;height=207&amp;quality=85\" media=\"(min-width: 80px)\" \/><img loading=\"lazy\" decoding=\"async\" class=\"global-image\" src=\"https:\/\/www.infobae.com\/resizer\/v2\/H7ATQ7B2SVA5RDR3RNPY5XDSVI.jfif?auth=f350f743cb1efc633fa450ea296d4efbfb1e81bf7e536adac9655c37b7dbaeb1&amp;smart=true&amp;width=350&amp;height=207&amp;quality=85\" alt=\"Celeste Saulo - foto: OMM\" width=\"1620\" height=\"958\" \/><\/picture>La directora de la OMM, Celeste Saulo (Archivo\/OMM)<\/div>\n<p class=\"paragraph\" data-paragraph-number=\"10\" data-mrf-recirculation=\"Links inline\">\u201cYa estamos viendo perturbaciones y devastaci\u00f3n causadas por sequ\u00edas e inundaciones, y\u00a0<b>esperamos que estos impactos aumenten a medida que El Ni\u00f1o se intensifique<\/b>\u201d, agreg\u00f3 Saulo, quien pidi\u00f3 a las autoridades y a los sectores de agricultura, salud, energ\u00eda y agua que preparen respuestas.<\/p>\n<p class=\"paragraph\" data-paragraph-number=\"11\" data-mrf-recirculation=\"Links inline\"><b>El Ni\u00f1o suele alcanzar su m\u00e1xima intensidad hacia el final de cada a\u00f1o<\/b>, pero el calor acumulado en los oc\u00e9anos tarda m\u00e1s tiempo en trasladarse a la atm\u00f3sfera. Por ese motivo, las temperaturas globales pueden mantenerse elevadas durante los 12 meses posteriores.<\/p>\n<p class=\"paragraph\" data-paragraph-number=\"12\" data-mrf-recirculation=\"Links inline\">El fen\u00f3meno aparece, por lo general, cada dos a siete a\u00f1os y dura entre nueve y 12 meses. Alterna con La Ni\u00f1a, su fase opuesta, y con per\u00edodos de condiciones neutrales.<\/p>\n<p class=\"paragraph\" data-paragraph-number=\"13\" data-mrf-recirculation=\"Links inline\">Para el trimestre entre septiembre y noviembre, la OMM prev\u00e9 una mayor probabilidad de temperaturas superiores a los valores habituales en casi todas las regiones terrestres.\u00a0<b>Los episodios intensos de El Ni\u00f1o suelen asociarse con sequ\u00edas en \u00e1reas de la Amazon\u00eda, Indonesia y Australia, alteraciones de los monzones en India y cambios en el r\u00e9gimen de lluvias de la franja tropical<\/b>.<\/p>\n","protected":false},"excerpt":{"rendered":"<p>La\u00a0Organizaci\u00f3n Meteorol\u00f3gica Mundial (OMM)\u00a0advirti\u00f3 este jueves que el fen\u00f3meno de\u00a0El Ni\u00f1o se intensificar\u00e1 durante los pr\u00f3ximos meses y alcanzar\u00e1 una magnitud muy fuerte, con efectos que podr\u00edan extenderse hasta febrero de 2027 y repercusiones clim\u00e1ticas durante buena parte de ese a\u00f1o. El organismo se\u00f1al\u00f3 que existe una probabilidad \u201cextraordinariamente alta, cercana al 100%\u201d de que [&hellip;]<\/p>\n","protected":false},"author":2,"featured_media":36654,"comment_status":"open","ping_status":"open","sticky":false,"template":"","format":"standard","meta":{"footnotes":""},"categories":[89],"tags":[],"class_list":["post-36653","post","type-post","status-publish","format-standard","has-post-thumbnail","category-pronostico"],"_links":{"self":[{"href":"https:\/\/radiobitacora.com.ar\/web\/wp-json\/wp\/v2\/posts\/36653","targetHints":{"allow":["GET"]}}],"collection":[{"href":"https:\/\/radiobitacora.com.ar\/web\/wp-json\/wp\/v2\/posts"}],"about":[{"href":"https:\/\/radiobitacora.com.ar\/web\/wp-json\/wp\/v2\/types\/post"}],"author":[{"embeddable":true,"href":"https:\/\/radiobitacora.com.ar\/web\/wp-json\/wp\/v2\/users\/2"}],"replies":[{"embeddable":true,"href":"https:\/\/radiobitacora.com.ar\/web\/wp-json\/wp\/v2\/comments?post=36653"}],"version-history":[{"count":1,"href":"https:\/\/radiobitacora.com.ar\/web\/wp-json\/wp\/v2\/posts\/36653\/revisions"}],"predecessor-version":[{"id":36655,"href":"https:\/\/radiobitacora.com.ar\/web\/wp-json\/wp\/v2\/posts\/36653\/revisions\/36655"}],"wp:featuredmedia":[{"embeddable":true,"href":"https:\/\/radiobitacora.com.ar\/web\/wp-json\/wp\/v2\/media\/36654"}],"wp:attachment":[{"href":"https:\/\/radiobitacora.com.ar\/web\/wp-json\/wp\/v2\/media?parent=36653"}],"wp:term":[{"taxonomy":"category","embeddable":true,"href":"https:\/\/radiobitacora.com.ar\/web\/wp-json\/wp\/v2\/categories?post=36653"},{"taxonomy":"post_tag","embeddable":true,"href":"https:\/\/radiobitacora.com.ar\/web\/wp-json\/wp\/v2\/tags?post=36653"}],"curies":[{"name":"wp","href":"https:\/\/api.w.org\/{rel}","templated":true}]}}