{"id":36656,"date":"2026-09-03T07:51:23","date_gmt":"2026-09-03T10:51:23","guid":{"rendered":"https:\/\/radiobitacora.com.ar\/web\/?p=36656"},"modified":"2026-09-03T07:51:23","modified_gmt":"2026-09-03T10:51:23","slug":"bajo-un-fuerte-hermetismo-y-en-medio-de-reclamos-economicos-milei-hablara-en-cadena-nacional-sobre-el-tema-malvinas","status":"publish","type":"post","link":"https:\/\/radiobitacora.com.ar\/web\/2026\/09\/03\/bajo-un-fuerte-hermetismo-y-en-medio-de-reclamos-economicos-milei-hablara-en-cadena-nacional-sobre-el-tema-malvinas\/","title":{"rendered":"Bajo un fuerte hermetismo y en medio de reclamos econ\u00f3micos, Milei hablar\u00e1 en cadena nacional sobre el tema Malvinas"},"content":{"rendered":"<p class=\"paragraph\" data-paragraph-number=\"1\" data-mrf-recirculation=\"Links inline\">Desde que el presidente\u00a0<b>Javier Milei<\/b>\u00a0anunci\u00f3 que hablar\u00eda en cadena nacional sobre el tema, el Gobierno mantuvo bajo un fuerte hermetismo toda informaci\u00f3n respecto de las \u00faltimas novedades respecto al\u00a0<b>reclamo de soberan\u00eda de las islas Malvinas<\/b>, aunque se concentr\u00f3 en, al mismo tiempo, generar expectativa sobre el comunicado.<\/p>\n<p class=\"paragraph\" data-paragraph-number=\"2\" data-mrf-recirculation=\"Links inline\">El mandatario viene enfrentando las cr\u00edticas de la oposici\u00f3n por la situaci\u00f3n econ\u00f3mica, principalmente por la morosidad, por lo que busc\u00f3 pasar de p\u00e1gina recuperando la agenda con un nuevo asunto.<\/p>\n<p class=\"paragraph\" data-paragraph-number=\"3\" data-mrf-recirculation=\"Links inline\">El mi\u00e9rcoles, en un evento organizado por la Fundaci\u00f3n Libertad y Progreso en el Hotel Sheraton, el jefe de Estado volvi\u00f3 a defender el rumbo de su administraci\u00f3n y sostuvo que \u201cestar\u00e1 en manos de los argentinos la decisi\u00f3n de volver al pasado o continuar por el camino que har\u00e1 a la Argentina grande nuevamente\u201d.<\/p>\n<p class=\"paragraph\" data-paragraph-number=\"4\" data-mrf-recirculation=\"Links inline\"><a title=\"https:\/\/www.infobae.com\/politica\/2026\/09\/02\/javier-milei-piden-que-flexibilicemos-nuestra-politica-monetaria-y-fiscal-la-respuesta-es-no\/\" href=\"https:\/\/www.infobae.com\/politica\/2026\/09\/02\/javier-milei-piden-que-flexibilicemos-nuestra-politica-monetaria-y-fiscal-la-respuesta-es-no\/\" target=\"_blank\" rel=\"noopener noreferrer\" data-mrf-link=\"https:\/\/www.infobae.com\/politica\/2026\/09\/02\/javier-milei-piden-que-flexibilicemos-nuestra-politica-monetaria-y-fiscal-la-respuesta-es-no\/\">\u201cNosotros no vamos a flexibilizar nuestra pol\u00edtica fiscal, el resultado fiscal no se negocia, y tampoco vamos a negociar la pol\u00edtica monetaria porque no vamos a parar hasta terminar de derrotar la inflaci\u00f3n\u201d,<\/a> remarc\u00f3 ante un auditorio lleno de funcionarios, empresarios, acad\u00e9micos y muchos j\u00f3venes estudiantes de econom\u00eda que lo aplaudieron efusivamente.<\/p>\n<div class=\"visual__image\"><picture><source srcset=\"https:\/\/www.infobae.com\/resizer\/v2\/JW3GYAZOPJDKVNBACE4QUHWZ54.jpg?auth=cc0556b82290fc6fad60627d97506bdac0030b0f7753493d63502d483abc921f&amp;smart=true&amp;width=992&amp;height=663&amp;quality=85\" media=\"(min-width: 1000px)\" \/><source srcset=\"https:\/\/www.infobae.com\/resizer\/v2\/JW3GYAZOPJDKVNBACE4QUHWZ54.jpg?auth=cc0556b82290fc6fad60627d97506bdac0030b0f7753493d63502d483abc921f&amp;smart=true&amp;width=768&amp;height=513&amp;quality=85\" media=\"(min-width: 768px)\" \/><source srcset=\"https:\/\/www.infobae.com\/resizer\/v2\/JW3GYAZOPJDKVNBACE4QUHWZ54.jpg?auth=cc0556b82290fc6fad60627d97506bdac0030b0f7753493d63502d483abc921f&amp;smart=true&amp;width=577&amp;height=386&amp;quality=85\" media=\"(min-width: 580px)\" \/><source srcset=\"https:\/\/www.infobae.com\/resizer\/v2\/JW3GYAZOPJDKVNBACE4QUHWZ54.jpg?auth=cc0556b82290fc6fad60627d97506bdac0030b0f7753493d63502d483abc921f&amp;smart=true&amp;width=420&amp;height=281&amp;quality=85\" media=\"(min-width: 350px)\" \/><source srcset=\"https:\/\/www.infobae.com\/resizer\/v2\/JW3GYAZOPJDKVNBACE4QUHWZ54.jpg?auth=cc0556b82290fc6fad60627d97506bdac0030b0f7753493d63502d483abc921f&amp;smart=true&amp;width=350&amp;height=234&amp;quality=85\" media=\"(min-width: 80px)\" \/><img loading=\"lazy\" decoding=\"async\" class=\"global-image\" src=\"https:\/\/www.infobae.com\/resizer\/v2\/JW3GYAZOPJDKVNBACE4QUHWZ54.jpg?auth=cc0556b82290fc6fad60627d97506bdac0030b0f7753493d63502d483abc921f&amp;smart=true&amp;width=350&amp;height=234&amp;quality=85\" alt=\"Javier Milei habla en el encuentro \u201cVientos de Cambio: Avanza la Libertad en Argentina y las Am\u00e9ricas\u201d\" width=\"2000\" height=\"1337\" \/><\/picture>Milei en el evento \u201cVientos de cambio\u201d, que se realiz\u00f3 en el Sheraton (RS Fotos)<\/div>\n<p class=\"paragraph\" data-paragraph-number=\"5\" data-mrf-recirculation=\"Links inline\">Sin embargo, en este discurso, que a diferencia de otros fue totalmente improvisado -no ley\u00f3 en ning\u00fan momento-, Milei tambi\u00e9n reconoci\u00f3 que \u201csi no se muestran los resultados, se hace dif\u00edcil acompa\u00f1ar\u201d, porque se trata \u201cde un modelo que implica riesgos\u201d.<\/p>\n<p class=\"paragraph\" data-paragraph-number=\"6\" data-mrf-recirculation=\"Links inline\">En la previa de su exposici\u00f3n, el vocero,\u00a0<b>Adri\u00e1n Ravier<\/b> convers\u00f3 justamente sobre esto con varios de los presentes en el sal\u00f3n, quieres se mostraron preocupados por la confianza del electorado en el Presidente.<\/p>\n<p class=\"paragraph\" data-paragraph-number=\"7\" data-mrf-recirculation=\"Links inline\">Una de las personas que estuvo varios minutos hablando con el portavoz fue el espa\u00f1ol\u00a0<b>Gabriel Calzada<\/b>, exrector de la Universidad Francisco Marroqu\u00edn, con quien tuvo una extensa charla intelectual.<\/p>\n<p class=\"paragraph\" data-paragraph-number=\"8\" data-mrf-recirculation=\"Links inline\">Antes del mandatario, tom\u00f3 la palabra\u00a0<b>Alberto Benegas Lynch<\/b>, padre del diputado y senador de La Libertad Avanza, Bertie y Joaqu\u00edn, respectivamente, quienes tambi\u00e9n defendieron las medidas de esta gesti\u00f3n.<\/p>\n<p class=\"paragraph\" data-paragraph-number=\"9\" data-mrf-recirculation=\"Links inline\">El liberal rechaz\u00f3 los reclamos de \u201cmayor sensibilidad por parte del Ejecutivo\u201d y remarc\u00f3 que en estos tres a\u00f1os \u201cles sac\u00f3 las botas de encima a los ciudadanos y estableci\u00f3 las reglas, que es la funci\u00f3n del gobierno\u201d.<\/p>\n<div class=\"visual__image\"><picture><source srcset=\"https:\/\/www.infobae.com\/resizer\/v2\/7NTCHUXY3JDPTIBLZ3BIFEINVY.jpeg?auth=0e96ea969ee9406072b53b02a962a20fc0ab33e08f6f36fb3952f53853c35b2f&amp;smart=true&amp;width=992&amp;height=662&amp;quality=85\" media=\"(min-width: 1000px)\" \/><source srcset=\"https:\/\/www.infobae.com\/resizer\/v2\/7NTCHUXY3JDPTIBLZ3BIFEINVY.jpeg?auth=0e96ea969ee9406072b53b02a962a20fc0ab33e08f6f36fb3952f53853c35b2f&amp;smart=true&amp;width=768&amp;height=512&amp;quality=85\" media=\"(min-width: 768px)\" \/><source srcset=\"https:\/\/www.infobae.com\/resizer\/v2\/7NTCHUXY3JDPTIBLZ3BIFEINVY.jpeg?auth=0e96ea969ee9406072b53b02a962a20fc0ab33e08f6f36fb3952f53853c35b2f&amp;smart=true&amp;width=577&amp;height=385&amp;quality=85\" media=\"(min-width: 580px)\" \/><source srcset=\"https:\/\/www.infobae.com\/resizer\/v2\/7NTCHUXY3JDPTIBLZ3BIFEINVY.jpeg?auth=0e96ea969ee9406072b53b02a962a20fc0ab33e08f6f36fb3952f53853c35b2f&amp;smart=true&amp;width=420&amp;height=280&amp;quality=85\" media=\"(min-width: 350px)\" \/><source srcset=\"https:\/\/www.infobae.com\/resizer\/v2\/7NTCHUXY3JDPTIBLZ3BIFEINVY.jpeg?auth=0e96ea969ee9406072b53b02a962a20fc0ab33e08f6f36fb3952f53853c35b2f&amp;smart=true&amp;width=350&amp;height=234&amp;quality=85\" media=\"(min-width: 80px)\" \/><img loading=\"lazy\" decoding=\"async\" class=\"global-image\" src=\"https:\/\/www.infobae.com\/resizer\/v2\/7NTCHUXY3JDPTIBLZ3BIFEINVY.jpeg?auth=0e96ea969ee9406072b53b02a962a20fc0ab33e08f6f36fb3952f53853c35b2f&amp;smart=true&amp;width=350&amp;height=234&amp;quality=85\" alt=\"Alberto Benegas Lynch (h) est\u00e1 de pie tras un atril de madera con un micr\u00f3fono y el libro Bases, ante una pared con listones de madera\" width=\"1280\" height=\"854\" \/><\/picture>Previamente habl\u00f3 Alberto Benegas Lynch (h) (Secretar\u00eda de Cultura de la Naci\u00f3n)<\/div>\n<p class=\"paragraph\" data-paragraph-number=\"10\" data-mrf-recirculation=\"Links inline\">\u201cCuando se dice que es necesaria una ayuda, hay que preguntarse, como digo, la ayuda por parte de qui\u00e9n, porque si se procede a arrancar el fruto del trabajo ajeno, esto va a derivar inexorablemente en menores inversiones y, por lo tanto, en peores salarios\u201c, opin\u00f3.<\/p>\n<p class=\"paragraph\" data-paragraph-number=\"11\" data-mrf-recirculation=\"Links inline\">En este sentido, Benegas Lynch destac\u00f3 que \u201ctiene un peso muy grande la batalla cultural que muchos han objetado\u201d, porque consider\u00f3 que el crecimiento de un pa\u00eds \u201cno es un tema de recursos naturales, sino de valores, de principios, de instituciones civilizadas\u201d.<\/p>\n<p class=\"paragraph\" data-paragraph-number=\"12\" data-mrf-recirculation=\"Links inline\">Esto es lo que transmiti\u00f3 tambi\u00e9n Ravier en sus conversaciones informales con los empresarios locales e internacionales, a los que escuch\u00f3 durante toda la jornada en el Sheraton: \u201cA casi todos los conoce desde hace a\u00f1os por el \u00e1mbito acad\u00e9mico y liberal\u201c, resaltaron en su c\u00edrculo \u00edntimo.<\/p>\n<p class=\"paragraph\" data-paragraph-number=\"13\" data-mrf-recirculation=\"Links inline\">De lo que no hizo ning\u00fan comentario en ning\u00fan momento fue de Malvinas, una orden espec\u00edfica que le transmiti\u00f3 la c\u00fapula del oficialismo en la \u00faltima reuni\u00f3n de Gabinete, cuando se decidi\u00f3 hacer la cadena nacional.<\/p>\n<p class=\"paragraph\" data-paragraph-number=\"14\" data-mrf-recirculation=\"Links inline\"><b>En todas las \u00e1reas del Gobierno estaba la instrucci\u00f3n clara de no adelantar nada de la cadena nacional que el Presidente va a encabezar,<\/b> de la cual solamente se sabe que ser\u00e1 a las 21:00.<\/p>\n<div class=\"visual__image\"><picture><source srcset=\"https:\/\/www.infobae.com\/resizer\/v2\/TAMNPQ4UOBE7ZNE5FEFCMARRU4.png?auth=c0df9e0d0611835b7bfa0f4a96be5fb0d605afa704ec0b03a0240f3d78030bb1&amp;smart=true&amp;width=992&amp;height=558&amp;quality=85\" media=\"(min-width: 1000px)\" \/><source srcset=\"https:\/\/www.infobae.com\/resizer\/v2\/TAMNPQ4UOBE7ZNE5FEFCMARRU4.png?auth=c0df9e0d0611835b7bfa0f4a96be5fb0d605afa704ec0b03a0240f3d78030bb1&amp;smart=true&amp;width=768&amp;height=432&amp;quality=85\" media=\"(min-width: 768px)\" \/><source srcset=\"https:\/\/www.infobae.com\/resizer\/v2\/TAMNPQ4UOBE7ZNE5FEFCMARRU4.png?auth=c0df9e0d0611835b7bfa0f4a96be5fb0d605afa704ec0b03a0240f3d78030bb1&amp;smart=true&amp;width=577&amp;height=325&amp;quality=85\" media=\"(min-width: 580px)\" \/><source srcset=\"https:\/\/www.infobae.com\/resizer\/v2\/TAMNPQ4UOBE7ZNE5FEFCMARRU4.png?auth=c0df9e0d0611835b7bfa0f4a96be5fb0d605afa704ec0b03a0240f3d78030bb1&amp;smart=true&amp;width=420&amp;height=236&amp;quality=85\" media=\"(min-width: 350px)\" \/><source srcset=\"https:\/\/www.infobae.com\/resizer\/v2\/TAMNPQ4UOBE7ZNE5FEFCMARRU4.png?auth=c0df9e0d0611835b7bfa0f4a96be5fb0d605afa704ec0b03a0240f3d78030bb1&amp;smart=true&amp;width=350&amp;height=197&amp;quality=85\" media=\"(min-width: 80px)\" \/><img loading=\"lazy\" decoding=\"async\" class=\"global-image\" src=\"https:\/\/www.infobae.com\/resizer\/v2\/TAMNPQ4UOBE7ZNE5FEFCMARRU4.png?auth=c0df9e0d0611835b7bfa0f4a96be5fb0d605afa704ec0b03a0240f3d78030bb1&amp;smart=true&amp;width=350&amp;height=197&amp;quality=85\" alt=\"Economia de quincho - Pablo quirno\" width=\"1920\" height=\"1080\" \/><\/picture>Quirno podr\u00eda participar de la grabaci\u00f3n<\/div>\n<p class=\"paragraph\" data-paragraph-number=\"15\" data-mrf-recirculation=\"Links inline\">La informaci\u00f3n que brindar\u00e1 el l\u00edder libertario fue coordinada con los equipos de Canciller\u00eda, que comanda\u00a0<b>Pablo Quirno<\/b>, y de la Secretar\u00eda de Inteligencia del Estado (SIDE), que dirige\u00a0<b>Cristian Auguadra<\/b>.<\/p>\n<p class=\"paragraph\" data-paragraph-number=\"16\" data-mrf-recirculation=\"Links inline\">Seg\u00fan trascendi\u00f3, en los \u00faltimos d\u00edas habr\u00eda habido una reuni\u00f3n de los dos funcionarios con Milei. El mi\u00e9rcoles tambi\u00e9n sorprendi\u00f3 el ingreso a la Casa Rosada de un empresario brit\u00e1nico que, de igual forma, tuvo una reuni\u00f3n bajo un estricto hermetismo.<\/p>\n<p class=\"paragraph\" data-paragraph-number=\"17\" data-mrf-recirculation=\"Links inline\">Uno de los \u00faltimos conflictos que se registraron vinculados a las islas fue el proyecto de exploraci\u00f3n de petr\u00f3leo de las empresas\u00a0<b>Rockhopper Exploration\u00a0<\/b>y\u00a0<b>Navitas Petroleum<\/b>, de capitales ingleses e israel\u00edes.<\/p>\n<p class=\"paragraph\" data-paragraph-number=\"18\" data-mrf-recirculation=\"Links inline\">El asunto gener\u00f3 especial repercusi\u00f3n debido a la buena relaci\u00f3n que hay actualmente entre Argentina y el pa\u00eds de Medio Oriente, que argumenta extra oficialmente que se trata de una compa\u00f1\u00eda privada y de una iniciativa que reci\u00e9n est\u00e1 en la etapa de evaluaci\u00f3n.<\/p>\n<p class=\"paragraph\" data-paragraph-number=\"19\" data-mrf-recirculation=\"Links inline\">Por lo pronto, Milei viajar\u00e1 este jueves por la ma\u00f1ana a Santiago de Chile para participar del Foro de Madrid, organizado por la Fundaci\u00f3n Disenso, y mantener encuentros con la subsecretaria de Estado para la Diplomacia P\u00fablica de Estados Unidos,\u00a0<b>Sarah Rogers<\/b>, y con el mandatario chileno\u00a0<b>Jos\u00e9 Antonio Kast<\/b>, en el Palacio de La Moneda.<\/p>\n<p class=\"paragraph\" data-paragraph-number=\"20\" data-mrf-recirculation=\"Links inline\">A su regreso, el libertario se dirigir\u00e1 a la Casa Rosada para, desde las 16:00, grabar el mensaje que luego ser\u00e1 emitido en cadena nacional. No se descarta la presencia de Quirno, que lleg\u00f3 a \u00faltimo momento al acto en el Sheraton para escuchar el cierre del discurso. \u201cQu\u00e9 pol\u00edtica exterior estamos metiendo\u201d, celebr\u00f3 el Presidente al verlo entrar.<\/p>\n<p class=\"paragraph\" data-paragraph-number=\"21\" data-mrf-recirculation=\"Links inline\">En ese evento, rodeado por personas afines a su ideolog\u00eda, Milei baj\u00f3 del escenario una vez que termin\u00f3 de hablar y se sac\u00f3 fotos con los presentes. Uno de ellos se le acerc\u00f3 y le pidi\u00f3 que \u201csalve al pa\u00eds\u201c. \u201dEstamos en eso\u201d, respondi\u00f3 el jefe de Estado.<\/p>\n","protected":false},"excerpt":{"rendered":"<p>Desde que el presidente\u00a0Javier Milei\u00a0anunci\u00f3 que hablar\u00eda en cadena nacional sobre el tema, el Gobierno mantuvo bajo un fuerte hermetismo toda informaci\u00f3n respecto de las \u00faltimas novedades respecto al\u00a0reclamo de soberan\u00eda de las islas Malvinas, aunque se concentr\u00f3 en, al mismo tiempo, generar expectativa sobre el comunicado. El mandatario viene enfrentando las cr\u00edticas de la [&hellip;]<\/p>\n","protected":false},"author":2,"featured_media":36657,"comment_status":"open","ping_status":"open","sticky":false,"template":"","format":"standard","meta":{"footnotes":""},"categories":[79],"tags":[],"class_list":["post-36656","post","type-post","status-publish","format-standard","has-post-thumbnail","category-politica"],"_links":{"self":[{"href":"https:\/\/radiobitacora.com.ar\/web\/wp-json\/wp\/v2\/posts\/36656","targetHints":{"allow":["GET"]}}],"collection":[{"href":"https:\/\/radiobitacora.com.ar\/web\/wp-json\/wp\/v2\/posts"}],"about":[{"href":"https:\/\/radiobitacora.com.ar\/web\/wp-json\/wp\/v2\/types\/post"}],"author":[{"embeddable":true,"href":"https:\/\/radiobitacora.com.ar\/web\/wp-json\/wp\/v2\/users\/2"}],"replies":[{"embeddable":true,"href":"https:\/\/radiobitacora.com.ar\/web\/wp-json\/wp\/v2\/comments?post=36656"}],"version-history":[{"count":1,"href":"https:\/\/radiobitacora.com.ar\/web\/wp-json\/wp\/v2\/posts\/36656\/revisions"}],"predecessor-version":[{"id":36658,"href":"https:\/\/radiobitacora.com.ar\/web\/wp-json\/wp\/v2\/posts\/36656\/revisions\/36658"}],"wp:featuredmedia":[{"embeddable":true,"href":"https:\/\/radiobitacora.com.ar\/web\/wp-json\/wp\/v2\/media\/36657"}],"wp:attachment":[{"href":"https:\/\/radiobitacora.com.ar\/web\/wp-json\/wp\/v2\/media?parent=36656"}],"wp:term":[{"taxonomy":"category","embeddable":true,"href":"https:\/\/radiobitacora.com.ar\/web\/wp-json\/wp\/v2\/categories?post=36656"},{"taxonomy":"post_tag","embeddable":true,"href":"https:\/\/radiobitacora.com.ar\/web\/wp-json\/wp\/v2\/tags?post=36656"}],"curies":[{"name":"wp","href":"https:\/\/api.w.org\/{rel}","templated":true}]}}