{"id":36665,"date":"2026-09-03T08:13:43","date_gmt":"2026-09-03T11:13:43","guid":{"rendered":"https:\/\/radiobitacora.com.ar\/web\/?p=36665"},"modified":"2026-09-03T08:13:43","modified_gmt":"2026-09-03T11:13:43","slug":"la-reaccion-de-la-administracion-britanica-en-malvinas-a-la-advertencia-de-trump-antes-de-la-cadena-de-milei-y-el-precedente-de-chagos","status":"publish","type":"post","link":"https:\/\/radiobitacora.com.ar\/web\/2026\/09\/03\/la-reaccion-de-la-administracion-britanica-en-malvinas-a-la-advertencia-de-trump-antes-de-la-cadena-de-milei-y-el-precedente-de-chagos\/","title":{"rendered":"La reacci\u00f3n de la administraci\u00f3n brit\u00e1nica en Malvinas a la advertencia de Trump antes de la cadena de Milei y el precedente de Chagos"},"content":{"rendered":"<p class=\"paragraph\" data-paragraph-number=\"1\" data-mrf-recirculation=\"Links inline\">Horas antes de la\u00a0<a title=\"https:\/\/www.infobae.com\/politica\/2026\/09\/01\/javier-milei-hablara-en-cadena-nacional-el-jueves-por-el-tema-malvinas\/\" href=\"https:\/\/www.infobae.com\/politica\/2026\/09\/01\/javier-milei-hablara-en-cadena-nacional-el-jueves-por-el-tema-malvinas\/\" target=\"_blank\" rel=\"noopener noreferrer\" data-mrf-link=\"https:\/\/www.infobae.com\/politica\/2026\/09\/01\/javier-milei-hablara-en-cadena-nacional-el-jueves-por-el-tema-malvinas\/\">cadena nacional que\u00a0<b>Javier Milei<\/b>\u00a0<\/a>brindar\u00e1 en la noche del jueves para exponer el estado del reclamo de soberan\u00eda sobre las Malvinas, la administraci\u00f3n brit\u00e1nica de las islas hizo p\u00fablico el respaldo oficial de Londres en medio de\u00a0<a title=\"https:\/\/www.infobae.com\/politica\/2026\/08\/31\/trump-afirmo-que-estados-unidos-podria-revisar-su-postura-sobre-la-soberania-argentina-de-las-islas-malvinas\/\" href=\"https:\/\/www.infobae.com\/politica\/2026\/08\/31\/trump-afirmo-que-estados-unidos-podria-revisar-su-postura-sobre-la-soberania-argentina-de-las-islas-malvinas\/\" target=\"_blank\" rel=\"noopener noreferrer\" data-mrf-link=\"https:\/\/www.infobae.com\/politica\/2026\/08\/31\/trump-afirmo-que-estados-unidos-podria-revisar-su-postura-sobre-la-soberania-argentina-de-las-islas-malvinas\/\">la advertencia de\u00a0<b>Donald Trump<\/b><\/a><b>\u00a0<\/b>a revisar la posici\u00f3n hist\u00f3rica de Estados Unidos sobre el conflicto.<\/p>\n<p class=\"paragraph\" data-paragraph-number=\"2\" data-mrf-recirculation=\"Links inline\">La cuenta oficial de la\u00a0<b>Oficina del Gobierno de las Islas Malvinas en Londres<\/b>\u00a0(@FalklandsinUK) difundi\u00f3 un fragmento del debate celebrado el pasado martes en la\u00a0<b>C\u00e1mara de los Comunes<\/b>, en el que la subsecretaria de Estado\u00a0<b>Uma Kumaran<\/b>\u00a0reafirm\u00f3 que\u00a0<b>\u201cel Reino Unido no tiene ninguna duda de su soberan\u00eda\u201d<\/b> sobre el archipi\u00e9lago.<\/p>\n<p class=\"paragraph\" data-paragraph-number=\"3\" data-mrf-recirculation=\"Links inline\">La sesi\u00f3n parlamentaria hab\u00eda sido convocada, en principio, para debatir los gastos futuros del Tratado entre el\u00a0<b>Reino Unido<\/b>\u00a0y\u00a0<b>Mauricio<\/b>\u00a0sobre el archipi\u00e9lago de\u00a0<b>Chagos<\/b>, pero deriv\u00f3 r\u00e1pidamente hacia las Malvinas cuando\u00a0<b>Emily Thornberry<\/b>, presidenta del Comit\u00e9 de Asuntos Exteriores de los Comunes y diputada laborista, tom\u00f3 la palabra y calific\u00f3 de \u201cdisparate\u201d (<i>nonsense<\/i>) la sugerencia de Trump de revisar el apoyo estadounidense a la soberan\u00eda brit\u00e1nica sobre las islas y exigi\u00f3 una respuesta oficial del gobierno.<\/p>\n<p class=\"paragraph\" data-paragraph-number=\"4\" data-mrf-recirculation=\"Links inline\">Kumaran respondi\u00f3 con el argumento oficial de Londres sobre las islas: \u201cSon y siempre ser\u00e1n un territorio de ultramar brit\u00e1nico, de acuerdo con los deseos de sus habitantes\u201d, se\u00f1al\u00f3, y agreg\u00f3 que el\u00a0<b>Reino Unido<\/b> es \u201cfirme en su apoyo al derecho de autodeterminaci\u00f3n de los isle\u00f1os\u201d.<\/p>\n<div class=\"visual__image\"><picture><source srcset=\"https:\/\/www.infobae.com\/resizer\/v2\/6OXIHTGJ7ZA6XL2A6YEFRXQDWI.JPG?auth=7f856ed9b435710135fba870d2a1bf33c7dab77e61a5e573b6138c96b15b8f17&amp;smart=true&amp;width=992&amp;height=661&amp;quality=85\" media=\"(min-width: 1000px)\" \/><source srcset=\"https:\/\/www.infobae.com\/resizer\/v2\/6OXIHTGJ7ZA6XL2A6YEFRXQDWI.JPG?auth=7f856ed9b435710135fba870d2a1bf33c7dab77e61a5e573b6138c96b15b8f17&amp;smart=true&amp;width=768&amp;height=512&amp;quality=85\" media=\"(min-width: 768px)\" \/><source srcset=\"https:\/\/www.infobae.com\/resizer\/v2\/6OXIHTGJ7ZA6XL2A6YEFRXQDWI.JPG?auth=7f856ed9b435710135fba870d2a1bf33c7dab77e61a5e573b6138c96b15b8f17&amp;smart=true&amp;width=577&amp;height=385&amp;quality=85\" media=\"(min-width: 580px)\" \/><source srcset=\"https:\/\/www.infobae.com\/resizer\/v2\/6OXIHTGJ7ZA6XL2A6YEFRXQDWI.JPG?auth=7f856ed9b435710135fba870d2a1bf33c7dab77e61a5e573b6138c96b15b8f17&amp;smart=true&amp;width=420&amp;height=280&amp;quality=85\" media=\"(min-width: 350px)\" \/><source srcset=\"https:\/\/www.infobae.com\/resizer\/v2\/6OXIHTGJ7ZA6XL2A6YEFRXQDWI.JPG?auth=7f856ed9b435710135fba870d2a1bf33c7dab77e61a5e573b6138c96b15b8f17&amp;smart=true&amp;width=350&amp;height=233&amp;quality=85\" media=\"(min-width: 80px)\" \/><img loading=\"lazy\" decoding=\"async\" class=\"global-image\" src=\"https:\/\/www.infobae.com\/resizer\/v2\/6OXIHTGJ7ZA6XL2A6YEFRXQDWI.JPG?auth=7f856ed9b435710135fba870d2a1bf33c7dab77e61a5e573b6138c96b15b8f17&amp;smart=true&amp;width=350&amp;height=233&amp;quality=85\" alt=\"Members of Argentina's Navy stand guard at the Monument to the Fallen in Malvinas, dedicated to the Argentine soldiers who died in the 1982 war between Britain and Argentina over the Falkland Islands, known to Argentines as Malvinas, in Buenos Aires, Argentina, April 27, 2026. REUTERS\/Matias Baglietto\" width=\"6000\" height=\"4000\" \/><\/picture>Members of Argentina&#8217;s Navy stand guard at the Monument to the Fallen in Malvinas, dedicated to the Argentine soldiers who died in the 1982 war between Britain and Argentina over the Falkland Islands, known to Argentines as Malvinas, in Buenos Aires, Argentina, April 27, 2026. REUTERS\/Matias Baglietto<\/div>\n<p class=\"paragraph\" data-paragraph-number=\"5\" data-mrf-recirculation=\"Links inline\">El contexto en que se produjo este intercambio no es menor. La sesi\u00f3n parlamentaria del 1 de septiembre comenz\u00f3 con un debate sobre el\u00a0<a title=\"https:\/\/www.infobae.com\/america\/mundo\/2019\/05\/23\/el-voto-en-la-onu-sobre-chagos-contra-el-reino-unido-abre-un-precedente-para-gibraltar-y-las-islas-malvinas\/\" href=\"https:\/\/www.infobae.com\/america\/mundo\/2019\/05\/23\/el-voto-en-la-onu-sobre-chagos-contra-el-reino-unido-abre-un-precedente-para-gibraltar-y-las-islas-malvinas\/\" target=\"_blank\" rel=\"noopener noreferrer\" data-mrf-link=\"https:\/\/www.infobae.com\/america\/mundo\/2019\/05\/23\/el-voto-en-la-onu-sobre-chagos-contra-el-reino-unido-abre-un-precedente-para-gibraltar-y-las-islas-malvinas\/\">Tratado con\u00a0<b>Mauricio<\/b>\u00a0por el archipi\u00e9lago de\u00a0<b>Chagos<\/b><\/a>, otro territorio insular cuya soberan\u00eda el gobierno de\u00a0<b>Keir Starmer<\/b>\u00a0negoci\u00f3 y firm\u00f3 en mayo de 2025, en medio de fuertes cr\u00edticas internas. El acuerdo, que el gobierno de\u00a0<b>Andy Burnham<\/b>\u00a0hered\u00f3 sin resolver, contempla transferir la soberan\u00eda del archipi\u00e9lago a\u00a0<b>Mauricio<\/b>\u00a0mientras el\u00a0<b>Reino Unido<\/b>\u00a0arrienda\u00a0<b>Diego Garc\u00eda<\/b>\u00a0por 99 a\u00f1os para mantener la base militar conjunta con\u00a0<b>Estados Unidos<\/b>. El tratado sigue bloqueado por\u00a0<b>Washington<\/b> y genera tensiones crecientes dentro del propio Parlamento.<\/p>\n<p class=\"paragraph\" data-paragraph-number=\"6\" data-mrf-recirculation=\"Links inline\">La oposici\u00f3n conservadora, representada en la sesi\u00f3n por\u00a0<b>Wendy Morton<\/b>, fue directa en su pregunta: \u201cEn abril, tras la retirada del apoyo estadounidense, los ministros admitieron que el tratado sobre Chagos se hab\u00eda vuelto \u2018imposible de acordar a nivel pol\u00edtico\u2019. Sin embargo, el Gobierno dice ahora que intenta nuevamente impulsar el acuerdo con Washington. \u00bfQu\u00e9 ha cambiado?\u201d. Kumaran esquiv\u00f3 la respuesta concreta:\u00a0<b>\u201cNo voy a hacer un comentario corrido sobre este asunto\u201d<\/b>, y se limit\u00f3 a se\u00f1alar que el\u00a0<b>Reino Unido<\/b> trabaja \u201cen sinton\u00eda con Estados Unidos\u201d para encontrar una salida que proteja los intereses de seguridad nacionales de ambos pa\u00edses.<\/p>\n<p class=\"paragraph\" data-paragraph-number=\"7\" data-mrf-recirculation=\"Links inline\">Para\u00a0<b>Argentina<\/b>, el debate sobre\u00a0<b>Chagos<\/b>\u00a0no es un asunto ajeno. La\u00a0<b>Canciller\u00eda argentina<\/b>\u00a0lo mencion\u00f3 en t\u00e9rminos expl\u00edcitos en al menos dos ocasiones. En mayo de 2019, cuando la\u00a0<b>Asamblea General de la ONU<\/b>\u00a0vot\u00f3 a favor de exigirle al\u00a0<b>Reino Unido<\/b>\u00a0que devuelva el archipi\u00e9lago a\u00a0<b>Mauricio<\/b>, el Ministerio de Relaciones Exteriores emiti\u00f3 un comunicado oficial en el que sostuvo que la decisi\u00f3n era \u201cun precedente muy positivo para pa\u00edses como la Argentina\u201d, aunque aclar\u00f3 que \u201cel caso del archipi\u00e9lago de Chagos no puede igualarse a la Cuesti\u00f3n Malvinas\u201d.<\/p>\n<div class=\"visual__image\"><picture><source srcset=\"https:\/\/www.infobae.com\/resizer\/v2\/3JMJCMSHUVHZDC2TREYZDQ42XA.png?auth=8c478fb11f5e7a21f15576f35124218872a491405ca3620022746fa907cb7c8d&amp;smart=true&amp;width=992&amp;height=554&amp;quality=85\" media=\"(min-width: 1000px)\" \/><source srcset=\"https:\/\/www.infobae.com\/resizer\/v2\/3JMJCMSHUVHZDC2TREYZDQ42XA.png?auth=8c478fb11f5e7a21f15576f35124218872a491405ca3620022746fa907cb7c8d&amp;smart=true&amp;width=768&amp;height=429&amp;quality=85\" media=\"(min-width: 768px)\" \/><source srcset=\"https:\/\/www.infobae.com\/resizer\/v2\/3JMJCMSHUVHZDC2TREYZDQ42XA.png?auth=8c478fb11f5e7a21f15576f35124218872a491405ca3620022746fa907cb7c8d&amp;smart=true&amp;width=577&amp;height=322&amp;quality=85\" media=\"(min-width: 580px)\" \/><source srcset=\"https:\/\/www.infobae.com\/resizer\/v2\/3JMJCMSHUVHZDC2TREYZDQ42XA.png?auth=8c478fb11f5e7a21f15576f35124218872a491405ca3620022746fa907cb7c8d&amp;smart=true&amp;width=420&amp;height=234&amp;quality=85\" media=\"(min-width: 350px)\" \/><source srcset=\"https:\/\/www.infobae.com\/resizer\/v2\/3JMJCMSHUVHZDC2TREYZDQ42XA.png?auth=8c478fb11f5e7a21f15576f35124218872a491405ca3620022746fa907cb7c8d&amp;smart=true&amp;width=350&amp;height=195&amp;quality=85\" media=\"(min-width: 80px)\" \/><img loading=\"lazy\" decoding=\"async\" class=\"global-image\" src=\"https:\/\/www.infobae.com\/resizer\/v2\/3JMJCMSHUVHZDC2TREYZDQ42XA.png?auth=8c478fb11f5e7a21f15576f35124218872a491405ca3620022746fa907cb7c8d&amp;smart=true&amp;width=350&amp;height=195&amp;quality=85\" alt=\"Ilustraci\u00f3n de las siluetas oscuras de las Islas Malvinas contra un cielo azul claro con nubes blancas, sobre m\u00e1stiles azules y blancos y hierba verde en primer plano.\" width=\"2752\" height=\"1536\" \/><\/picture>Esta ilustraci\u00f3n presenta las siluetas de las Islas Malvinas sobre un cielo azul con nubes, sostenidas por m\u00e1stiles con los colores de la bandera argentina, simbolizando el reclamo de soberan\u00eda del pa\u00eds sobre el archipi\u00e9lago. (Imagen Ilustrativa Infobae)<\/div>\n<p class=\"paragraph\" data-paragraph-number=\"8\" data-mrf-recirculation=\"Links inline\">En aquel momento,\u00a0<a title=\"https:\/\/www.infobae.com\/america\/mundo\/2019\/05\/23\/el-voto-en-la-onu-sobre-chagos-contra-el-reino-unido-abre-un-precedente-para-gibraltar-y-las-islas-malvinas\/\" href=\"https:\/\/www.infobae.com\/america\/mundo\/2019\/05\/23\/el-voto-en-la-onu-sobre-chagos-contra-el-reino-unido-abre-un-precedente-para-gibraltar-y-las-islas-malvinas\/\" target=\"_blank\" rel=\"noopener noreferrer\" data-mrf-link=\"https:\/\/www.infobae.com\/america\/mundo\/2019\/05\/23\/el-voto-en-la-onu-sobre-chagos-contra-el-reino-unido-abre-un-precedente-para-gibraltar-y-las-islas-malvinas\/\">el entonces canciller<b>\u00a0Jorge Faurie<\/b>\u00a0<\/a>(que en la actualidad ocupa el cargo de embajador en Chile),<b>\u00a0<\/b>resalt\u00f3 las \u201csimilitudes\u201d con la causa Malvinas. \u201cTanto en el caso del archipi\u00e9lago de Chagos, como en el Malvinas, se trata de una situaci\u00f3n de desmembramiento territorial, donde la poblaci\u00f3n que se encontraba en las islas fue trasladada contra su voluntad, en este caso al territorio continental argentino en 1833\u2033, indic\u00f3.<\/p>\n<p class=\"paragraph\" data-paragraph-number=\"9\" data-mrf-recirculation=\"Links inline\">En mayo de 2025, cuando el acuerdo entre Londres y Mauricio se firm\u00f3 formalmente, la\u00a0<b>Canciller\u00eda<\/b>\u00a0volvi\u00f3 a pronunciarse: se\u00f1al\u00f3 que el tratado \u201cconstituye un ejemplo que demuestra que es posible resolver las controversias de esta naturaleza por medios pac\u00edficos\u201d y renov\u00f3 el llamado al\u00a0<b>Reino Unido<\/b>\u00a0a reanudar las negociaciones sobre la soberan\u00eda de las Malvinas.<\/p>\n<p class=\"paragraph\" data-paragraph-number=\"10\" data-mrf-recirculation=\"Links inline\">La entonces canciller\u00a0<b>Diana Mondino<\/b>\u00a0fue m\u00e1s directa a\u00fan. El mismo d\u00eda en que se anunci\u00f3 el acuerdo sobre\u00a0<b>Chagos<\/b>, en octubre de 2024, public\u00f3 en su cuenta oficial de X: \u201cCelebramos este paso en la direcci\u00f3n correcta y terminar con pr\u00e1cticas obsoletas. Transitando el camino empezado, con acciones concretas y no ret\u00f3rica vac\u00eda, vamos a recuperar la soberan\u00eda plena de nuestras Islas Malvinas.\u201d<\/p>\n<p class=\"paragraph\" data-paragraph-number=\"11\" data-mrf-recirculation=\"Links inline\">La oposici\u00f3n conservadora brit\u00e1nica, por su parte, tambi\u00e9n estableci\u00f3 el v\u00ednculo. Cuando el entonces canciller\u00a0<b>David Lammy<\/b>\u00a0anunci\u00f3 el acuerdo con\u00a0<b>Mauricio<\/b>\u00a0en los Comunes en octubre de 2024, el portavoz conservador de Exteriores\u00a0<b>Andrew Mitchell<\/b>\u00a0advirti\u00f3 que la decisi\u00f3n \u201cda ox\u00edgeno a los enemigos del\u00a0<b>Reino Unido<\/b>\u00a0en un mundo peligroso y socava la red estrat\u00e9gica de los intereses de defensa brit\u00e1nicos\u201d. Lammy intent\u00f3 cerrar el debate:\u00a0<b>\u201cLas situaciones no son comparables. La soberan\u00eda brit\u00e1nica sobre las Malvinas y Gibraltar no est\u00e1 en negociaci\u00f3n\u201d.<\/b>\u00a0El argumento no convenci\u00f3 a la oposici\u00f3n, que desde entonces repite la comparaci\u00f3n cada vez que el tratado sobre\u00a0<b>Chagos<\/b>\u00a0vuelve al debate.<\/p>\n<p class=\"paragraph\" data-paragraph-number=\"12\" data-mrf-recirculation=\"Links inline\">El detonante inmediato de toda esta cadena fue una respuesta de Trump el 31 de agosto en la Oficina Oval. Cuando un periodista le pregunt\u00f3 si su gobierno estaba revisando su posici\u00f3n de neutralidad sobre las Malvinas \u2014en el marco de presiones a Londres para que aumente su gasto militar en la\u00a0<b>OTAN<\/b>\u2014, el presidente estadounidense respondi\u00f3:\u00a0<b>\u201cSiempre reviso cada posici\u00f3n. Esa es solo una de muchas\u201d<\/b>. Suficiente para agitar el tablero internacional.<\/p>\n<p class=\"paragraph\" data-paragraph-number=\"13\" data-mrf-recirculation=\"Links inline\">En el gobierno nacional hay cautela en relaci\u00f3n a la frase del presidente de EEUU, aunque el martes el propio Milei anunci\u00f3 una cadena nacional para abordar la cuesti\u00f3n Malvinas en la noche de este jueves. Hay hermetismo tanto en Casa Rosada como en la Canciller\u00eda en relaci\u00f3n al contenido del mensaje.<\/p>\n<p class=\"paragraph\" data-paragraph-number=\"14\" data-mrf-recirculation=\"Links inline\">En\u00a0<b>Londres<\/b>, en tanto, el Gobierno del Reino Unido insisti\u00f3 en que su posici\u00f3n es \u201cinquebrantable\u201d.\u00a0<b>\u201cLas islas son y seguir\u00e1n siendo un territorio de ultramar brit\u00e1nico, de acuerdo con los deseos de los isle\u00f1os\u201d<\/b>, reiter\u00f3 un vocero de Downing Street. Y recuerdan el refer\u00e9ndum de 2013, el\u00a0<b>99,8%<\/b>\u00a0de los votantes eligi\u00f3 permanecer bajo administraci\u00f3n brit\u00e1nica, con una participaci\u00f3n del\u00a0<b>92%<\/b> del padr\u00f3n electoral.<\/p>\n<p class=\"paragraph\" data-paragraph-number=\"15\" data-mrf-recirculation=\"Links inline\">La reactualizaci\u00f3n de la causa Malvinas se da, adem\u00e1s, en un contexto de creciente presi\u00f3n econ\u00f3mica sobre el archipi\u00e9lago. En diciembre de 2025, la israel\u00ed\u00a0<b>Navitas Petroleum<\/b>\u00a0\u2014con el 65% del proyecto\u2014 y la brit\u00e1nica\u00a0<b>Rockhopper Exploration<\/b>\u00a0tomaron la decisi\u00f3n final de inversi\u00f3n para desarrollar el campo petrolero\u00a0<b>Sea Lion<\/b>, ubicado a unos 220 kil\u00f3metros al norte de las islas. La Fase 1 del proyecto, con una inversi\u00f3n de 1.800 millones de d\u00f3lares, apunta a producir 50.000 barriles diarios con primer petr\u00f3leo previsto para 2028.<\/p>\n<p class=\"paragraph\" data-paragraph-number=\"16\" data-mrf-recirculation=\"Links inline\">Es precisamente esa explotaci\u00f3n<a title=\"https:\/\/www.infobae.com\/politica\/2025\/12\/11\/el-gobierno-rechazo-el-desarrollo-de-un-yacimiento-offshore-para-extraer-petroleo-al-norte-de-las-islas-malvinas\/\" href=\"https:\/\/www.infobae.com\/politica\/2025\/12\/11\/el-gobierno-rechazo-el-desarrollo-de-un-yacimiento-offshore-para-extraer-petroleo-al-norte-de-las-islas-malvinas\/\" target=\"_blank\" rel=\"noopener noreferrer\" data-mrf-link=\"https:\/\/www.infobae.com\/politica\/2025\/12\/11\/el-gobierno-rechazo-el-desarrollo-de-un-yacimiento-offshore-para-extraer-petroleo-al-norte-de-las-islas-malvinas\/\">\u00a0la que el Gobierno, a trav\u00e9s de la Canciller\u00eda, calific\u00f3 de \u201cunilateral\u201d por parte de los brit\u00e1nicos<\/a>, algo \u201cincompatible con lo dispuesto por la Resoluci\u00f3n 31\/49 de la Asamblea General, que insta a las partes a abstenerse de introducir modificaciones unilaterales en la situaci\u00f3n mientras las Islas se encuentran sujetas al proceso de negociaci\u00f3n\u201d. Este reclamo podr\u00eda ser uno de los ejes del mensaje de Milei en cadena nacional.<\/p>\n","protected":false},"excerpt":{"rendered":"<p>Horas antes de la\u00a0cadena nacional que\u00a0Javier Milei\u00a0brindar\u00e1 en la noche del jueves para exponer el estado del reclamo de soberan\u00eda sobre las Malvinas, la administraci\u00f3n brit\u00e1nica de las islas hizo p\u00fablico el respaldo oficial de Londres en medio de\u00a0la advertencia de\u00a0Donald Trump\u00a0a revisar la posici\u00f3n hist\u00f3rica de Estados Unidos sobre el conflicto. La cuenta oficial [&hellip;]<\/p>\n","protected":false},"author":2,"featured_media":36666,"comment_status":"open","ping_status":"open","sticky":false,"template":"","format":"standard","meta":{"footnotes":""},"categories":[80],"tags":[],"class_list":["post-36665","post","type-post","status-publish","format-standard","has-post-thumbnail","category-internacionales"],"_links":{"self":[{"href":"https:\/\/radiobitacora.com.ar\/web\/wp-json\/wp\/v2\/posts\/36665","targetHints":{"allow":["GET"]}}],"collection":[{"href":"https:\/\/radiobitacora.com.ar\/web\/wp-json\/wp\/v2\/posts"}],"about":[{"href":"https:\/\/radiobitacora.com.ar\/web\/wp-json\/wp\/v2\/types\/post"}],"author":[{"embeddable":true,"href":"https:\/\/radiobitacora.com.ar\/web\/wp-json\/wp\/v2\/users\/2"}],"replies":[{"embeddable":true,"href":"https:\/\/radiobitacora.com.ar\/web\/wp-json\/wp\/v2\/comments?post=36665"}],"version-history":[{"count":1,"href":"https:\/\/radiobitacora.com.ar\/web\/wp-json\/wp\/v2\/posts\/36665\/revisions"}],"predecessor-version":[{"id":36667,"href":"https:\/\/radiobitacora.com.ar\/web\/wp-json\/wp\/v2\/posts\/36665\/revisions\/36667"}],"wp:featuredmedia":[{"embeddable":true,"href":"https:\/\/radiobitacora.com.ar\/web\/wp-json\/wp\/v2\/media\/36666"}],"wp:attachment":[{"href":"https:\/\/radiobitacora.com.ar\/web\/wp-json\/wp\/v2\/media?parent=36665"}],"wp:term":[{"taxonomy":"category","embeddable":true,"href":"https:\/\/radiobitacora.com.ar\/web\/wp-json\/wp\/v2\/categories?post=36665"},{"taxonomy":"post_tag","embeddable":true,"href":"https:\/\/radiobitacora.com.ar\/web\/wp-json\/wp\/v2\/tags?post=36665"}],"curies":[{"name":"wp","href":"https:\/\/api.w.org\/{rel}","templated":true}]}}