{"id":36668,"date":"2026-09-03T08:17:47","date_gmt":"2026-09-03T11:17:47","guid":{"rendered":"https:\/\/radiobitacora.com.ar\/web\/?p=36668"},"modified":"2026-09-03T08:17:47","modified_gmt":"2026-09-03T11:17:47","slug":"la-interna-del-pj-volvio-a-alterarse-tras-el-acto-de-maximo-kirchner-y-se-rompio-la-tregua-con-kicillof","status":"publish","type":"post","link":"https:\/\/radiobitacora.com.ar\/web\/2026\/09\/03\/la-interna-del-pj-volvio-a-alterarse-tras-el-acto-de-maximo-kirchner-y-se-rompio-la-tregua-con-kicillof\/","title":{"rendered":"La interna del PJ volvi\u00f3 a alterarse tras el acto de M\u00e1ximo Kirchner y se rompi\u00f3 la tregua con Kicillof"},"content":{"rendered":"<p class=\"paragraph\" data-paragraph-number=\"1\" data-mrf-recirculation=\"Links inline\">La conflictividad interna del\u00a0<b>peronismo bonaerense<\/b>\u00a0volvi\u00f3 a escalar en las \u00faltimas horas, luego del mensaje que brind\u00f3\u00a0<b>M\u00e1ximo Kirchner\u00a0<\/b>en la puerta de San Jos\u00e9 1111 a cuatro a\u00f1os del intento de asesinato a su madre. La\u00a0<a title=\"https:\/\/www.infobae.com\/politica\/2026\/09\/02\/que-dice-la-cancion-contra-kicillof-que-maximo-kirchner-agito-en-el-acto-frente-al-balcon-de-cristina-kirchner\/\" href=\"https:\/\/www.infobae.com\/politica\/2026\/09\/02\/que-dice-la-cancion-contra-kicillof-que-maximo-kirchner-agito-en-el-acto-frente-al-balcon-de-cristina-kirchner\/\" target=\"_blank\" rel=\"noopener noreferrer\" data-mrf-link=\"https:\/\/www.infobae.com\/politica\/2026\/09\/02\/que-dice-la-cancion-contra-kicillof-que-maximo-kirchner-agito-en-el-acto-frente-al-balcon-de-cristina-kirchner\/\">canci\u00f3n contra Kicillof\u00a0<\/a>y algunos mensajes entrel\u00edneas le abrieron la puerta a los enojos, la discusi\u00f3n en las redes sociales y el clima espeso en la convivencia del mundo peronista.<\/p>\n<p class=\"paragraph\" data-paragraph-number=\"2\" data-mrf-recirculation=\"Links inline\">La canci\u00f3n que reivindica la conducci\u00f3n de<b>\u00a0Cristina Kirchner<\/b>\u00a0y cuestiona la idea de\u00a0<b>Axel Kicillof\u00a0<\/b>de entonar nuevas canciones, en referencia a una renovaci\u00f3n marcada del peronismo, alter\u00f3 los \u00e1nimos de la vida que se transita bajo el techo del PJ. Las estrofas de ese tema son s\u00edmbolo de interna, de pelea y de conflicto. Porque responden a una propuesta del Gobernador y a una cr\u00edtica de<b>\u00a0Andr\u00e9s \u201cCuervo\u201d Larroque,<\/b> que en un momento dijo que no se sent\u00eda representado por la conducci\u00f3n de la ex presidenta. Su voz fue la voz de varios dirigentes vinculados a Kicillof.<\/p>\n<p class=\"paragraph\" data-paragraph-number=\"3\" data-mrf-recirculation=\"Links inline\"><b>\u201cCristina es la conducci\u00f3n, vamos a ver si se entiende\u201d<\/b>, reza la letra que se conoci\u00f3 en un acto que encabez\u00f3 el l\u00edder de La C\u00e1mpora en septiembre del 2024, en el club Atenas.<b>\u00a0\u201cY si quer\u00e9s otra canci\u00f3n, ven\u00ed te presto la m\u00eda\u201d<\/b>, sostiene el tema en el final. Que la canci\u00f3n haya vuelto a sonar, en reiteradas oportunidades y alentada por Kirchner, rompi\u00f3 la fr\u00e1gil tregua existente con el Gobernador.<\/p>\n<p class=\"paragraph\" data-paragraph-number=\"4\" data-mrf-recirculation=\"Links inline\">En el kicillofismo toman esa canci\u00f3n como una afrenta, teniendo en cuenta el rol que ocupa Kicillof. Sin embargo, ya no se sorprenden como antes. Dicen estar acostumbrados a los mensajes de la interna en contra del mandatario bonaerense.<b>\u00a0\u201cEs imposible lograr acuerdos con ellos. Por eso no tiene sentido discutir ahora la unidad\u201d,<\/b> explic\u00f3 un intendente del Movimiento Derecho al Futuro (MDF).<\/p>\n<p class=\"paragraph\" data-paragraph-number=\"5\" data-mrf-recirculation=\"Links inline\"><b>\u201cEllos desaparecen en la calma\u201d<\/b>, afirm\u00f3 un funcionario muy cercano al gobernador bonaerense. En La Plata creen que el cristinismo, y especialmente La C\u00e1mpora, sobreviven en el ruido de la interna. Y que el silencio de las \u00faltimas semanas los ten\u00eda apartados de su h\u00e1bitat natural, la del ruido y el conflicto. Todo est\u00e1 roto y no hay confianza posible entre las partes.<\/p>\n<div class=\"visual__image\"><picture><source srcset=\"https:\/\/www.infobae.com\/resizer\/v2\/UN3UQZQ2JFBURNAR5G4ASGAT2E.jpg?auth=f99a61dd780b645c2dddd7d601c7cbb6ba331d6a57b337bd579cf7c562d24109&amp;smart=true&amp;width=992&amp;height=558&amp;quality=85\" media=\"(min-width: 1000px)\" \/><source srcset=\"https:\/\/www.infobae.com\/resizer\/v2\/UN3UQZQ2JFBURNAR5G4ASGAT2E.jpg?auth=f99a61dd780b645c2dddd7d601c7cbb6ba331d6a57b337bd579cf7c562d24109&amp;smart=true&amp;width=768&amp;height=432&amp;quality=85\" media=\"(min-width: 768px)\" \/><source srcset=\"https:\/\/www.infobae.com\/resizer\/v2\/UN3UQZQ2JFBURNAR5G4ASGAT2E.jpg?auth=f99a61dd780b645c2dddd7d601c7cbb6ba331d6a57b337bd579cf7c562d24109&amp;smart=true&amp;width=577&amp;height=325&amp;quality=85\" media=\"(min-width: 580px)\" \/><source srcset=\"https:\/\/www.infobae.com\/resizer\/v2\/UN3UQZQ2JFBURNAR5G4ASGAT2E.jpg?auth=f99a61dd780b645c2dddd7d601c7cbb6ba331d6a57b337bd579cf7c562d24109&amp;smart=true&amp;width=420&amp;height=236&amp;quality=85\" media=\"(min-width: 350px)\" \/><source srcset=\"https:\/\/www.infobae.com\/resizer\/v2\/UN3UQZQ2JFBURNAR5G4ASGAT2E.jpg?auth=f99a61dd780b645c2dddd7d601c7cbb6ba331d6a57b337bd579cf7c562d24109&amp;smart=true&amp;width=350&amp;height=197&amp;quality=85\" media=\"(min-width: 80px)\" \/><img loading=\"lazy\" decoding=\"async\" class=\"global-image\" src=\"https:\/\/www.infobae.com\/resizer\/v2\/UN3UQZQ2JFBURNAR5G4ASGAT2E.jpg?auth=f99a61dd780b645c2dddd7d601c7cbb6ba331d6a57b337bd579cf7c562d24109&amp;smart=true&amp;width=350&amp;height=197&amp;quality=85\" alt=\"Axel Kicillof en el Centro de Estudios Derecho al Futuro\" width=\"1920\" height=\"1080\" \/><\/picture>Axel Kicillof trabaja en una estrategia paralela a los Kirchner y eso genera un clima m\u00e1s espeso en la convivencia pol\u00edtica<\/div>\n<p class=\"paragraph\" data-paragraph-number=\"6\" data-mrf-recirculation=\"Links inline\">Otro funcionario de confianza de Kicillof dio un paso m\u00e1s en los cuestionamientos.\u00a0<b>\u201cEl \u00fanico activo que les queda para negociar con el poder real es garantizar la ruptura del peronismo\u201d<\/b>, sentenci\u00f3. Algunos dirigentes vinculados al Gobernador ven en el comportamiento del cristinismo la intenci\u00f3n de generar las condiciones para que el PJ se termine partiendo el a\u00f1o que viene.\u00a0<b>\u201cA lo \u00fanico que est\u00e1n dispuestos es a desgastar a Axel todo lo posible para que llegue disminuido el a\u00f1o que viene\u201d,<\/b> aport\u00f3 un conocedor de las entra\u00f1as justicialistas y el entramado K.<\/p>\n<p class=\"paragraph\" data-paragraph-number=\"7\" data-mrf-recirculation=\"Links inline\">Del otro lado de la l\u00ednea kirchnerista, en La C\u00e1mpora, volvieron a la carga con una idea que hace tiempo mantienen en el debate pol\u00edtico: la victimizaci\u00f3n de Kicillof.\u00a0<b>\u201cEs insoportable hacer pol\u00edtica con gente que se victimiza constantemente. Ni Cristina, con todo lo que le pas\u00f3 y le pasa, se victimiza como lo hacen ellos\u201d<\/b>, se quej\u00f3 un dirigente de la primera l\u00ednea de la organizaci\u00f3n.<\/p>\n<p class=\"paragraph\" data-paragraph-number=\"8\" data-mrf-recirculation=\"Links inline\">En el cristinismo creen que el sector de Kicillof le da una entidad desmedida a la canci\u00f3n y que lo ponen en<b>\u00a0\u201cuna caja de cristal\u201d\u00a0<\/b>al gobernador, porque todo los ofende o les molesta. Aceptan las rispideces y, en algunos casos, la brutalidad de la interna, pero sostienen que en La Plata le dan una entidad que no tiene.<b>\u00a0\u201cSi una canci\u00f3n los pone as\u00ed, \u00bfQu\u00e9 har\u00e1n cuando se tengan que sentar a renegociar la deuda con el FMI?\u201c<\/b>, agreg\u00f3 el referente camporista.<\/p>\n<p class=\"paragraph\" data-paragraph-number=\"9\" data-mrf-recirculation=\"Links inline\">Otro nombre propio importante en La C\u00e1mpora, y de estrecha cercan\u00eda con M\u00e1ximo Kirchner, dej\u00f3 a la luz el fastidio que le genera la reacci\u00f3n del kicillofismo.\u00a0<b>\u201cQuieren que no chistemos. Los que quieren una l\u00f3gica de sumisi\u00f3n o traici\u00f3n son ellos\u201d,\u00a0<\/b>plante\u00f3, utilizando una frase del jefe de Gabinete bonaerense, Carlos Bianco, que subi\u00f3 la temperatura en la interna y construy\u00f3 uno de los momentos m\u00e1s \u00e1lgidos de la discusi\u00f3n de poder. Y, adem\u00e1s, puso como ejemplo la acusaci\u00f3n que a ellos le cursan sobre c\u00f3mo gestionan la pol\u00edtica, cuando algunos dicen que para la conducci\u00f3n cristinista \u201csos esclavo o traidor\u201d.<\/p>\n<div class=\"visual__image\"><picture><source srcset=\"https:\/\/www.infobae.com\/resizer\/v2\/AHPIJZQTGNE2BL3KONNOVOX3HI.jpg?auth=b37cf6845c2034a98c9b0fddea39da882fa05b61a064012f62feedd0264fb00e&amp;smart=true&amp;width=992&amp;height=661&amp;quality=85\" media=\"(min-width: 1000px)\" \/><source srcset=\"https:\/\/www.infobae.com\/resizer\/v2\/AHPIJZQTGNE2BL3KONNOVOX3HI.jpg?auth=b37cf6845c2034a98c9b0fddea39da882fa05b61a064012f62feedd0264fb00e&amp;smart=true&amp;width=768&amp;height=512&amp;quality=85\" media=\"(min-width: 768px)\" \/><source srcset=\"https:\/\/www.infobae.com\/resizer\/v2\/AHPIJZQTGNE2BL3KONNOVOX3HI.jpg?auth=b37cf6845c2034a98c9b0fddea39da882fa05b61a064012f62feedd0264fb00e&amp;smart=true&amp;width=577&amp;height=384&amp;quality=85\" media=\"(min-width: 580px)\" \/><source srcset=\"https:\/\/www.infobae.com\/resizer\/v2\/AHPIJZQTGNE2BL3KONNOVOX3HI.jpg?auth=b37cf6845c2034a98c9b0fddea39da882fa05b61a064012f62feedd0264fb00e&amp;smart=true&amp;width=420&amp;height=280&amp;quality=85\" media=\"(min-width: 350px)\" \/><source srcset=\"https:\/\/www.infobae.com\/resizer\/v2\/AHPIJZQTGNE2BL3KONNOVOX3HI.jpg?auth=b37cf6845c2034a98c9b0fddea39da882fa05b61a064012f62feedd0264fb00e&amp;smart=true&amp;width=350&amp;height=233&amp;quality=85\" media=\"(min-width: 80px)\" \/><img loading=\"lazy\" decoding=\"async\" class=\"global-image\" src=\"https:\/\/www.infobae.com\/resizer\/v2\/AHPIJZQTGNE2BL3KONNOVOX3HI.jpg?auth=b37cf6845c2034a98c9b0fddea39da882fa05b61a064012f62feedd0264fb00e&amp;smart=true&amp;width=350&amp;height=233&amp;quality=85\" alt=\"Cristina Kirchner, con cabello casta\u00f1o rojizo y un pa\u00f1uelo de colores, sonr\u00ede desde un balc\u00f3n con barandal oscuro y un fondo amarillo brillante\" width=\"1920\" height=\"1279\" \/><\/picture>En el cristinismo apuntan contra Kicillof por no sumarse a movidas pol\u00edticas vinculadas a un juego de unidad del peronismo<\/div>\n<p class=\"paragraph\" data-paragraph-number=\"10\" data-mrf-recirculation=\"Links inline\">En el espacio de la ex presidenta aseguran que Kicillof\u00a0<b>\u201cse corre de todo lo que tenga que ver con la unidad\u201d\u00a0<\/b>y ponen como ejemplo el evento organizado en La Rioja por Ricardo Quintela por el aniversario de la muerte del cura Angelelli (que apunt\u00f3 a ser un encuentro de unidad del peronismo), la rosca pol\u00edtica para garantizar la ca\u00edda de la ley de Extranjerizaci\u00f3n de tierras, el encuentro en el Hotel Emperador de los principales dirigentes del PJ y la votaci\u00f3n de una camada de jueces en el Senado de la Naci\u00f3n.<\/p>\n<div class=\"ad_3 ad-wrapper dfpAd ad-1-al-6 ad-text ad-component-container\" data-ad-wrapper=\"arcad\" data-ad-type=\"ad_3\" data-ad-slot=\"infobae\/politica\/nota\/ad_3\" data-ad-container=\"dfp\" data-ad-slot-name=\"infobae\/politica\/nota\/ad_3\">\n<div id=\"infobae\/politica\/nota\/ad_3\" class=\"infobae\/politica\/nota\/ad_3 arcad ad-slot-node ad-slot-node--boxed\" data-ad-slot-id=\"infobae\/politica\/nota\/ad_3\">\n<div id=\"google_ads_iframe_\/1058609\/infobae\/politica\/nota\/ad_3_0__container__\"><\/div>\n<\/div>\n<\/div>\n<p class=\"paragraph\" data-paragraph-number=\"11\" data-mrf-recirculation=\"Links inline\">\u201cAxel no fue a La Rioja, no movi\u00f3 un dedo para hacer caer la ley de tierras, sali\u00f3 del encuentro en el hotel con los gobernadores y enseguida se ocup\u00f3 de tomar distancia del resto y critic\u00f3 a Cristina, a trav\u00e9s de comunicadores cercanos, por la votaci\u00f3n del bloque en el tema de los jueces.\u00a0<b>Se corre de todo lo que se hace en unidad o implica meterse en el barro de la pol\u00edtica\u201d,<\/b>\u00a0afirm\u00f3 un encumbrado dirigente camporista.<\/p>\n<p class=\"paragraph\" data-paragraph-number=\"12\" data-mrf-recirculation=\"Links inline\">En el cristinismo ven a Kicillof detr\u00e1s de los cuestionamientos al bloque de senadores y a CFK respecto a la decisi\u00f3n de votar, en su mayor\u00eda, el pliego del juez Pablo Yadarola para integrar la C\u00e1mara Federal de la Ciudad de Buenos Aires, lo que gener\u00f3 algunas rispideces en el peronismo. La desconfianza est\u00e1 instalada en el v\u00ednculo pol\u00edtico y anclada en una interna feroz de larga data. Eso no se modific\u00f3 en el tiempo.<\/p>\n<p class=\"paragraph\" data-paragraph-number=\"13\" data-mrf-recirculation=\"Links inline\">En la discusi\u00f3n p\u00fablica, el ministro de Obras P\u00fablicas bonaerense,\u00a0<b>Gabriel Katopodis,\u00a0<\/b>plante\u00f3 en una entrevista radial que estaban esperando<b>\u00a0\u201centender el criterio\u201d\u00a0<\/b>utilizado por el bloque de senadores para el nombramiento de los jueces porque\u00a0<b>\u201cllamaba la atenci\u00f3n\u201d.\u00a0<\/b>Su frase corta, pero concreta, provoc\u00f3 ruido en la vereda de enfrente.<\/p>\n<p class=\"paragraph\" data-paragraph-number=\"14\" data-mrf-recirculation=\"Links inline\">La respuesta lleg\u00f3 a trav\u00e9s del jefe del bloque de diputados provinciales del peronismo,\u00a0<b>Facundo Tignanelli.<\/b>\u00a0\u201cEscuchaba al compa\u00f1ero respecto de la votaci\u00f3n del Senado decir \u2018estamos esperando entender el criterio\u2019. A veces a nosotros nos pasa que nos cuesta entender el criterio de cuando se\u00a0<b>decide aumentar la tarifa en la provincia de Buenos Aires<\/b>\u00a0por una resoluci\u00f3n ministerial en forma m\u00e1s alta que al conurbano bonaerense, que son las resoluciones nacionales. Es decir, la energ\u00eda en la Provincia de Buenos Aires se paga m\u00e1s cara que a nivel nacional\u201d, asegur\u00f3 en una entrevista en el canal de streaming<i> LACA.<\/i><\/p>\n<p class=\"paragraph\" data-paragraph-number=\"15\" data-mrf-recirculation=\"Links inline\">\u201cSi recuperamos Vaca Muerta fue para que los argentinos y las argentinas paguen las tarifas en forma barata y para que la industria, en este caso bonaerense, se pueda desarrollar pagando una tarifa barata\u201d, agreg\u00f3 el legislador camporista. El mensaje p\u00fablico lleg\u00f3 con una\u00a0<b>cr\u00edtica a la gesti\u00f3n de Kicillof\u00a0<\/b>y una defensa cerrada a la estrategia kirchnerista en la C\u00e1mara alta.<\/p>\n<p class=\"paragraph\" data-paragraph-number=\"16\" data-mrf-recirculation=\"Links inline\">Cuando la\u00a0<a title=\"https:\/\/www.infobae.com\/politica\/2026\/08\/27\/la-interna-del-peronismo-disminuyo-su-intensidad-y-se-multiplican-los-gestos-para-lograr-la-unidad-en-el-2027\/\" href=\"https:\/\/www.infobae.com\/politica\/2026\/08\/27\/la-interna-del-peronismo-disminuyo-su-intensidad-y-se-multiplican-los-gestos-para-lograr-la-unidad-en-el-2027\/\" target=\"_blank\" rel=\"noopener noreferrer\" data-mrf-link=\"https:\/\/www.infobae.com\/politica\/2026\/08\/27\/la-interna-del-peronismo-disminuyo-su-intensidad-y-se-multiplican-los-gestos-para-lograr-la-unidad-en-el-2027\/\">conflictividad interna hab\u00eda bajado su intensidad<\/a>, en una muestra de convivencia m\u00e1s l\u00f3gica, el cancionero camporista y el movimiento legislativo-judicial alteraron la convivencia nuevamente. En el fondo, lo que existe es una guerrilla interna que sumar\u00e1 cap\u00edtulos hasta el \u00faltimo d\u00eda previo a las elecciones nacionales. La historia seguir\u00e1 sumando cap\u00edtulos.<\/p>\n","protected":false},"excerpt":{"rendered":"<p>La conflictividad interna del\u00a0peronismo bonaerense\u00a0volvi\u00f3 a escalar en las \u00faltimas horas, luego del mensaje que brind\u00f3\u00a0M\u00e1ximo Kirchner\u00a0en la puerta de San Jos\u00e9 1111 a cuatro a\u00f1os del intento de asesinato a su madre. La\u00a0canci\u00f3n contra Kicillof\u00a0y algunos mensajes entrel\u00edneas le abrieron la puerta a los enojos, la discusi\u00f3n en las redes sociales y el clima [&hellip;]<\/p>\n","protected":false},"author":2,"featured_media":36669,"comment_status":"open","ping_status":"open","sticky":false,"template":"","format":"standard","meta":{"footnotes":""},"categories":[79],"tags":[],"class_list":["post-36668","post","type-post","status-publish","format-standard","has-post-thumbnail","category-politica"],"_links":{"self":[{"href":"https:\/\/radiobitacora.com.ar\/web\/wp-json\/wp\/v2\/posts\/36668","targetHints":{"allow":["GET"]}}],"collection":[{"href":"https:\/\/radiobitacora.com.ar\/web\/wp-json\/wp\/v2\/posts"}],"about":[{"href":"https:\/\/radiobitacora.com.ar\/web\/wp-json\/wp\/v2\/types\/post"}],"author":[{"embeddable":true,"href":"https:\/\/radiobitacora.com.ar\/web\/wp-json\/wp\/v2\/users\/2"}],"replies":[{"embeddable":true,"href":"https:\/\/radiobitacora.com.ar\/web\/wp-json\/wp\/v2\/comments?post=36668"}],"version-history":[{"count":1,"href":"https:\/\/radiobitacora.com.ar\/web\/wp-json\/wp\/v2\/posts\/36668\/revisions"}],"predecessor-version":[{"id":36670,"href":"https:\/\/radiobitacora.com.ar\/web\/wp-json\/wp\/v2\/posts\/36668\/revisions\/36670"}],"wp:featuredmedia":[{"embeddable":true,"href":"https:\/\/radiobitacora.com.ar\/web\/wp-json\/wp\/v2\/media\/36669"}],"wp:attachment":[{"href":"https:\/\/radiobitacora.com.ar\/web\/wp-json\/wp\/v2\/media?parent=36668"}],"wp:term":[{"taxonomy":"category","embeddable":true,"href":"https:\/\/radiobitacora.com.ar\/web\/wp-json\/wp\/v2\/categories?post=36668"},{"taxonomy":"post_tag","embeddable":true,"href":"https:\/\/radiobitacora.com.ar\/web\/wp-json\/wp\/v2\/tags?post=36668"}],"curies":[{"name":"wp","href":"https:\/\/api.w.org\/{rel}","templated":true}]}}