{"id":36674,"date":"2026-09-03T08:23:01","date_gmt":"2026-09-03T11:23:01","guid":{"rendered":"https:\/\/radiobitacora.com.ar\/web\/?p=36674"},"modified":"2026-09-03T08:23:01","modified_gmt":"2026-09-03T11:23:01","slug":"cirugia-inedita-el-pediatrico-uso-neuronavegacion-cerebral","status":"publish","type":"post","link":"https:\/\/radiobitacora.com.ar\/web\/2026\/09\/03\/cirugia-inedita-el-pediatrico-uso-neuronavegacion-cerebral\/","title":{"rendered":"Cirug\u00eda in\u00e9dita: el Pedi\u00e1trico us\u00f3 neuronavegaci\u00f3n cerebral"},"content":{"rendered":"<p>El Hospital Pedi\u00e1trico Juan Pablo II de Corrientes concret\u00f3 por primera vez una cirug\u00eda de neurocirug\u00eda pedi\u00e1trica con tecnolog\u00eda de neuronavegaci\u00f3n, un procedimiento de alta complejidad que permiti\u00f3 intervenir zonas profundas del cerebro mediante un abordaje m\u00ednimamente invasivo. El equipo m\u00e9dico calific\u00f3 el hecho como un hito para la especialidad en la provincia y destac\u00f3 que este tipo de intervenciones evita que los pacientes deban ser derivados a Buenos Aires.<\/p>\n<p>La intervenci\u00f3n se realiz\u00f3 a una adolescente de la ciudad de Corrientes, quien evoluciona favorablemente. El procedimiento estuvo a cargo del equipo de Neurocirug\u00eda integrado por los doctores Alejandro Szkope, Ver\u00f3nica Vanazco y Rodrigo Blanco, junto con profesionales de Anestesiolog\u00eda, Instrumentaci\u00f3n Quir\u00fargica, Enfermer\u00eda, personal circulante y el Servicio de Cl\u00ednica Pedi\u00e1trica.<\/p>\n<p>El director asociado del Hospital Pedi\u00e1trico y neurocirujano a cargo de la operaci\u00f3n, Romilio Monz\u00f3n, explic\u00f3 que fue la primera utilizaci\u00f3n del neuronavegador en el \u00e1rea de Neurocirug\u00eda Pedi\u00e1trica del establecimiento y asegur\u00f3 que tampoco existen antecedentes de un procedimiento de estas caracter\u00edsticas en el \u00e1mbito privado de Corrientes.<\/p>\n<div class=\"center medium m_image\">\n<figure><picture><source srcset=\"https:\/\/www.diarioepoca.com\/content\/bucket\/0\/1506880w380h296c.jpg.webp\" type=\"image\/webp\" media=\"(min-width: 640px)\" \/><source srcset=\"https:\/\/www.diarioepoca.com\/content\/bucket\/0\/1506880w440h343c.jpg.webp\" type=\"image\/webp\" media=\"(min-width: 300px)\" \/><source srcset=\"https:\/\/www.diarioepoca.com\/content\/bucket\/0\/1506880w380h296c.jpg\" media=\"(min-width: 300px)\" \/><img loading=\"lazy\" decoding=\"async\" class=\"pic\" src=\"https:\/\/www.diarioepoca.com\/content\/bucket\/0\/1506880w380h296c.jpg.webp\" alt=\"\" width=\"380\" height=\"296\" \/><\/picture><\/figure>\n<\/div>\n<p>&#8220;Es la primera vez que se usa el neuronavegador en Neurocirug\u00eda Pedi\u00e1trica del hospital&#8221;, se\u00f1al\u00f3 Monz\u00f3n al describir el procedimiento. Explic\u00f3 que previamente se corroboraron las im\u00e1genes obtenidas mediante tomograf\u00eda y resonancia magn\u00e9tica, que luego fueron cargadas en el sistema para obtener una representaci\u00f3n precisa de la zona cerebral que deb\u00eda ser abordada.<\/p>\n<p>A partir de esa informaci\u00f3n, el equipo pudo determinar con exactitud el sitio de intervenci\u00f3n. &#8220;Se cargaron en el neuronavegador que proyect\u00f3 los datos exactos para que se efectuara el peque\u00f1o oficio en el hueso y con una peque\u00f1a incisi\u00f3n de piel se hizo la aspiraci\u00f3n de dos peque\u00f1os abscesos cerebrales profundos&#8221;, detall\u00f3 el neurocirujano.<\/p>\n<p>Para Monz\u00f3n, el resultado fue satisfactorio. &#8220;Fue un procedimiento totalmente satisfactorio para el equipo&#8221;, afirm\u00f3, al tiempo que destac\u00f3 una de las principales consecuencias de incorporar esta tecnolog\u00eda al sistema p\u00fablico provincial: los pacientes que requieren este tipo de cirug\u00eda ya no necesariamente deben viajar a la Ciudad de Buenos Aires para acceder a una intervenci\u00f3n de alta complejidad.<\/p>\n<p>El especialista remarc\u00f3 adem\u00e1s el impacto que tiene el car\u00e1cter m\u00ednimamente invasivo de la intervenci\u00f3n sobre la recuperaci\u00f3n. Seg\u00fan explic\u00f3, la adolescente podr\u00eda permanecer internada alrededor de 72 horas, regresar luego a su domicilio y retomar sus actividades habituales. En aproximadamente una semana, incluso, podr\u00eda volver a la escolaridad com\u00fan.<\/p>\n<div class=\"center medium m_image\">\n<figure><picture><source srcset=\"https:\/\/www.diarioepoca.com\/content\/bucket\/9\/1506879w380h271c.jpg.webp\" type=\"image\/webp\" media=\"(min-width: 640px)\" \/><source srcset=\"https:\/\/www.diarioepoca.com\/content\/bucket\/9\/1506879w440h314c.jpg.webp\" type=\"image\/webp\" media=\"(min-width: 300px)\" \/><source srcset=\"https:\/\/www.diarioepoca.com\/content\/bucket\/9\/1506879w380h271c.jpg\" media=\"(min-width: 300px)\" \/><img loading=\"lazy\" decoding=\"async\" class=\"pic\" src=\"https:\/\/www.diarioepoca.com\/content\/bucket\/9\/1506879w380h271c.jpg.webp\" alt=\"\" width=\"380\" height=\"271\" \/><\/picture><figcaption>EL AVANCE AMPL\u00cdA LA CAPACIDAD RESOLUTIVA DEL HOSPITAL PEDI\u00c1TRICO.<\/figcaption><\/figure>\n<\/div>\n<h2>Un GPS dentro del cerebro<\/h2>\n<p>La neuronavegaci\u00f3n es una herramienta tecnol\u00f3gica que permite utilizar las im\u00e1genes obtenidas mediante tomograf\u00edas y resonancias para orientar al cirujano durante una intervenci\u00f3n.<\/p>\n<p>El sistema funciona como una suerte de &#8220;GPS dentro del cerebro&#8221;, ya que permite ubicar con gran precisi\u00f3n los instrumentos respecto de las estructuras cerebrales del paciente.<\/p>\n<p>En este caso, esa precisi\u00f3n fue determinante para llegar hasta dos abscesos ubicados en zonas profundas y realizar su aspiraci\u00f3n mediante una peque\u00f1a abertura en el hueso y una incisi\u00f3n reducida en la piel. La posibilidad de establecer previamente la trayectoria y localizar el objetivo permite reducir el abordaje y minimizar la afectaci\u00f3n del tejido cerebral sano.<\/p>\n<p>El procedimiento tambi\u00e9n representa un avance en materia de seguridad quir\u00fargica, precisi\u00f3n y recuperaci\u00f3n. La incorporaci\u00f3n de este recurso permite ampliar la capacidad resolutiva del Hospital Pedi\u00e1trico y sumar herramientas para atender patolog\u00edas neurol\u00f3gicas complejas sin necesidad de trasladar a los pacientes fuera de la provincia.<\/p>\n<h2>Un nuevo paso para el Juan Pablo II<\/h2>\n<p>La incorporaci\u00f3n de tecnolog\u00eda de alta complejidad se inscribe en un proceso de fortalecimiento del Hospital Pedi\u00e1trico Juan Pablo II. En abril de este a\u00f1o, el gobernador Juan Pablo Vald\u00e9s puso en funciones a Graciela Casella como directora ejecutiva y a Romilio Monz\u00f3n como director asociado del establecimiento. En esa misma jornada se firm\u00f3 un convenio con FUNCACORR para la instalaci\u00f3n de un segundo resonador de \u00faltima generaci\u00f3n dentro del predio hospitalario, adem\u00e1s de nuevos servicios especializados.<\/p>\n<p>Durante ese acto, el Gobernador destac\u00f3 el trabajo del personal sanitario y sostuvo que la salud p\u00fablica provincial contin\u00faa avanzando a partir del esfuerzo cotidiano de los equipos del hospital.<\/p>\n<p>La primera cirug\u00eda pedi\u00e1trica con neuronavegaci\u00f3n agrega ahora un nuevo cap\u00edtulo a ese proceso. M\u00e1s all\u00e1 de la incorporaci\u00f3n de un equipamiento de \u00faltima generaci\u00f3n, el principal cambio se produce en la capacidad de resoluci\u00f3n local: una paciente que antes pod\u00eda requerir una derivaci\u00f3n a otro centro especializado pudo ser intervenida en Corrientes, con un abordaje menos invasivo y un tiempo de recuperaci\u00f3n reducido.<\/p>\n<p>El equipo de Neurocirug\u00eda destac\u00f3 que el resultado no depende \u00fanicamente de la tecnolog\u00eda, sino tambi\u00e9n del trabajo coordinado entre las distintas \u00e1reas que participaron de la intervenci\u00f3n. Anestesiolog\u00eda, Instrumentaci\u00f3n Quir\u00fargica, Enfermer\u00eda, personal circulante y Cl\u00ednica Pedi\u00e1trica acompa\u00f1aron al equipo de especialistas durante todo el procedimiento.<\/p>\n<p>Para el Hospital Pedi\u00e1trico, el avance representa as\u00ed una combinaci\u00f3n de tecnolog\u00eda, capacitaci\u00f3n y trabajo interdisciplinario, con el objetivo de ampliar progresivamente la atenci\u00f3n de patolog\u00edas de alta complejidad en el sistema p\u00fablico provincial.<\/p>\n","protected":false},"excerpt":{"rendered":"<p>El Hospital Pedi\u00e1trico Juan Pablo II de Corrientes concret\u00f3 por primera vez una cirug\u00eda de neurocirug\u00eda pedi\u00e1trica con tecnolog\u00eda de neuronavegaci\u00f3n, un procedimiento de alta complejidad que permiti\u00f3 intervenir zonas profundas del cerebro mediante un abordaje m\u00ednimamente invasivo. El equipo m\u00e9dico calific\u00f3 el hecho como un hito para la especialidad en la provincia y destac\u00f3 [&hellip;]<\/p>\n","protected":false},"author":2,"featured_media":36675,"comment_status":"open","ping_status":"open","sticky":false,"template":"","format":"standard","meta":{"footnotes":""},"categories":[69],"tags":[],"class_list":["post-36674","post","type-post","status-publish","format-standard","has-post-thumbnail","category-salud"],"_links":{"self":[{"href":"https:\/\/radiobitacora.com.ar\/web\/wp-json\/wp\/v2\/posts\/36674","targetHints":{"allow":["GET"]}}],"collection":[{"href":"https:\/\/radiobitacora.com.ar\/web\/wp-json\/wp\/v2\/posts"}],"about":[{"href":"https:\/\/radiobitacora.com.ar\/web\/wp-json\/wp\/v2\/types\/post"}],"author":[{"embeddable":true,"href":"https:\/\/radiobitacora.com.ar\/web\/wp-json\/wp\/v2\/users\/2"}],"replies":[{"embeddable":true,"href":"https:\/\/radiobitacora.com.ar\/web\/wp-json\/wp\/v2\/comments?post=36674"}],"version-history":[{"count":1,"href":"https:\/\/radiobitacora.com.ar\/web\/wp-json\/wp\/v2\/posts\/36674\/revisions"}],"predecessor-version":[{"id":36676,"href":"https:\/\/radiobitacora.com.ar\/web\/wp-json\/wp\/v2\/posts\/36674\/revisions\/36676"}],"wp:featuredmedia":[{"embeddable":true,"href":"https:\/\/radiobitacora.com.ar\/web\/wp-json\/wp\/v2\/media\/36675"}],"wp:attachment":[{"href":"https:\/\/radiobitacora.com.ar\/web\/wp-json\/wp\/v2\/media?parent=36674"}],"wp:term":[{"taxonomy":"category","embeddable":true,"href":"https:\/\/radiobitacora.com.ar\/web\/wp-json\/wp\/v2\/categories?post=36674"},{"taxonomy":"post_tag","embeddable":true,"href":"https:\/\/radiobitacora.com.ar\/web\/wp-json\/wp\/v2\/tags?post=36674"}],"curies":[{"name":"wp","href":"https:\/\/api.w.org\/{rel}","templated":true}]}}