{"id":36677,"date":"2026-09-03T08:27:16","date_gmt":"2026-09-03T11:27:16","guid":{"rendered":"https:\/\/radiobitacora.com.ar\/web\/?p=36677"},"modified":"2026-09-03T08:27:16","modified_gmt":"2026-09-03T11:27:16","slug":"industricidio-axel-kicillof-acuso-a-javier-milei-de-ejecutar-un-plan-de-exterminio-de-la-industria-nacional","status":"publish","type":"post","link":"https:\/\/radiobitacora.com.ar\/web\/2026\/09\/03\/industricidio-axel-kicillof-acuso-a-javier-milei-de-ejecutar-un-plan-de-exterminio-de-la-industria-nacional\/","title":{"rendered":"&#8220;Industricidio&#8221; Axel Kicillof acus\u00f3 a Javier Milei de ejecutar un &#8220;plan de exterminio de la industria nacional&#8221;"},"content":{"rendered":"<p data-path-to-node=\"0\">En el\u00a0<b><a href=\"https:\/\/www.baenegocios.com\/politica\/dia-de-la-industria-con-el-sector-en-caida-milei-elige-un-foro-liberal-y-santilli-va-a-la-uia\/\" target=\"_blank\" rel=\"noopener\">D\u00eda de la Industria<\/a><\/b>, el gobernador de la provincia de Buenos Aires,\u00a0<b data-path-to-node=\"3\" data-index-in-node=\"110\">Axel Kicillof<\/b>,\u00a0<b>encabez\u00f3 un masivo encuentro con empresarios<\/b>, referentes sindicales y representantes del entramado productivo en las instalaciones del Parque Industrial Tecnol\u00f3gico Aeron\u00e1utico de Mor\u00f3n (PITAM).<\/p>\n<p data-path-to-node=\"0\">El mandatario bonaerense dio el discurso de cierre, en el que\u00a0<b>responsabiliz\u00f3 directamente al presidente<\/b>\u00a0<b data-path-to-node=\"3\" data-index-in-node=\"444\">Javier Milei<\/b>\u00a0por la recesi\u00f3n que atraviesan las empresas y PyMEs de todo el pa\u00eds.<\/p>\n<p data-path-to-node=\"4\"><b data-path-to-node=\"4\" data-index-in-node=\"0\">&#8220;<\/b>Si hoy le va mal al sector industrial argentino y bonaerense<b data-path-to-node=\"4\" data-index-in-node=\"0\">\u00a0es porque hay un responsable y es el se\u00f1or Javier Milei&#8221;<\/b>, sostuvo Kicillof.<\/p>\n<p data-path-to-node=\"4\">El mandatario remarc\u00f3 que, a diferencia de otros ciclos hist\u00f3ricos, la crisis actual no responde a factores fortuitos ni a variables externas, sino a un sesgo deliberado de la pol\u00edtica econ\u00f3mica conducida desde la Casa Rosada.<\/p>\n<h2 data-path-to-node=\"5\">&#8220;Plan de exterminio&#8221; y la cr\u00edtica al sesgo de la macroeconom\u00eda<\/h2>\n<p data-path-to-node=\"6\">Durante su exposici\u00f3n, Kicillof reformul\u00f3 el diagn\u00f3stico que sol\u00eda utilizar para describir los procesos de contracci\u00f3n fabril.\u00a0<b data-path-to-node=\"6\" data-index-in-node=\"127\">&#8220;Yo lo llamaba industricidio y ahora lo llamo &#8216;plan de exterminio de la industria nacional'&#8221;.\u00a0<\/b>Adem\u00e1s, argument\u00f3\u00a0que el verdadero objetivo de la administraci\u00f3n libertaria es quebrar la estructura productiva existente para forzar una primarizaci\u00f3n del pa\u00eds.<\/p>\n<p data-path-to-node=\"6\">Seg\u00fan su visi\u00f3n, no se trata de un fen\u00f3meno casual ni coyuntural, sino de un plan sistem\u00e1tico que constituye una<b>\u00a0decisi\u00f3n &#8220;inadecuada, criminal y suicida&#8221; para la soberan\u00eda nacional.<\/b><\/p>\n<p data-path-to-node=\"7\">El gobernador refut\u00f3 adem\u00e1s el relato oficial sobre el libre mercado, argumentando que desde la Casa Rosada se utiliza un Estado fuerte e intervencionista para aplicar, en la pr\u00e1ctica, una pol\u00edtica activa de desindustrializaci\u00f3n.<\/p>\n<p data-path-to-node=\"7\">Bajo este esquema,\u00a0<b>Kicillof remarc\u00f3 que la crisis afecta de manera transversal a las cadenas de valor<\/b>\u00a0-donde diez de cada diez sectores productivos muestran n\u00fameros en rojo- y cuestion\u00f3 los fundamentos ideol\u00f3gicos del Ejecutivo al se\u00f1alar que ni son anarcocapitalistas ni responden a la escuela austr\u00edaca, sino que est\u00e1n interviniendo la econom\u00eda para modificar de ra\u00edz la matriz productiva.<\/p>\n<p data-path-to-node=\"7\">En esa misma l\u00ednea, el mandatario sostuvo que los indicadores macroecon\u00f3micos que el Gobierno exhibe como un \u00e9xito son, parad\u00f3jicamente, &#8220;<b>los mismos factores que est\u00e1n fundiendo y quebrando al entramado PyME nacional<\/b>&#8220;.<\/p>\n<h2 data-path-to-node=\"8\">Coherencia hist\u00f3rica y el valor del Estado presente<\/h2>\n<p data-path-to-node=\"9\">En otro tramo de su discurso, Kicillof defendi\u00f3 su postura al asegurar que mantuvo\u00a0<b data-path-to-node=\"9\" data-index-in-node=\"157\">&#8220;la coherencia en la defensa de la industria&#8221;<\/b>\u00a0<b>durante los gobiernos de Mauricio Macri y Mar\u00eda Eugenia Vidal<\/b>\u00a0y en la gesti\u00f3n de<b>\u00a0Alberto Fern\u00e1ndez<\/b>.<\/p>\n<p data-path-to-node=\"10\">El mandatario enfatiz\u00f3 que en las potencias globales el desarrollo tecnol\u00f3gico e industrial siempre ha estado respaldado por un sector p\u00fablico activo: &#8220;En los lugares donde hay desarrollo tecnol\u00f3gico, donde la industria funciona,\u00a0<b>siempre hay Estado<\/b>. No ocurre de manera espont\u00e1nea. En todos los pa\u00edses que han triunfado siempre han tenido al Estado como uno de los part\u00edcipes centrales, como tambi\u00e9n la planificaci\u00f3n estatal y las decisiones pol\u00edticas&#8221;.<\/p>\n<p data-path-to-node=\"11\">Siguiendo esa l\u00ednea conceptual, recalc\u00f3 que\u00a0<b data-path-to-node=\"11\" data-index-in-node=\"44\">&#8220;no hay Naci\u00f3n sin industria ni tampoco hay industria sin Naci\u00f3n&#8221;<\/b>, e increp\u00f3 el ajuste sobre las instituciones del conocimiento:\u00a0<b data-path-to-node=\"11\" data-index-in-node=\"173\">&#8220;Hoy tenemos un Gobierno Nacional que ha venido a destruir la industria, la ciencia y la universidad&#8221;<\/b>.<\/p>\n<p data-path-to-node=\"11\">En contraste con la postura nacional, sostuvo que con la misma estructura tributaria bonaerense a las empresas les iba bien en etapas previas, por lo que desestim\u00f3 que la carga impositiva provincial sea la causa del freno fabril.<\/p>\n<h2 data-path-to-node=\"12\">Respaldo pol\u00edtico, referentes industriales y la perspectiva de cambio<\/h2>\n<p data-path-to-node=\"13\">El encuentro celebrado en una de las naves del predio aeron\u00e1utico de Mor\u00f3n cont\u00f3 con un fuerte despliegue de autoridades institucionales y empresarias.<\/p>\n<p data-path-to-node=\"13\">Kicillof estuvo acompa\u00f1ado por la vicegobernadora\u00a0<b data-path-to-node=\"13\" data-index-in-node=\"202\">Ver\u00f3nica Magario<\/b>; el intendente local\u00a0<b data-path-to-node=\"13\" data-index-in-node=\"240\">Lucas Ghi<\/b>; el ministro de Producci\u00f3n, Ciencia e Innovaci\u00f3n Tecnol\u00f3gica,\u00a0<b data-path-to-node=\"13\" data-index-in-node=\"312\">Augusto Costa<\/b>; el ministro de Gobierno,\u00a0<b data-path-to-node=\"13\" data-index-in-node=\"352\">Carlos Bianco<\/b>; el ministro de Trabajo,\u00a0<b data-path-to-node=\"13\" data-index-in-node=\"391\">Walter Correa<\/b>; el ministro de Desarrollo Agrario,\u00a0<b data-path-to-node=\"13\" data-index-in-node=\"441\">Javier Rodr\u00edguez<\/b>; la jefa de Asesores,\u00a0<b data-path-to-node=\"13\" data-index-in-node=\"480\">Cristina \u00c1lvarez Rodr\u00edguez<\/b>; el titular del Banco Provincia,\u00a0<b data-path-to-node=\"13\" data-index-in-node=\"540\">Juan Cuattromo<\/b>; y el director ejecutivo de ARBA,\u00a0<b data-path-to-node=\"13\" data-index-in-node=\"589\">Cristian Girard<\/b>.<\/p>\n<p data-path-to-node=\"14\">Por parte del sector privado y las entidades gremiales empresarias, las exposiciones principales estuvieron a cargo de\u00a0<b>Elio Del Re, presidente de la Asociaci\u00f3n de Industriales Metal\u00fargicos de la Rep\u00fablica Argentina (ADIMRA)<\/b>, junto a dirigentes y portavoces del sector naviero, del juguete y de la industria cervecera.<\/p>\n<p>&nbsp;<\/p>\n<p data-path-to-node=\"15\">Pese al duro diagn\u00f3stico que present\u00f3, el gobernador bonaerense concluy\u00f3 con un mensaje de esperanza sobre un cambio: &#8220;<b>La buena noticia es que con otro rumbo se puede revertir la situaci\u00f3n<\/b>. Es la pol\u00edtica econ\u00f3mica y es responsabilidad de todos los partidos&#8221;.<\/p>\n","protected":false},"excerpt":{"rendered":"<p>En el\u00a0D\u00eda de la Industria, el gobernador de la provincia de Buenos Aires,\u00a0Axel Kicillof,\u00a0encabez\u00f3 un masivo encuentro con empresarios, referentes sindicales y representantes del entramado productivo en las instalaciones del Parque Industrial Tecnol\u00f3gico Aeron\u00e1utico de Mor\u00f3n (PITAM). El mandatario bonaerense dio el discurso de cierre, en el que\u00a0responsabiliz\u00f3 directamente al presidente\u00a0Javier Milei\u00a0por la recesi\u00f3n que [&hellip;]<\/p>\n","protected":false},"author":2,"featured_media":36678,"comment_status":"open","ping_status":"open","sticky":false,"template":"","format":"standard","meta":{"footnotes":""},"categories":[79],"tags":[],"class_list":["post-36677","post","type-post","status-publish","format-standard","has-post-thumbnail","category-politica"],"_links":{"self":[{"href":"https:\/\/radiobitacora.com.ar\/web\/wp-json\/wp\/v2\/posts\/36677","targetHints":{"allow":["GET"]}}],"collection":[{"href":"https:\/\/radiobitacora.com.ar\/web\/wp-json\/wp\/v2\/posts"}],"about":[{"href":"https:\/\/radiobitacora.com.ar\/web\/wp-json\/wp\/v2\/types\/post"}],"author":[{"embeddable":true,"href":"https:\/\/radiobitacora.com.ar\/web\/wp-json\/wp\/v2\/users\/2"}],"replies":[{"embeddable":true,"href":"https:\/\/radiobitacora.com.ar\/web\/wp-json\/wp\/v2\/comments?post=36677"}],"version-history":[{"count":1,"href":"https:\/\/radiobitacora.com.ar\/web\/wp-json\/wp\/v2\/posts\/36677\/revisions"}],"predecessor-version":[{"id":36679,"href":"https:\/\/radiobitacora.com.ar\/web\/wp-json\/wp\/v2\/posts\/36677\/revisions\/36679"}],"wp:featuredmedia":[{"embeddable":true,"href":"https:\/\/radiobitacora.com.ar\/web\/wp-json\/wp\/v2\/media\/36678"}],"wp:attachment":[{"href":"https:\/\/radiobitacora.com.ar\/web\/wp-json\/wp\/v2\/media?parent=36677"}],"wp:term":[{"taxonomy":"category","embeddable":true,"href":"https:\/\/radiobitacora.com.ar\/web\/wp-json\/wp\/v2\/categories?post=36677"},{"taxonomy":"post_tag","embeddable":true,"href":"https:\/\/radiobitacora.com.ar\/web\/wp-json\/wp\/v2\/tags?post=36677"}],"curies":[{"name":"wp","href":"https:\/\/api.w.org\/{rel}","templated":true}]}}