{"id":36680,"date":"2026-09-03T08:29:28","date_gmt":"2026-09-03T11:29:28","guid":{"rendered":"https:\/\/radiobitacora.com.ar\/web\/?p=36680"},"modified":"2026-09-03T08:29:28","modified_gmt":"2026-09-03T11:29:28","slug":"milei-insiste-con-la-reeleccion-y-aseguro-que-si-lla-no-gana-nos-estamos-suicidando-como-sociedad","status":"publish","type":"post","link":"https:\/\/radiobitacora.com.ar\/web\/2026\/09\/03\/milei-insiste-con-la-reeleccion-y-aseguro-que-si-lla-no-gana-nos-estamos-suicidando-como-sociedad\/","title":{"rendered":"Milei insiste con la reelecci\u00f3n y asegur\u00f3 que si LLA no gana &#8220;nos estamos suicidando como sociedad&#8221;"},"content":{"rendered":"<p><b><a href=\"https:\/\/www.baenegocios.com\/politica\/dia-de-la-industria-con-el-sector-en-caida-milei-elige-un-foro-liberal-y-santilli-va-a-la-uia\/\" target=\"_blank\" rel=\"noopener\">En lugar de asistir al tradicional evento de la UIA por el D\u00eda de la Industria<\/a><\/b>, el presidente eligi\u00f3 ir a la\u00a0<a href=\"https:\/\/www.baenegocios.com\/economia\/el-resultado-fiscal-no-se-negocia-al-populismo-no-se-le-gana-haciendo-populismo-sentencio-milei\/\" target=\"_blank\" rel=\"noopener\"><b>Fundaci\u00f3n Libertad y Progreso para disertar frente a empresarios privados<\/b><\/a>.\u00a0All\u00ed, mostr\u00f3 confianza por la perfomance pol\u00edtica de\u00a0<b>La Libertad Avanza<\/b>\u00a0en las\u00a0<b>elecciones 2027\u00a0<\/b>y firm\u00f3 un segundo mandato al frente del Ejecutivo.\u00a0<b>&#8220;Si no ganamos, es porque como sociedad nos estamos suicidando&#8221;.<\/b><\/p>\n<p>&#8220;Tengo esperanzas y conf\u00edo en los argentinos, no puede ser que un\u00a0<b>conjunto de delincuentes y mentirosos<\/b>\u00a0tapen el sol con un dedo&#8221;, dijo durante su discurso, y agreg\u00f3: &#8220;Mientras ellos sigan diciendo mentiras, vamos a seguir diciendo la verdad&#8221;.<\/p>\n<p>El jefe de Estado tambi\u00e9n se mostr\u00f3 optimista con las bancas que puede ganar el espacio en las elecciones: &#8220;<b>Con el mismo resultado de las \u00faltimas elecciones, tendr\u00edamos mayor\u00eda en Diputados y en el Senado, estar\u00edamos a dos de alcanzar la mayor\u00eda&#8221;\u00a0<\/b>y as\u00ed acelerar todos los proyectos que quedaron truncados por falta de apoyo, como\u00a0<b>la Ley de Extranjerizaci\u00f3n de Tierras.<\/b><\/p>\n<p dir=\"ltr\">Milei subray\u00f3 que<b>\u00a0se necesita &#8220;la batalla cultural, el m\u00fasculo pol\u00edtico y la gesti\u00f3n&#8221; a la hora de llegar al poder<\/b> porque, de lo contrario tambi\u00e9n se estar\u00eda en problemas. Explic\u00f3 que uno de los desaf\u00edos m\u00e1s grandes es llevar las ideas a las elecciones y lograr resultados, sabiendo que su espacio no juega con toda la caja de herramientas.<\/p>\n<p dir=\"ltr\">Aclar\u00f3 que no reniega de eso, sino que se siente orgulloso de no hacerlo, &#8220;porque parte de esa caja es moralmente despreciable&#8221;. Y remarc\u00f3:\u00a0<b>&#8220;Nosotros no vamos a violentar el derecho a la vida, la libertad ni la propiedad privada&#8221;.<\/b><\/p>\n<p dir=\"ltr\">Sostuvo que muchas personas, de cara al a\u00f1o electoral que se viene -y lo hacen con buena intenci\u00f3n, buscando asegurar la reelecci\u00f3n-, piden flexibilizar la pol\u00edtica monetaria y fiscal. Ante eso, fue tajante:\u00a0<b>&#8220;La respuesta es: nosotros no vamos a hacer eso, no vamos a flexibilizar&#8221;.<\/b><\/p>\n<p dir=\"ltr\">Afirm\u00f3 que la pol\u00edtica fiscal no se negocia, y tampoco la monetaria.\u00a0<b>&#8220;No vamos a parar hasta terminar de derrotar la inflaci\u00f3n&#8221;<\/b>, dijo.<\/p>\n","protected":false},"excerpt":{"rendered":"<p>En lugar de asistir al tradicional evento de la UIA por el D\u00eda de la Industria, el presidente eligi\u00f3 ir a la\u00a0Fundaci\u00f3n Libertad y Progreso para disertar frente a empresarios privados.\u00a0All\u00ed, mostr\u00f3 confianza por la perfomance pol\u00edtica de\u00a0La Libertad Avanza\u00a0en las\u00a0elecciones 2027\u00a0y firm\u00f3 un segundo mandato al frente del Ejecutivo.\u00a0&#8220;Si no ganamos, es porque como [&hellip;]<\/p>\n","protected":false},"author":2,"featured_media":36681,"comment_status":"open","ping_status":"open","sticky":false,"template":"","format":"standard","meta":{"footnotes":""},"categories":[79],"tags":[],"class_list":["post-36680","post","type-post","status-publish","format-standard","has-post-thumbnail","category-politica"],"_links":{"self":[{"href":"https:\/\/radiobitacora.com.ar\/web\/wp-json\/wp\/v2\/posts\/36680","targetHints":{"allow":["GET"]}}],"collection":[{"href":"https:\/\/radiobitacora.com.ar\/web\/wp-json\/wp\/v2\/posts"}],"about":[{"href":"https:\/\/radiobitacora.com.ar\/web\/wp-json\/wp\/v2\/types\/post"}],"author":[{"embeddable":true,"href":"https:\/\/radiobitacora.com.ar\/web\/wp-json\/wp\/v2\/users\/2"}],"replies":[{"embeddable":true,"href":"https:\/\/radiobitacora.com.ar\/web\/wp-json\/wp\/v2\/comments?post=36680"}],"version-history":[{"count":1,"href":"https:\/\/radiobitacora.com.ar\/web\/wp-json\/wp\/v2\/posts\/36680\/revisions"}],"predecessor-version":[{"id":36682,"href":"https:\/\/radiobitacora.com.ar\/web\/wp-json\/wp\/v2\/posts\/36680\/revisions\/36682"}],"wp:featuredmedia":[{"embeddable":true,"href":"https:\/\/radiobitacora.com.ar\/web\/wp-json\/wp\/v2\/media\/36681"}],"wp:attachment":[{"href":"https:\/\/radiobitacora.com.ar\/web\/wp-json\/wp\/v2\/media?parent=36680"}],"wp:term":[{"taxonomy":"category","embeddable":true,"href":"https:\/\/radiobitacora.com.ar\/web\/wp-json\/wp\/v2\/categories?post=36680"},{"taxonomy":"post_tag","embeddable":true,"href":"https:\/\/radiobitacora.com.ar\/web\/wp-json\/wp\/v2\/tags?post=36680"}],"curies":[{"name":"wp","href":"https:\/\/api.w.org\/{rel}","templated":true}]}}