{"id":36683,"date":"2026-09-03T08:32:56","date_gmt":"2026-09-03T11:32:56","guid":{"rendered":"https:\/\/radiobitacora.com.ar\/web\/?p=36683"},"modified":"2026-09-03T08:32:56","modified_gmt":"2026-09-03T11:32:56","slug":"el-vicepresidente-de-la-uia-tildo-a-caputo-de-endeudador-y-afirmo-que-no-sabe-lo-que-es-una-fabrica","status":"publish","type":"post","link":"https:\/\/radiobitacora.com.ar\/web\/2026\/09\/03\/el-vicepresidente-de-la-uia-tildo-a-caputo-de-endeudador-y-afirmo-que-no-sabe-lo-que-es-una-fabrica\/","title":{"rendered":"El vicepresidente de la UIA tild\u00f3 a Caputo de &#8220;endeudador&#8221; y afirm\u00f3 que &#8220;no sabe lo que es una f\u00e1brica&#8221;"},"content":{"rendered":"<p data-path-to-node=\"4\">El vicepresidente de la\u00a0<b data-path-to-node=\"4\" data-index-in-node=\"24\">Uni\u00f3n Industrial Argentina (UIA)<\/b>\u00a0y dirigente de la Federaci\u00f3n Industrial de Santa Fe (FISFE),\u00a0<b data-path-to-node=\"4\" data-index-in-node=\"118\">Guillermo Moretti<\/b><b>, critic\u00f3 la conducci\u00f3n econ\u00f3mica del presidente<\/b>\u00a0<b data-path-to-node=\"4\" data-index-in-node=\"210\">Javier Milei<\/b>\u00a0y apunt\u00f3 de manera directa\u00a0<b>contra el ministro de Econom\u00eda,<\/b>\u00a0<b data-path-to-node=\"4\" data-index-in-node=\"282\">Luis Caputo<\/b>.<\/p>\n<p data-path-to-node=\"4\">Las declaraciones del empresario, dedicado al rubro de los pl\u00e1sticos y qu\u00edmicos, se dieron en el marco de las conmemoraciones por el\u00a0<b data-path-to-node=\"4\" data-index-in-node=\"428\">D\u00eda de la Industria<\/b>, donde denunci\u00f3 la ausencia de un programa oficial orientado a sostener la actividad manufacturera.<\/p>\n<p data-path-to-node=\"5\">En di\u00e1logo con la prensa, Moretti acus\u00f3 al equipo econ\u00f3mico de padecer una desconexi\u00f3n cr\u00edtica respecto de la realidad operativa del entramado productivo nacional.<\/p>\n<p data-path-to-node=\"5\">&#8220;<b>Esta gente no conoce el pa\u00eds y no conoce lo que es la industria, no tiene idea. No sabe lo que es una f\u00e1brica<\/b>. Estamos manejados por Rivadavia II,\u00a0<b>por un endeudador, un trader<\/b>\u00a0que no sabe lo que es un torno&#8221;, dispar\u00f3 el directivo de la UIA en\u00a0<b>alusi\u00f3n expl\u00edcita al perfil financiero del ministro Caputo.<\/b><\/p>\n<p data-path-to-node=\"6\">A su vez, el dirigente fabril ironiz\u00f3 sobre el contraste entre los n\u00fameros de la econom\u00eda nacional y la situaci\u00f3n financiera particular del titular del Palacio de Hacienda: &#8220;S\u00ed debe saber mucho de finanzas porque sus finanzas personales aumentaron en un a\u00f1o un 37% en d\u00f3lares.\u00a0<b>Y a la Argentina en ese a\u00f1o la endeud\u00f3<\/b>. \u00bfPor qu\u00e9 no usar\u00e1 lo mismo que usa para \u00e9l para nuestro pa\u00eds?&#8221;.<\/p>\n<h2 data-path-to-node=\"7\">Ca\u00edda de la actividad, cierre de empresas y destrucci\u00f3n de empleo<\/h2>\n<p data-path-to-node=\"8\">El representante santafesino describi\u00f3 un escenario en el que la industria manufacturera en su conjunto\u00a0<b data-path-to-node=\"8\" data-index-in-node=\"104\">&#8220;est\u00e1 pasando por un momento muy dif\u00edcil&#8221;<\/b>.<\/p>\n<p data-path-to-node=\"8\">En ese marco, Moretti advirti\u00f3 que\u00a0<b data-path-to-node=\"8\" data-index-in-node=\"182\">&#8220;no hay pol\u00edticas dedicadas a la industria, sino que se hacen pol\u00edticas de desindustrializaci\u00f3n&#8221;<\/b>. El empresario remarc\u00f3 las deficiencias estructurales que sostienen al sector al se\u00f1alar que\u00a0<b data-path-to-node=\"8\" data-index-in-node=\"372\">&#8220;no puede haber industria si no ten\u00e9s escuelas t\u00e9cnicas, universidades, Conicet, INTI, mercado interno&#8221;<\/b>\u00a0y sentenci\u00f3 que\u00a0<b data-path-to-node=\"8\" data-index-in-node=\"492\">&#8220;cuando uno ve el futuro de la industria, la situaci\u00f3n es muy precaria&#8221;<\/b>.<\/p>\n<p data-path-to-node=\"9\">Por otra parte, reconoci\u00f3 que\u00a0<b data-path-to-node=\"9\" data-index-in-node=\"30\">&#8220;hay sectores en los que este Gobierno est\u00e1 apostando muy fuerte<\/b>, el tema de la\u00a0<b data-path-to-node=\"9\" data-index-in-node=\"30\">miner\u00eda, energ\u00eda y el petr\u00f3leo&#8221;<\/b>, admitiendo que\u00a0<b data-path-to-node=\"9\" data-index-in-node=\"158\">&#8220;<\/b>esos sectores son los que en los distintos gr\u00e1ficos van levantando,<b data-path-to-node=\"9\" data-index-in-node=\"158\">\u00a0pero la industria manufacturera en su conjunto est\u00e1 en una situaci\u00f3n muy muy dif\u00edcil&#8221;<\/b>.<\/p>\n<p data-path-to-node=\"9\">En esa l\u00ednea, lament\u00f3 la par\u00e1lisis de los establecimientos fabriles asegurando que\u00a0<b data-path-to-node=\"9\" data-index-in-node=\"397\">&#8220;est\u00e1 pasando, lo vamos viendo constantemente, el cierre de empresas&#8221;<\/b>, a la vez que remarc\u00f3 la gravedad del fen\u00f3meno al advertir que\u00a0<b data-path-to-node=\"9\" data-index-in-node=\"530\">&#8220;no se recupera en el corto plazo todo lo que se cierra&#8221;<\/b>\u00a0y que\u00a0<b data-path-to-node=\"9\" data-index-in-node=\"593\">&#8220;la recuperaci\u00f3n no es autom\u00e1tica&#8221;<\/b>.<\/p>\n<p data-path-to-node=\"10\">El diagn\u00f3stico trazado por el dirigente santafesino encuentra un sustento directo en los relevamientos estad\u00edsticos que la propia entidad fabril dio a conocer de forma paralela.<\/p>\n<p data-path-to-node=\"10\">Durante la primera mitad del a\u00f1o, la actividad manufacturera experiment\u00f3 un\u00a0<b data-path-to-node=\"10\" data-index-in-node=\"254\">retroceso acumulado del 2,2%<\/b>, un indicador que refleja el impacto de la contracci\u00f3n en el consumo interno y la par\u00e1lisis de diversas cadenas de valor.<\/p>\n<p data-path-to-node=\"10\">Esta ca\u00edda de la producci\u00f3n tuvo su correlato m\u00e1s severo en el mercado de trabajo, con la\u00a0<b data-path-to-node=\"10\" data-index-in-node=\"495\">destrucci\u00f3n de aproximadamente 52.000 empleos directos<\/b>\u00a0en los establecimientos industriales de todo el pa\u00eds en el transcurso del \u00faltimo a\u00f1o.<\/p>\n<h2 data-path-to-node=\"11\">Di\u00e1logo con la CGT, cr\u00edtica al d\u00e9ficit cero y desplante del Gabinete nacional<\/h2>\n<p data-path-to-node=\"12\">Frente a la par\u00e1lisis del mercado interno, Moretti revel\u00f3 que la UIA comenz\u00f3 a entablar conversaciones con el sector sindical para ver\u00a0<b data-path-to-node=\"12\" data-index-in-node=\"135\">&#8220;c\u00f3mo salir de esto&#8221;<\/b>.<\/p>\n<p data-path-to-node=\"12\">En ese sentido, destac\u00f3 las iniciativas regionales de articulaci\u00f3n se\u00f1alando:\u00a0<b data-path-to-node=\"12\" data-index-in-node=\"235\">&#8220;Nosotros hace diez d\u00edas hicimos ac\u00e1 en Rosario una mesa de di\u00e1logo con la CGT, los gremios y los trabajadores\u00a0<\/b>para dialogar y mostrar cu\u00e1l es la respuesta de la industria y por qu\u00e9 es importante su valor agregado<b data-path-to-node=\"12\" data-index-in-node=\"235\">&#8220;<\/b>.<\/p>\n<p data-path-to-node=\"13\">El empresario cuestion\u00f3 adem\u00e1s la percepci\u00f3n p\u00fablica de los conceptos macroecon\u00f3micos de la gesti\u00f3n oficial al sostener que &#8220;el Estado no sirve para nada si le pregunt\u00e1s a cualquier chico joven y es muy complicado explicarles para que interpreten la importancia de tener un Estado&#8221;.<\/p>\n<p data-path-to-node=\"13\">En la misma l\u00ednea, critic\u00f3 el consenso sobre las metas fiscales expresando que\u00a0<b data-path-to-node=\"13\" data-index-in-node=\"362\">&#8220;la Argentina compr\u00f3 esto del d\u00e9ficit fiscal cero, no saben lo que es, pero est\u00e1n todos con eso&#8221;<\/b>.<\/p>\n<p data-path-to-node=\"13\">Sobre ese punto, plante\u00f3 el interrogante central de la discusi\u00f3n productiva:\u00a0<b data-path-to-node=\"13\" data-index-in-node=\"538\">&#8220;Quiero saber si este modelo de precarizaci\u00f3n del trabajo puede contener a 45 millones de personas<\/b>, esa es la gran discusi\u00f3n&#8221;, rematando con la cifra del impacto social:\u00a0<b data-path-to-node=\"13\" data-index-in-node=\"708\">&#8220;En este modelo hay 25 millones de habitantes que estamos afuera&#8221;<\/b>.<\/p>\n<p data-path-to-node=\"14\">La tirantez entre la entidad y el Poder Ejecutivo tuvo su correlato institucional durante el acto central por el D\u00eda de la Industria, realizado en la planta del laboratorio Elea Phoenix en Malvinas Argentinas.<\/p>\n<p data-path-to-node=\"14\">Encabezado por el titular de la UIA,\u00a0<b data-path-to-node=\"14\" data-index-in-node=\"247\">Mart\u00edn Rappallini<\/b>, el evento cont\u00f3 con la presencia de m\u00e1s de 200 empresarios pero estuvo marcado por el\u00a0<b data-path-to-node=\"14\" data-index-in-node=\"352\">vaciamiento de funcionarios de primera l\u00ednea<\/b>: se ausentaron el presidente\u00a0<b data-path-to-node=\"14\" data-index-in-node=\"426\">Javier Milei<\/b>, el ministro\u00a0<b data-path-to-node=\"14\" data-index-in-node=\"452\">Luis Caputo<\/b>\u00a0y el jefe de Gabinete,\u00a0<b data-path-to-node=\"14\" data-index-in-node=\"487\">Diego Santilli<\/b>, enviando en representaci\u00f3n del Gobierno \u00fanicamente al secretario de Coordinaci\u00f3n Productiva,\u00a0<b data-path-to-node=\"14\" data-index-in-node=\"596\">Pablo Lavigne<\/b>.<\/p>\n","protected":false},"excerpt":{"rendered":"<p>El vicepresidente de la\u00a0Uni\u00f3n Industrial Argentina (UIA)\u00a0y dirigente de la Federaci\u00f3n Industrial de Santa Fe (FISFE),\u00a0Guillermo Moretti, critic\u00f3 la conducci\u00f3n econ\u00f3mica del presidente\u00a0Javier Milei\u00a0y apunt\u00f3 de manera directa\u00a0contra el ministro de Econom\u00eda,\u00a0Luis Caputo. Las declaraciones del empresario, dedicado al rubro de los pl\u00e1sticos y qu\u00edmicos, se dieron en el marco de las conmemoraciones por el\u00a0D\u00eda [&hellip;]<\/p>\n","protected":false},"author":2,"featured_media":36684,"comment_status":"open","ping_status":"open","sticky":false,"template":"","format":"standard","meta":{"footnotes":""},"categories":[65],"tags":[],"class_list":["post-36683","post","type-post","status-publish","format-standard","has-post-thumbnail","category-economia"],"_links":{"self":[{"href":"https:\/\/radiobitacora.com.ar\/web\/wp-json\/wp\/v2\/posts\/36683","targetHints":{"allow":["GET"]}}],"collection":[{"href":"https:\/\/radiobitacora.com.ar\/web\/wp-json\/wp\/v2\/posts"}],"about":[{"href":"https:\/\/radiobitacora.com.ar\/web\/wp-json\/wp\/v2\/types\/post"}],"author":[{"embeddable":true,"href":"https:\/\/radiobitacora.com.ar\/web\/wp-json\/wp\/v2\/users\/2"}],"replies":[{"embeddable":true,"href":"https:\/\/radiobitacora.com.ar\/web\/wp-json\/wp\/v2\/comments?post=36683"}],"version-history":[{"count":1,"href":"https:\/\/radiobitacora.com.ar\/web\/wp-json\/wp\/v2\/posts\/36683\/revisions"}],"predecessor-version":[{"id":36685,"href":"https:\/\/radiobitacora.com.ar\/web\/wp-json\/wp\/v2\/posts\/36683\/revisions\/36685"}],"wp:featuredmedia":[{"embeddable":true,"href":"https:\/\/radiobitacora.com.ar\/web\/wp-json\/wp\/v2\/media\/36684"}],"wp:attachment":[{"href":"https:\/\/radiobitacora.com.ar\/web\/wp-json\/wp\/v2\/media?parent=36683"}],"wp:term":[{"taxonomy":"category","embeddable":true,"href":"https:\/\/radiobitacora.com.ar\/web\/wp-json\/wp\/v2\/categories?post=36683"},{"taxonomy":"post_tag","embeddable":true,"href":"https:\/\/radiobitacora.com.ar\/web\/wp-json\/wp\/v2\/tags?post=36683"}],"curies":[{"name":"wp","href":"https:\/\/api.w.org\/{rel}","templated":true}]}}