{"id":36687,"date":"2026-09-03T08:36:22","date_gmt":"2026-09-03T11:36:22","guid":{"rendered":"https:\/\/radiobitacora.com.ar\/web\/?p=36687"},"modified":"2026-09-03T08:36:22","modified_gmt":"2026-09-03T11:36:22","slug":"un-guino-a-la-rosada-chaco-se-convirtio-en-la-primera-provincia-en-suspender-las-paso","status":"publish","type":"post","link":"https:\/\/radiobitacora.com.ar\/web\/2026\/09\/03\/un-guino-a-la-rosada-chaco-se-convirtio-en-la-primera-provincia-en-suspender-las-paso\/","title":{"rendered":"Un gui\u00f1o a la Rosada: Chaco se convirti\u00f3 en la primera provincia en suspender las PASO"},"content":{"rendered":"<p data-path-to-node=\"4\">La provincia de\u00a0<b data-path-to-node=\"4\" data-index-in-node=\"16\">Chaco<\/b>\u00a0se convirti\u00f3 este mi\u00e9rcoles en el\u00a0<b>primer distrito del pa\u00eds en suspender de manera formal las<\/b>\u00a0<b data-path-to-node=\"4\" data-index-in-node=\"115\">Elecciones Primarias, Abiertas, Simult\u00e1neas y Obligatorias (PASO)<\/b> para las elecciones provinciales de 2027.<\/p>\n<p data-path-to-node=\"4\">La medida fue impulsada por el gobernador radical\u00a0<b data-path-to-node=\"4\" data-index-in-node=\"273\">Leandro Zdero<\/b>,\u00a0<b>uno de los principales aliados territoriales del presidente<\/b>\u00a0<b data-path-to-node=\"4\" data-index-in-node=\"348\">Javier Milei<\/b>, adelant\u00e1ndose a los tiempos del Congreso de la Naci\u00f3n en el debate sobre la reforma del sistema electoral.<\/p>\n<p data-path-to-node=\"5\">La iniciativa fue sancionada por la Legislatura chaque\u00f1a con\u00a0<b data-path-to-node=\"5\" data-index-in-node=\"61\">17 votos a favor y ning\u00fan voto en contra<\/b>, en una sesi\u00f3n marcada por la estrategia del peronismo local.<\/p>\n<p data-path-to-node=\"5\">La mayor\u00eda de los diputados del\u00a0<b data-path-to-node=\"5\" data-index-in-node=\"196\">Frente Chaque\u00f1o<\/b>\u00a0<b>opt\u00f3 por no sentarse en las bancas<\/b> para intentar romper el qu\u00f3rum y frenar el avance del proyecto oficialista.<\/p>\n<p data-path-to-node=\"5\">Sin embargo,<b>\u00a0el bloque de la alianza gobernante logr\u00f3 juntar el n\u00famero necesario<\/b>\u00a0para sesionar y aprobar la suspensi\u00f3n gracias al acompa\u00f1amiento decisivo de la diputada Katia Blanc, representante del Frente Renovador.<\/p>\n<h2 data-path-to-node=\"6\">El argumento del ahorro fiscal y la asignaci\u00f3n al Hospital Pedi\u00e1trico<\/h2>\n<p data-path-to-node=\"7\">El eje argumental central utilizado por el Poder Ejecutivo provincial para fundamentar la suspensi\u00f3n de la compulsa previa fue estrictamente\u00a0<b data-path-to-node=\"7\" data-index-in-node=\"141\">econ\u00f3mico y de reasignaci\u00f3n presupuestaria<\/b>.<\/p>\n<p data-path-to-node=\"7\">Seg\u00fan estimaciones oficiales, prescindir del operativo eleccionario de las PASO le permitir\u00e1 a las arcas p\u00fablicas del Chaco un\u00a0<b data-path-to-node=\"7\" data-index-in-node=\"312\">ahorro de entre $4.000 y $5.000 millones<\/b>\u00a0durante el ejercicio de 2027.<\/p>\n<p data-path-to-node=\"8\">La consecuci\u00f3n de ese ahorro fiscal result\u00f3 determinante para garantizar el qu\u00f3rum y la votaci\u00f3n en el recinto, a partir de un compromiso espec\u00edfico condicionado por la bancada massista.<\/p>\n<p data-path-to-node=\"8\">Los recursos no gastados en el armado de la infraestructura electoral deber\u00e1n ser transferidos directamente al\u00a0<b data-path-to-node=\"9,0,0\" data-index-in-node=\"134\">Hospital Pedi\u00e1trico Dr. Avelino Castel\u00e1n<\/b>\u00a0de la ciudad de Resistencia.<\/p>\n<p data-path-to-node=\"8\">El presupuesto recuperado se utilizar\u00e1 exclusivamente para la compra de\u00a0<b data-path-to-node=\"9,1,0\" data-index-in-node=\"94\">medicamentos, equipamiento b\u00e1sico e insumos sanitarios<\/b>\u00a0destinados a la atenci\u00f3n pedi\u00e1trica.<\/p>\n<h2 data-path-to-node=\"10\">El impacto pol\u00edtico en el armado nacional de la Casa Rosada<\/h2>\n<p data-path-to-node=\"11\">La jugada pol\u00edtica de Zdero cobra escala nacional debido a la sinton\u00eda estrat\u00e9gica que el mandatario chaque\u00f1o mantiene con el Poder Ejecutivo Nacional.<\/p>\n<p data-path-to-node=\"11\">Casi en simult\u00e1neo con la votaci\u00f3n en Resistencia,\u00a0<b data-path-to-node=\"11\" data-index-in-node=\"203\">Zdero fue recibido en la Casa Rosada<\/b>\u00a0por la secretaria general de la Presidencia,\u00a0<b data-path-to-node=\"11\" data-index-in-node=\"285\">Karina Milei<\/b>, el jefe de Gabinete,\u00a0<b data-path-to-node=\"11\" data-index-in-node=\"320\">Diego Santilli<\/b>, y el asesor pol\u00edtico de La Libertad Avanza,\u00a0<b data-path-to-node=\"11\" data-index-in-node=\"380\">Eduardo &#8220;Lule&#8221; Menem<\/b>, en una se\u00f1al expl\u00edcita de respaldo pol\u00edtico mutuo.<\/p>\n<p data-path-to-node=\"12\">El antecedente sentado por Chaco le sirve de insumo a la administraci\u00f3n central, que busca\u00a0<b data-path-to-node=\"12\" data-index-in-node=\"91\">retomar la discusi\u00f3n sobre las PASO nacionales en el Senado<\/b>\u00a0durante este mes. Aunque el proyecto original del Ejecutivo propon\u00eda la eliminaci\u00f3n definitiva del sistema, la Casa Rosada ha comenzado a flexibilizar su postura y\u00a0<b data-path-to-node=\"12\" data-index-in-node=\"315\">prioriza lograr al menos la suspensi\u00f3n temporal para 2027<\/b>, aun a costa de postergar otros aspectos de la reforma electoral.<\/p>\n<h2 data-path-to-node=\"13\">La negociaci\u00f3n en el Senado y la postura del Gobierno nacional<\/h2>\n<p data-path-to-node=\"14\">El camino del oficialismo en el Congreso requiere negociaciones complejas, ya que la\u00a0<b data-path-to-node=\"14\" data-index-in-node=\"85\">normativa electoral exige aprobaciones con mayor\u00eda absoluta<\/b>\u00a0(37 votos en la C\u00e1mara alta). Con una bancada propia de apenas\u00a0<b data-path-to-node=\"14\" data-index-in-node=\"208\">21 senadores<\/b>, La Libertad Avanza necesita acordar con bloques del\u00a0<b data-path-to-node=\"14\" data-index-in-node=\"274\">PRO, la UCR y fuerzas provinciales<\/b>\u00a0que todav\u00eda mantienen diferencias sobre la oportunidad y el formato del cambio normativo.<\/p>\n<p data-path-to-node=\"15\">Desde la conducci\u00f3n del Ministerio de Seguridad y las vocer\u00edas de la Casa Rosada han defendido la urgencia de reestructurar el sistema pol\u00edtico. &#8220;Suspender o eliminar las PASO es m\u00e1s o menos lo mismo, hay que ponerse de acuerdo en c\u00f3mo vamos a votar.<\/p>\n<p data-path-to-node=\"15\">Lo que no queremos es que se acoten cuatro meses de un Gobierno&#8221;,\u00a0<b>expres\u00f3 recientemente\u00a0<\/b><b data-path-to-node=\"15\" data-index-in-node=\"339\">Patricia Bullrich<\/b>. La funcionaria remarc\u00f3 la necesidad de desfinanciar las estructuras partidarias sin representaci\u00f3n real:\u00a0<b data-path-to-node=\"15\" data-index-in-node=\"463\">&#8220;Queremos bajar la plata p\u00fablica en la pol\u00edtica.\u00a0<\/b>El que tiene un partido tiene que buscarse sus recursos, porque es muy f\u00e1cil si el Estado paga todo. Hay un mont\u00f3n de partidos que son truchos y no existen<b data-path-to-node=\"15\" data-index-in-node=\"463\">&#8220;<\/b>.<\/p>\n","protected":false},"excerpt":{"rendered":"<p>La provincia de\u00a0Chaco\u00a0se convirti\u00f3 este mi\u00e9rcoles en el\u00a0primer distrito del pa\u00eds en suspender de manera formal las\u00a0Elecciones Primarias, Abiertas, Simult\u00e1neas y Obligatorias (PASO) para las elecciones provinciales de 2027. La medida fue impulsada por el gobernador radical\u00a0Leandro Zdero,\u00a0uno de los principales aliados territoriales del presidente\u00a0Javier Milei, adelant\u00e1ndose a los tiempos del Congreso de la Naci\u00f3n [&hellip;]<\/p>\n","protected":false},"author":2,"featured_media":36688,"comment_status":"open","ping_status":"open","sticky":false,"template":"","format":"standard","meta":{"footnotes":""},"categories":[72],"tags":[],"class_list":["post-36687","post","type-post","status-publish","format-standard","has-post-thumbnail","category-provinciales"],"_links":{"self":[{"href":"https:\/\/radiobitacora.com.ar\/web\/wp-json\/wp\/v2\/posts\/36687","targetHints":{"allow":["GET"]}}],"collection":[{"href":"https:\/\/radiobitacora.com.ar\/web\/wp-json\/wp\/v2\/posts"}],"about":[{"href":"https:\/\/radiobitacora.com.ar\/web\/wp-json\/wp\/v2\/types\/post"}],"author":[{"embeddable":true,"href":"https:\/\/radiobitacora.com.ar\/web\/wp-json\/wp\/v2\/users\/2"}],"replies":[{"embeddable":true,"href":"https:\/\/radiobitacora.com.ar\/web\/wp-json\/wp\/v2\/comments?post=36687"}],"version-history":[{"count":1,"href":"https:\/\/radiobitacora.com.ar\/web\/wp-json\/wp\/v2\/posts\/36687\/revisions"}],"predecessor-version":[{"id":36689,"href":"https:\/\/radiobitacora.com.ar\/web\/wp-json\/wp\/v2\/posts\/36687\/revisions\/36689"}],"wp:featuredmedia":[{"embeddable":true,"href":"https:\/\/radiobitacora.com.ar\/web\/wp-json\/wp\/v2\/media\/36688"}],"wp:attachment":[{"href":"https:\/\/radiobitacora.com.ar\/web\/wp-json\/wp\/v2\/media?parent=36687"}],"wp:term":[{"taxonomy":"category","embeddable":true,"href":"https:\/\/radiobitacora.com.ar\/web\/wp-json\/wp\/v2\/categories?post=36687"},{"taxonomy":"post_tag","embeddable":true,"href":"https:\/\/radiobitacora.com.ar\/web\/wp-json\/wp\/v2\/tags?post=36687"}],"curies":[{"name":"wp","href":"https:\/\/api.w.org\/{rel}","templated":true}]}}