{"id":36692,"date":"2026-09-03T12:28:24","date_gmt":"2026-09-03T15:28:24","guid":{"rendered":"https:\/\/radiobitacora.com.ar\/web\/?p=36692"},"modified":"2026-09-03T12:28:50","modified_gmt":"2026-09-03T15:28:50","slug":"36692","status":"publish","type":"post","link":"https:\/\/radiobitacora.com.ar\/web\/2026\/09\/03\/36692\/","title":{"rendered":"VOCES CALLEJERAS: LUZ SAUCEDO Y UNA HISTORIA DE SUPERACI\u00d3N, RADIO Y PERIODISMO SIN FILTRO"},"content":{"rendered":"<p class=\"isSelectedEnd\">En una nueva edici\u00f3n de <strong>Voces Callejeras<\/strong>, la periodista y conductora <strong>Luz Saucedo<\/strong> comparti\u00f3 detalles de su historia personal, su recorrido profesional y la manera particular que encontr\u00f3 para ejercer la comunicaci\u00f3n, con una mirada espont\u00e1nea, directa y alejada de los formatos tradicionales.<\/p>\n<p class=\"isSelectedEnd\">Saucedo es actualmente conductora de <strong>Arde Sin Filtro<\/strong>, programa que realiza de lunes a mi\u00e9rcoles, de 17 a 19, por Radio Sur 99.9 y tambi\u00e9n a trav\u00e9s de streaming. Durante la entrevista destac\u00f3 su v\u00ednculo con la radio, una actividad que, seg\u00fan expres\u00f3, se convirti\u00f3 en una parte fundamental de su vida durante los \u00faltimos seis a\u00f1os.<\/p>\n<p class=\"isSelectedEnd\">\u201cMi felicidad es con el micr\u00f3fono\u201d, sostuvo al hablar de su profesi\u00f3n y de la satisfacci\u00f3n que encuentra cada vez que se pone al frente de un programa.<\/p>\n<p><img loading=\"lazy\" decoding=\"async\" class=\"aligncenter size-full wp-image-36693\" src=\"https:\/\/radiobitacora.com.ar\/web\/wp-content\/uploads\/2026\/09\/IMG_5905.jpg\" alt=\"\" width=\"4032\" height=\"3024\" srcset=\"https:\/\/radiobitacora.com.ar\/web\/wp-content\/uploads\/2026\/09\/IMG_5905.jpg 4032w, https:\/\/radiobitacora.com.ar\/web\/wp-content\/uploads\/2026\/09\/IMG_5905-560x420.jpg 560w, https:\/\/radiobitacora.com.ar\/web\/wp-content\/uploads\/2026\/09\/IMG_5905-80x60.jpg 80w, https:\/\/radiobitacora.com.ar\/web\/wp-content\/uploads\/2026\/09\/IMG_5905-696x522.jpg 696w, https:\/\/radiobitacora.com.ar\/web\/wp-content\/uploads\/2026\/09\/IMG_5905-1068x801.jpg 1068w, https:\/\/radiobitacora.com.ar\/web\/wp-content\/uploads\/2026\/09\/IMG_5905-265x198.jpg 265w\" sizes=\"auto, (max-width: 4032px) 100vw, 4032px\" \/><\/p>\n<h2>UNA HISTORIA MARCADA POR LOS CAMBIOS<\/h2>\n<p class=\"isSelectedEnd\">Durante la charla, Luz Saucedo tambi\u00e9n repas\u00f3 aspectos de su historia personal. Cont\u00f3 que naci\u00f3 en Goya y que durante su infancia fue criada por su abuela. A los 25 a\u00f1os viaj\u00f3 a Buenos Aires para reencontrarse con su madre, a quien pr\u00e1cticamente no hab\u00eda conocido.<\/p>\n<p class=\"isSelectedEnd\">Lejos de plantear aquel encuentro desde el reproche, explic\u00f3 que decidi\u00f3 darle una oportunidad a ese v\u00ednculo porque consideraba que hab\u00eda tenido una infancia feliz y rodeada de afecto junto a su abuela.<\/p>\n<p class=\"isSelectedEnd\">Vivi\u00f3 varios a\u00f1os en Buenos Aires, donde ten\u00eda su trabajo, pareja y una vida estable. Sin embargo, la pandemia modific\u00f3 sus planes. Hab\u00eda viajado a Goya de vacaciones cuando se produjo el cierre por la pandemia y finalmente decidi\u00f3 quedarse en la ciudad.<\/p>\n<p class=\"isSelectedEnd\">Fue en ese contexto cuando apareci\u00f3 la posibilidad de comenzar en la radio, una experiencia que termin\u00f3 transformando su vida profesional.<\/p>\n<p><img loading=\"lazy\" decoding=\"async\" class=\"aligncenter size-full wp-image-36694\" src=\"https:\/\/radiobitacora.com.ar\/web\/wp-content\/uploads\/2026\/09\/IMG_5907.jpg\" alt=\"\" width=\"4032\" height=\"3024\" srcset=\"https:\/\/radiobitacora.com.ar\/web\/wp-content\/uploads\/2026\/09\/IMG_5907.jpg 4032w, https:\/\/radiobitacora.com.ar\/web\/wp-content\/uploads\/2026\/09\/IMG_5907-560x420.jpg 560w, https:\/\/radiobitacora.com.ar\/web\/wp-content\/uploads\/2026\/09\/IMG_5907-80x60.jpg 80w, https:\/\/radiobitacora.com.ar\/web\/wp-content\/uploads\/2026\/09\/IMG_5907-696x522.jpg 696w, https:\/\/radiobitacora.com.ar\/web\/wp-content\/uploads\/2026\/09\/IMG_5907-1068x801.jpg 1068w, https:\/\/radiobitacora.com.ar\/web\/wp-content\/uploads\/2026\/09\/IMG_5907-265x198.jpg 265w\" sizes=\"auto, (max-width: 4032px) 100vw, 4032px\" \/><\/p>\n<h2>LA RADIO COMO UNA FORMA DE SANAR<\/h2>\n<p class=\"isSelectedEnd\">Saucedo reconoci\u00f3 que lleg\u00f3 a Goya atravesando un momento personal dif\u00edcil y que la radio termin\u00f3 convirti\u00e9ndose en una herramienta para recuperar la alegr\u00eda.<\/p>\n<p class=\"isSelectedEnd\">\u201cEsto me san\u00f3\u201d, expres\u00f3 al recordar sus primeros pasos frente al micr\u00f3fono. Seg\u00fan explic\u00f3, encontr\u00f3 en la comunicaci\u00f3n un espacio donde pudo sentirse nuevamente feliz y desarrollar una faceta que hasta ese momento no hab\u00eda explorado.<\/p>\n<p class=\"isSelectedEnd\">Con el tiempo, adem\u00e1s de la conducci\u00f3n, comenz\u00f3 a realizar entrevistas y contenidos para redes sociales, aprovechando su personalidad espont\u00e1nea para acercarse a diferentes protagonistas de la actualidad.<\/p>\n<p><img loading=\"lazy\" decoding=\"async\" class=\"aligncenter size-full wp-image-36695\" src=\"https:\/\/radiobitacora.com.ar\/web\/wp-content\/uploads\/2026\/09\/IMG_5908.jpg\" alt=\"\" width=\"4032\" height=\"3024\" srcset=\"https:\/\/radiobitacora.com.ar\/web\/wp-content\/uploads\/2026\/09\/IMG_5908.jpg 4032w, https:\/\/radiobitacora.com.ar\/web\/wp-content\/uploads\/2026\/09\/IMG_5908-560x420.jpg 560w, https:\/\/radiobitacora.com.ar\/web\/wp-content\/uploads\/2026\/09\/IMG_5908-80x60.jpg 80w, https:\/\/radiobitacora.com.ar\/web\/wp-content\/uploads\/2026\/09\/IMG_5908-696x522.jpg 696w, https:\/\/radiobitacora.com.ar\/web\/wp-content\/uploads\/2026\/09\/IMG_5908-1068x801.jpg 1068w, https:\/\/radiobitacora.com.ar\/web\/wp-content\/uploads\/2026\/09\/IMG_5908-265x198.jpg 265w\" sizes=\"auto, (max-width: 4032px) 100vw, 4032px\" \/><\/p>\n<h2>PERIODISMO SIN ESTRUCTURAS<\/h2>\n<p class=\"isSelectedEnd\">Uno de los ejes principales de la entrevista fue su particular manera de entrevistar a dirigentes y funcionarios. Saucedo explic\u00f3 que no se siente c\u00f3moda con un periodismo excesivamente estructurado y que prefiere generar conversaciones m\u00e1s naturales.<\/p>\n<p class=\"isSelectedEnd\">Record\u00f3 especialmente algunas de sus primeras entrevistas a dirigentes pol\u00edticos, entre ellas una realizada al intendente de Goya, Mariano Hormaechea, y posteriormente sus encuentros con Gustavo Vald\u00e9s y Juan Pablo Vald\u00e9s.<\/p>\n<p class=\"isSelectedEnd\">Para Saucedo, detr\u00e1s de cada funcionario existe una persona y considera importante mostrar esa faceta m\u00e1s humana.<\/p>\n<p class=\"isSelectedEnd\">Tambi\u00e9n defendi\u00f3 la necesidad de que los dirigentes tengan mayor cercan\u00eda con la sociedad. En ese sentido, sostuvo que el pol\u00edtico debe estar cerca de la gente porque trabaja para ella.<\/p>\n<h2>\u201c\u00bfPOR QU\u00c9 TENEMOS QUE TENER FILTRO?\u201d<\/h2>\n<p class=\"isSelectedEnd\">El nombre de su programa, <strong>Arde Sin Filtro<\/strong>, tambi\u00e9n fue motivo de conversaci\u00f3n. Saucedo explic\u00f3 que eligi\u00f3 esa identidad porque considera que muchas situaciones de la vida pueden abordarse de manera directa, pero siempre desde el respeto y la educaci\u00f3n.<\/p>\n<p class=\"isSelectedEnd\">Su estilo se caracteriza justamente por esa combinaci\u00f3n de espontaneidad, humor y preguntas directas, una f\u00f3rmula que traslad\u00f3 tanto a la radio como a sus contenidos en redes sociales.<\/p>\n<p class=\"isSelectedEnd\">Durante la entrevista tambi\u00e9n habl\u00f3 sobre su profesi\u00f3n anterior como asistente de laboratorio y extraccionista, actividad que desarroll\u00f3 en Buenos Aires y que intent\u00f3 continuar al regresar a Goya, aunque finalmente tom\u00f3 otro camino profesional.<\/p>\n<p>&nbsp;<\/p>\n<h2>UNA CONDUCTORA QUE ENCONTR\u00d3 SU LUGAR<\/h2>\n<p class=\"isSelectedEnd\">La visita de Luz Saucedo a <strong>Voces Callejeras<\/strong> permiti\u00f3 conocer no solamente a la conductora de <strong>Arde Sin Filtro<\/strong>, sino tambi\u00e9n a la mujer detr\u00e1s del micr\u00f3fono: su historia familiar, los cambios que atraves\u00f3, su regreso a Goya y el inesperado camino que la llev\u00f3 a encontrar en la radio una nueva oportunidad.<\/p>\n<p>Con un estilo descontracturado y sin miedo a preguntar, Saucedo construy\u00f3 una identidad propia en los medios locales y encontr\u00f3 en la comunicaci\u00f3n un espacio desde el cual contar historias, entrevistar protagonistas y, como ella misma define, disfrutar de lo que m\u00e1s le gusta: estar frente a un micr\u00f3fono.<\/p>\n<p>Mira el vivo aca :<\/p>\n<p><a href=\"https:\/\/www.youtube.com\/live\/A-OqxNzzsqU?si=WtHfqS2yRkVzJUZ3\">https:\/\/www.youtube.com\/live\/A-OqxNzzsqU?si=WtHfqS2yRkVzJUZ3<\/a><\/p>\n<div dir=\"auto\">FUENTE : Multiplataformas Radio, Tv y Streaming de Goya<\/div>\n<div dir=\"auto\">Producci\u00f3n General :<\/div>\n<div dir=\"auto\"><span class=\"html-span xdj266r x14z9mp xat24cr x1lziwak xexx8yu xyri2b x18d9i69 x1c1uobl x1hl2dhg x16tdsg8 x1vvkbs\"><a class=\"x1i10hfl xjbqb8w x1ejq31n x18oe1m7 x1sy0etr xstzfhl x972fbf x10w94by x1qhh985 x14e42zd x9f619 x1ypdohk xt0psk2 x3ct3a4 xdj266r x14z9mp xat24cr x1lziwak xexx8yu xyri2b x18d9i69 x1c1uobl x16tdsg8 x1hl2dhg xggy1nq x1a2a7pz xkrqix3 x1sur9pj x1fey0fg x1s688f\" tabindex=\"0\" role=\"link\" href=\"https:\/\/www.facebook.com\/sebastiansoler6?__cft__[0]=AZjuFEMUibMtc8jjgSq_deciNeNVF0zur7-cuV5kBMcRJ1bJHx_YqODjmK0BY0PBQNpTNytv9vguSBrE53Ax6eDZHASwFYmXX43KNwavoaYcMCRE6XjQD0kJ4FthdXTggvD4Ft5g1MKmUkbu66qxzrYi86Yo0Y6e91axvax-L_PlHQz9N05RtxUXS04&amp;__tn__=-]K-R\"><span class=\"xt0psk2\"><span class=\"xjp7ctv\">Sebastian Soler<\/span><\/span><\/a><\/span><\/div>\n","protected":false},"excerpt":{"rendered":"<p>En una nueva edici\u00f3n de Voces Callejeras, la periodista y conductora Luz Saucedo comparti\u00f3 detalles de su historia personal, su recorrido profesional y la manera particular que encontr\u00f3 para ejercer la comunicaci\u00f3n, con una mirada espont\u00e1nea, directa y alejada de los formatos tradicionales. Saucedo es actualmente conductora de Arde Sin Filtro, programa que realiza de [&hellip;]<\/p>\n","protected":false},"author":2,"featured_media":36696,"comment_status":"open","ping_status":"open","sticky":false,"template":"","format":"standard","meta":{"footnotes":""},"categories":[74],"tags":[],"class_list":["post-36692","post","type-post","status-publish","format-standard","has-post-thumbnail","category-bitacora-tv"],"_links":{"self":[{"href":"https:\/\/radiobitacora.com.ar\/web\/wp-json\/wp\/v2\/posts\/36692","targetHints":{"allow":["GET"]}}],"collection":[{"href":"https:\/\/radiobitacora.com.ar\/web\/wp-json\/wp\/v2\/posts"}],"about":[{"href":"https:\/\/radiobitacora.com.ar\/web\/wp-json\/wp\/v2\/types\/post"}],"author":[{"embeddable":true,"href":"https:\/\/radiobitacora.com.ar\/web\/wp-json\/wp\/v2\/users\/2"}],"replies":[{"embeddable":true,"href":"https:\/\/radiobitacora.com.ar\/web\/wp-json\/wp\/v2\/comments?post=36692"}],"version-history":[{"count":3,"href":"https:\/\/radiobitacora.com.ar\/web\/wp-json\/wp\/v2\/posts\/36692\/revisions"}],"predecessor-version":[{"id":36699,"href":"https:\/\/radiobitacora.com.ar\/web\/wp-json\/wp\/v2\/posts\/36692\/revisions\/36699"}],"wp:featuredmedia":[{"embeddable":true,"href":"https:\/\/radiobitacora.com.ar\/web\/wp-json\/wp\/v2\/media\/36696"}],"wp:attachment":[{"href":"https:\/\/radiobitacora.com.ar\/web\/wp-json\/wp\/v2\/media?parent=36692"}],"wp:term":[{"taxonomy":"category","embeddable":true,"href":"https:\/\/radiobitacora.com.ar\/web\/wp-json\/wp\/v2\/categories?post=36692"},{"taxonomy":"post_tag","embeddable":true,"href":"https:\/\/radiobitacora.com.ar\/web\/wp-json\/wp\/v2\/tags?post=36692"}],"curies":[{"name":"wp","href":"https:\/\/api.w.org\/{rel}","templated":true}]}}