{"id":36700,"date":"2026-09-03T13:26:59","date_gmt":"2026-09-03T16:26:59","guid":{"rendered":"https:\/\/radiobitacora.com.ar\/web\/?p=36700"},"modified":"2026-09-03T13:26:59","modified_gmt":"2026-09-03T16:26:59","slug":"voces-callejeras-marina-perrotta-presento-una-masterclass-de-pasarela-imagen-y-oratoria-en-goya","status":"publish","type":"post","link":"https:\/\/radiobitacora.com.ar\/web\/2026\/09\/03\/voces-callejeras-marina-perrotta-presento-una-masterclass-de-pasarela-imagen-y-oratoria-en-goya\/","title":{"rendered":"VOCES CALLEJERAS: MARINA PERROTTA PRESENT\u00d3 UNA MASTERCLASS DE PASARELA, IMAGEN Y ORATORIA EN GOYA"},"content":{"rendered":"<p>En una nueva edici\u00f3n de <strong>Voces Callejeras<\/strong>, la dise\u00f1adora y referente del \u00e1mbito de la moda y los eventos <strong>Marina Perrotta<\/strong> visit\u00f3 nuevamente el programa para presentar una propuesta de capacitaci\u00f3n destinada a j\u00f3venes y adultos interesados en el modelaje, los concursos de belleza, la comunicaci\u00f3n y el desarrollo de la imagen personal.<\/p>\n<p>Perrotta cont\u00f3 detalles de la <strong>Masterclass de Agostina Casavecchia<\/strong>, que se realizar\u00e1 el domingo 6 de septiembre, de 14 a 18 horas, en el Paseo Puerto Interior de Goya. Se trata de la primera capacitaci\u00f3n de estas caracter\u00edsticas que Casavecchia llevar\u00e1 adelante en la provincia de Corrientes.<\/p>\n<p><img loading=\"lazy\" decoding=\"async\" class=\"aligncenter size-full wp-image-36701\" src=\"https:\/\/radiobitacora.com.ar\/web\/wp-content\/uploads\/2026\/09\/IMG_5925.jpg\" alt=\"\" width=\"4032\" height=\"3024\" srcset=\"https:\/\/radiobitacora.com.ar\/web\/wp-content\/uploads\/2026\/09\/IMG_5925.jpg 4032w, https:\/\/radiobitacora.com.ar\/web\/wp-content\/uploads\/2026\/09\/IMG_5925-560x420.jpg 560w, https:\/\/radiobitacora.com.ar\/web\/wp-content\/uploads\/2026\/09\/IMG_5925-80x60.jpg 80w, https:\/\/radiobitacora.com.ar\/web\/wp-content\/uploads\/2026\/09\/IMG_5925-696x522.jpg 696w, https:\/\/radiobitacora.com.ar\/web\/wp-content\/uploads\/2026\/09\/IMG_5925-1068x801.jpg 1068w, https:\/\/radiobitacora.com.ar\/web\/wp-content\/uploads\/2026\/09\/IMG_5925-265x198.jpg 265w\" sizes=\"auto, (max-width: 4032px) 100vw, 4032px\" \/><\/p>\n<h2>UNA CAPACITACI\u00d3N ABIERTA A TODOS<\/h2>\n<p>La propuesta no est\u00e1 dirigida exclusivamente a quienes quieran presentarse a una elecci\u00f3n de reina, rey o concurso de belleza. Seg\u00fan explic\u00f3 Perrotta durante la entrevista, la capacitaci\u00f3n tambi\u00e9n apunta a personas que buscan ganar confianza, mejorar su manera de comunicarse y aprender a desenvolverse frente al p\u00fablico y las c\u00e1maras.<\/p>\n<p>El programa de la Masterclass incluye preparaci\u00f3n integral de belleza, imagen, comunicaci\u00f3n, presencia, liderazgo e identidad. Tambi\u00e9n contempla t\u00e9cnicas iniciales de pasarela, introducci\u00f3n a concursos de belleza y reinados, responsabilidad de una reina, desplazamiento esc\u00e9nico, presentaci\u00f3n personal, oratoria, entrevista con jurado, lenguaje corporal, protocolo, etiqueta y poses para fotograf\u00eda y medios.<\/p>\n<p>La actividad est\u00e1 abierta tanto para chicas como para chicos y pueden participar personas desde los 12 a\u00f1os. Perrotta remarc\u00f3 que no es necesario tener decidido participar en un concurso: tambi\u00e9n puede ser una oportunidad para descubrir capacidades y desarrollar herramientas personales.<\/p>\n<p>&nbsp;<\/p>\n<h2>IMAGEN, REDES SOCIALES Y CONFIANZA<\/h2>\n<p>Durante la conversaci\u00f3n, Marina destac\u00f3 la importancia que tiene actualmente la imagen personal y la comunicaci\u00f3n, especialmente en un contexto donde las redes sociales se convirtieron en una herramienta fundamental para emprendimientos, marcas y profesionales.<\/p>\n<p>En ese sentido, se\u00f1al\u00f3 que la capacitaci\u00f3n puede brindar recursos para aquellas personas que quieren mostrarse en redes, promocionar un emprendimiento o desenvolverse con mayor seguridad frente a una c\u00e1mara.<\/p>\n<p>La Masterclass tambi\u00e9n tendr\u00e1 una instancia pr\u00e1ctica de fotograf\u00eda con una profesional, adem\u00e1s de ejercicios vinculados con la pasarela y el desenvolvimiento personal.<\/p>\n<h2>UNA PUERTA AL MODELAJE<\/h2>\n<p>Otro de los aspectos destacados durante la entrevista fue la posibilidad de que los participantes puedan acceder a nuevas oportunidades dentro del mundo del modelaje.<\/p>\n<p>Perrotta explic\u00f3 que la agencia de Agostina Casavecchia tambi\u00e9n trabaja en scouting para distintas marcas y redes sociales, por lo que el material generado durante la capacitaci\u00f3n puede convertirse en una herramienta para futuras oportunidades profesionales.<\/p>\n<p>La organizaci\u00f3n tambi\u00e9n confirm\u00f3 la presencia de invitadas vinculadas al mundo de los reinados, entre ellas Coty Medina, actual Reina Nacional del Surub\u00ed, y Valentina Urquiza Lobo, adem\u00e1s de otra reina nacional cuya participaci\u00f3n ser\u00eda anunciada posteriormente.<\/p>\n<h2>MARINA PERROTTA Y EL TRABAJO EN EQUIPO<\/h2>\n<p>Adem\u00e1s de hablar sobre la capacitaci\u00f3n, Perrotta comparti\u00f3 parte de su experiencia profesional y destac\u00f3 el valor del trabajo conjunto. Record\u00f3 que a lo largo de su trayectoria tuvo la posibilidad de trabajar con diferentes personas en eventos y que actualmente prioriza hacerlo junto a colegas y amigas con quienes comparte una misma forma de trabajo.<\/p>\n<p>Tambi\u00e9n remarc\u00f3 que, aunque la competencia existe en el ambiente, considera que el trabajo en equipo permite generar mejores oportunidades y fortalecer los v\u00ednculos profesionales.<\/p>\n<h2>UNA PROPUESTA PARA ANIMARSE Y APRENDER<\/h2>\n<p>La Masterclass tendr\u00e1 una modalidad te\u00f3rico-pr\u00e1ctica y contar\u00e1 con cupos limitados debido a las caracter\u00edsticas del espacio donde se desarrollar\u00e1. La inscripci\u00f3n tiene un valor de 50 mil pesos por persona o dos personas por 75 mil pesos, gracias al acompa\u00f1amiento de comercios y empresas que se sumaron como colaboradores.<\/p>\n<p>La actividad se desarrollar\u00e1 en el Paseo Puerto Interior, espacio cedido para la realizaci\u00f3n de la propuesta, y desde la organizaci\u00f3n recomendaron reservar el lugar con anticipaci\u00f3n debido a la capacidad disponible.<\/p>\n<p>Con esta iniciativa, Marina Perrotta busca acercar a Goya una experiencia que combine formaci\u00f3n, imagen, comunicaci\u00f3n y desarrollo personal, ofreciendo especialmente a los j\u00f3venes la posibilidad de descubrir nuevas habilidades y animarse a ocupar un lugar frente a las c\u00e1maras y los escenarios.<\/p>\n<p>Mira la nota completa aca :<\/p>\n<p><a href=\"https:\/\/www.youtube.com\/live\/A-OqxNzzsqU?si=zipoom02Y45-Iygz\">https:\/\/www.youtube.com\/live\/A-OqxNzzsqU?si=zipoom02Y45-Iygz<\/a><\/p>\n<div dir=\"auto\">FUENTE : Multiplataformas Radio, Tv y Streaming de Goya<\/div>\n<div dir=\"auto\">Producci\u00f3n General :<\/div>\n<div dir=\"auto\"><span class=\"html-span xdj266r x14z9mp xat24cr x1lziwak xexx8yu xyri2b x18d9i69 x1c1uobl x1hl2dhg x16tdsg8 x1vvkbs\"><a class=\"x1i10hfl xjbqb8w x1ejq31n x18oe1m7 x1sy0etr xstzfhl x972fbf x10w94by x1qhh985 x14e42zd x9f619 x1ypdohk xt0psk2 x3ct3a4 xdj266r x14z9mp xat24cr x1lziwak xexx8yu xyri2b x18d9i69 x1c1uobl x16tdsg8 x1hl2dhg xggy1nq x1a2a7pz xkrqix3 x1sur9pj x1fey0fg x1s688f\" tabindex=\"0\" role=\"link\" href=\"https:\/\/www.facebook.com\/sebastiansoler6?__cft__[0]=AZjuFEMUibMtc8jjgSq_deciNeNVF0zur7-cuV5kBMcRJ1bJHx_YqODjmK0BY0PBQNpTNytv9vguSBrE53Ax6eDZHASwFYmXX43KNwavoaYcMCRE6XjQD0kJ4FthdXTggvD4Ft5g1MKmUkbu66qxzrYi86Yo0Y6e91axvax-L_PlHQz9N05RtxUXS04&amp;__tn__=-]K-R\"><span class=\"xt0psk2\"><span class=\"xjp7ctv\">Sebastian Soler<\/span><\/span><\/a><\/span><\/div>\n","protected":false},"excerpt":{"rendered":"<p>En una nueva edici\u00f3n de Voces Callejeras, la dise\u00f1adora y referente del \u00e1mbito de la moda y los eventos Marina Perrotta visit\u00f3 nuevamente el programa para presentar una propuesta de capacitaci\u00f3n destinada a j\u00f3venes y adultos interesados en el modelaje, los concursos de belleza, la comunicaci\u00f3n y el desarrollo de la imagen personal. Perrotta cont\u00f3 [&hellip;]<\/p>\n","protected":false},"author":2,"featured_media":36703,"comment_status":"open","ping_status":"open","sticky":false,"template":"","format":"standard","meta":{"footnotes":""},"categories":[74],"tags":[],"class_list":["post-36700","post","type-post","status-publish","format-standard","has-post-thumbnail","category-bitacora-tv"],"_links":{"self":[{"href":"https:\/\/radiobitacora.com.ar\/web\/wp-json\/wp\/v2\/posts\/36700","targetHints":{"allow":["GET"]}}],"collection":[{"href":"https:\/\/radiobitacora.com.ar\/web\/wp-json\/wp\/v2\/posts"}],"about":[{"href":"https:\/\/radiobitacora.com.ar\/web\/wp-json\/wp\/v2\/types\/post"}],"author":[{"embeddable":true,"href":"https:\/\/radiobitacora.com.ar\/web\/wp-json\/wp\/v2\/users\/2"}],"replies":[{"embeddable":true,"href":"https:\/\/radiobitacora.com.ar\/web\/wp-json\/wp\/v2\/comments?post=36700"}],"version-history":[{"count":1,"href":"https:\/\/radiobitacora.com.ar\/web\/wp-json\/wp\/v2\/posts\/36700\/revisions"}],"predecessor-version":[{"id":36704,"href":"https:\/\/radiobitacora.com.ar\/web\/wp-json\/wp\/v2\/posts\/36700\/revisions\/36704"}],"wp:featuredmedia":[{"embeddable":true,"href":"https:\/\/radiobitacora.com.ar\/web\/wp-json\/wp\/v2\/media\/36703"}],"wp:attachment":[{"href":"https:\/\/radiobitacora.com.ar\/web\/wp-json\/wp\/v2\/media?parent=36700"}],"wp:term":[{"taxonomy":"category","embeddable":true,"href":"https:\/\/radiobitacora.com.ar\/web\/wp-json\/wp\/v2\/categories?post=36700"},{"taxonomy":"post_tag","embeddable":true,"href":"https:\/\/radiobitacora.com.ar\/web\/wp-json\/wp\/v2\/tags?post=36700"}],"curies":[{"name":"wp","href":"https:\/\/api.w.org\/{rel}","templated":true}]}}