{"id":7085,"date":"2022-09-01T06:54:24","date_gmt":"2022-09-01T09:54:24","guid":{"rendered":"https:\/\/radiobitacora.com.ar\/web\/?p=7085"},"modified":"2022-09-01T06:54:24","modified_gmt":"2022-09-01T09:54:24","slug":"arranco-la-inscripcion-para-2-festival-y-concurso-del-asado-criollo","status":"publish","type":"post","link":"https:\/\/radiobitacora.com.ar\/web\/2022\/09\/01\/arranco-la-inscripcion-para-2-festival-y-concurso-del-asado-criollo\/","title":{"rendered":"ARRANC\u00d3 LA INSCRIPCI\u00d3N PARA 2\u00b0 FESTIVAL Y CONCURSO DEL ASADO CRIOLLO"},"content":{"rendered":"<h3><strong>Este mi\u00e9rcoles, el organizador del 2\u00ba Festival del Asado, Gustavo Montepeloso adelant\u00f3 algunos detalles de este gran evento que d\u00eda a d\u00eda va sumando interesados. Ya se curs\u00f3 invitaciones a representantes de la microrregi\u00f3n para que anoten sus asadores.<\/strong><\/h3>\n<p>Este evento que cuenta con auspicio de la Municipalidad de Goya, espera la participaci\u00f3n de asadores locales y de la regi\u00f3n para el 18 y 19 de noviembre en predio Costa Surub\u00ed.<\/p>\n<p>El 2\u00ba Festival y Concurso del Asado Criollo, cont\u00f3 el a\u00f1o pasado con la participaci\u00f3n de 25 representantes profesionales de los barrios, quienes se jugaron durante dos d\u00edas toda su experiencia para conseguir el premio al mejor asado.<\/p>\n<p>Montepeloso propone de nuevo un espacio y un momento para que la gente salga a distenderse un poco y seguir desarrollando la gastronom\u00eda como una faz tur\u00edstica de la Goya y la regi\u00f3n.<\/p>\n<p>\u201cEl concurso se divide en dos etapas: por un lado, la participaci\u00f3n del vecinalismo y por el otro los privados o independientes, como las familias y grupos de amigos, va a haber premios en efectivo\u201d, aclar\u00f3.<\/p>\n<p>Agradeci\u00f3 el impulso que el a\u00f1o pasado le dio Ignacio Osella a este evento gastron\u00f3mico y este a\u00f1o el apoyo y colaboraci\u00f3n del intendente Mariano Hormaechea, que se sum\u00f3 a colaborar con esta iniciativa desde la gesti\u00f3n.<\/p>\n<p>Respecto a la presencia de artistas musicales que van a estar actuando durante sendas noches festivaleras, Montepeloso adelant\u00f3 que est\u00e1n programando una amplia grilla musical, junto con patio de artesanos, expo, cantinas y otras propuestas gastron\u00f3micas como: men\u00fa para chicos y platos tradicionales, todo repartido en el amplio y c\u00f3modo espacio que posee el predio Costa Surub\u00ed.<\/p>\n<p>Ambas jornadas para asadores iniciar\u00e1n alrededor de las 19 horas con el encendido del fuego y se prolongar\u00e1 hasta pasada la medianoche cuando el p\u00fablico podr\u00e1 disfrutar de espect\u00e1culos musicales sobre el escenario mayor \u201cJuan Melero\u201d.<\/p>\n<p>En este punto aclar\u00f3 que \u201ccada inscripto al concurso puede buscar y representar a un sponsor o marca comercial a fin de facilitar la participaci\u00f3n de todos aquellos que quieran hacerlo, ellos podr\u00e1n poner carteler\u00eda, banners o banderas e ir ataviados con su marca representativa\u201d.<\/p>\n<p>Los interesados pueden anotarse Para confirmar participaci\u00f3n: Gustavo Montepeloso 3777\/600535 Instagram: festivalasador o al mail:\u00a0<a href=\"mailto:asadocriollogoya@gmail.com\">asadocriollogoya@gmail.com<\/a><\/p>\n","protected":false},"excerpt":{"rendered":"<p>Este mi\u00e9rcoles, el organizador del 2\u00ba Festival del Asado, Gustavo Montepeloso adelant\u00f3 algunos detalles de este gran evento que d\u00eda a d\u00eda va sumando interesados. Ya se curs\u00f3 invitaciones a representantes de la microrregi\u00f3n para que anoten sus asadores. Este evento que cuenta con auspicio de la Municipalidad de Goya, espera la participaci\u00f3n de asadores [&hellip;]<\/p>\n","protected":false},"author":2,"featured_media":7086,"comment_status":"closed","ping_status":"closed","sticky":false,"template":"","format":"standard","meta":{"footnotes":""},"categories":[56],"tags":[],"class_list":{"0":"post-7085","1":"post","2":"type-post","3":"status-publish","4":"format-standard","5":"has-post-thumbnail","7":"category-locales"},"_links":{"self":[{"href":"https:\/\/radiobitacora.com.ar\/web\/wp-json\/wp\/v2\/posts\/7085","targetHints":{"allow":["GET"]}}],"collection":[{"href":"https:\/\/radiobitacora.com.ar\/web\/wp-json\/wp\/v2\/posts"}],"about":[{"href":"https:\/\/radiobitacora.com.ar\/web\/wp-json\/wp\/v2\/types\/post"}],"author":[{"embeddable":true,"href":"https:\/\/radiobitacora.com.ar\/web\/wp-json\/wp\/v2\/users\/2"}],"replies":[{"embeddable":true,"href":"https:\/\/radiobitacora.com.ar\/web\/wp-json\/wp\/v2\/comments?post=7085"}],"version-history":[{"count":0,"href":"https:\/\/radiobitacora.com.ar\/web\/wp-json\/wp\/v2\/posts\/7085\/revisions"}],"wp:featuredmedia":[{"embeddable":true,"href":"https:\/\/radiobitacora.com.ar\/web\/wp-json\/wp\/v2\/media\/7086"}],"wp:attachment":[{"href":"https:\/\/radiobitacora.com.ar\/web\/wp-json\/wp\/v2\/media?parent=7085"}],"wp:term":[{"taxonomy":"category","embeddable":true,"href":"https:\/\/radiobitacora.com.ar\/web\/wp-json\/wp\/v2\/categories?post=7085"},{"taxonomy":"post_tag","embeddable":true,"href":"https:\/\/radiobitacora.com.ar\/web\/wp-json\/wp\/v2\/tags?post=7085"}],"curies":[{"name":"wp","href":"https:\/\/api.w.org\/{rel}","templated":true}]}}