{"id":7091,"date":"2022-09-01T07:02:56","date_gmt":"2022-09-01T10:02:56","guid":{"rendered":"https:\/\/radiobitacora.com.ar\/web\/?p=7091"},"modified":"2022-09-01T07:02:56","modified_gmt":"2022-09-01T10:02:56","slug":"paridad-mujeres-de-toda-la-provincia-acompanaron-la-sancion-de-la-ley","status":"publish","type":"post","link":"https:\/\/radiobitacora.com.ar\/web\/2022\/09\/01\/paridad-mujeres-de-toda-la-provincia-acompanaron-la-sancion-de-la-ley\/","title":{"rendered":"Paridad: mujeres de toda la provincia acompa\u00f1aron la sanci\u00f3n de la ley"},"content":{"rendered":"<p>Tras la convocatoria del oficialismo y de la oposici\u00f3n, ciento de mujeres de toda la provincia se hicieron presentes ayer en la Legislatura para acompa\u00f1ar la sanci\u00f3n de la paridad de g\u00e9nero en el \u00e1mbito legislativo. Pero la disputa por el espacio f\u00edsico frente al ingreso provocaron algunos incidentes que empa\u00f1aron la celebraci\u00f3n.<\/p>\n<p>En la plaza 25 de Mayo se dispuso un escenario y una pantalla gigante donde se trasmiti\u00f3 la sesi\u00f3n hist\u00f3rica de la C\u00e1mara de Diputados ante la convocatoria que realizaron tanto el oficialismo como la oposici\u00f3n.<\/p>\n<p>Las primeras en llegar fueron las mujeres que responden al oficialismo, algunas llegaron \u00a0por su cuenta, mientras que las del interior provincial lo hicieron en colectivos o combis.<\/p>\n<p>Antes del mediod\u00eda, en el ingreso de la Legislatura ya hab\u00eda cientos de mujeres que llegaron munidas de remeras, banderas y pancartas apoyando la paridad de g\u00e9nero y la iniciativa del gobernador Gustavo Vald\u00e9s.<\/p>\n<div class=\"container_publi\" data-tipo=\"tipo_desktop \" data-pos=\"AMP_P1_cuerpo\"><\/div>\n<p>Seguidamente llegaron a la zona las mujeres pertenecientes al Frente de Todos y organizaciones sociales, quienes se vieron impedidas de acceder a la zona ante la presencia de un cord\u00f3n de personas, que pertenecer\u00edan a la Polic\u00eda de la Provincia (estaban de civil).<\/p>\n<p>Ante la situaci\u00f3n, el malestar escal\u00f3 r\u00e1pidamente y las \u00a0legisladoras, concejales y referentes del sector no tardaron en hacerse camino y reclamar su derecho de participaci\u00f3n.<\/p>\n<p>\u201cDesde el 2017, estas escalinatas son nuestras y ahora no nos dejan estar\u201d, se escuch\u00f3 desde el grupo de mujeres que oficializ\u00f3 el reclamo, que no encontraba eco en las autoridades policiales presentes.<\/p>\n<p>Ante la falta de respuesta, poco a poco y ante la distracci\u00f3n de las oficialistas, las escalinatas no tardaron en llenarse de referentes de la oposici\u00f3n, que comenzaron a desplegar sus banderas copando el ingreso principal, frente a las restantes que quedaron ubicadas sobre la acera.<\/p>\n<div class=\"container_publi\" data-tipo=\"tipo_desktop \" data-pos=\"AMP_P2_cuerpo\"><\/div>\n<p>El derecho a subir a las escalinatas se ganaba a los codazos y tambi\u00e9n a alg\u00fan que otro empuj\u00f3n.<\/p>\n<p>Los tirones de banderas y los c\u00e1nticos entre un bloque y el otro no tardaron en llegar. Defendieron a la vicepresidenta Cristina Kirchner y al gobernador Vald\u00e9s por el otro, pero la lucha por el espacio f\u00edsico continuaba y manten\u00eda at\u00f3nitos a todos los presentes, quienes no entend\u00edan lo que estaba sucediendo y c\u00f3mo la situaci\u00f3n escal\u00f3 a ese nivel de agresi\u00f3n.<\/p>\n<p>\u201cVen\u00edamos una columna del partido y se meti\u00f3 un grupo de hombres que no est\u00e1n identificados como polic\u00edas a golpearnos, empujarnos y no nos dejaban pasar\u201d, denunci\u00f3 ante El Litoral, la exsenadora nacional, Ana Almir\u00f3n.<\/p>\n<p>Almir\u00f3n expres\u00f3 que subieron a la escalinata para \u201cpedir a la Polic\u00eda de Corrientes, que es quien est\u00e1 custodiando el operativo, que divida en dos la plaza\u201d.<\/p>\n<div class=\"container_publi\" data-tipo=\"tipo_desktop \" data-pos=\"AMP_P3_cuerpo\"><\/div>\n<p>En ese momento, tambi\u00e9n inform\u00f3 que iban a pedir que no se inicie la sesi\u00f3n mientras que no \u00a0\u201cpuedan garantizar la seguridad de nuestras compa\u00f1eras\u201d.<\/p>\n<p>\u201cNo podemos pelearnos entre mujeres cuando hay una ley tan hermosa que estamos sancionando\u201d, cerr\u00f3 Almir\u00f3n.<\/p>\n<p>En tanto, con el correr de los minutos el clima segu\u00eda tenso a pesar de que hasta el propio presidente de la C\u00e1mara de \u00a0Diputados; Pedro Cassani, sali\u00f3 a tratar de calmar las aguas sin mucho resultado. Legisladores tambi\u00e9n intentaron poner pa\u00f1os fr\u00edos, pero ninguno de los sectores estaba dispuesto a ceder.<\/p>\n<p>La situaci\u00f3n gener\u00f3 que llegue a las escalinatas m\u00e1s personal policial que tras propuestas y directivas, intentaron dividir la plaza, iniciativa que surge de las propias mujeres para evitar m\u00e1s incidentes.<\/p>\n<div class=\"container_publi\" data-tipo=\"tipo_desktop \" data-pos=\"AMP_P4_cuerpo\"><\/div>\n<p>El personal policial intent\u00f3 concretar este objetivo en medio del tumulto, mientras en el recinto se inici\u00f3 la sesi\u00f3n. La transmisi\u00f3n de los primeros minutos calm\u00f3 un poco los \u00e1nimos, los frentes se fueron acomodando en la calle, y la Polic\u00eda fue ganando las escalinatas.<\/p>\n<p>Pero cuando todo parec\u00eda que iba a continuar tranquilamente, se interrumpi\u00f3 la transmisi\u00f3n de la sesi\u00f3n que convoc\u00f3 a las mujeres, dado que en el escenario subi\u00f3 para dar su espect\u00e1culo uno de los grupos musicales contratados para el evento.<\/p>\n<p>Diputados sesionando y las mujeres en la calle, escuchando el tradicional chamam\u00e9 \u201cMerceditas\u201d. Primero rein\u00f3 la incertidumbre ante la situaci\u00f3n, pero luego comenzaron los reclamos ante la interrupci\u00f3n de la sesi\u00f3n. Pero los reclamos fueron en vano durante toda la sesi\u00f3n: Cuando se \u00a0comenz\u00f3 a aprobar en particular los art\u00edculos de la tan ansiada paridad, volvi\u00f3 la se\u00f1al.<\/p>\n<p>Finalmente promediando las 15,10 el proyecto de paridad entre hombres y mujeres se aprob\u00f3, y con gritos y aplausos lleg\u00f3 la celebraci\u00f3n de las mujeres que permanecieron en la zona para poder tomarse una foto con sus referentes pol\u00edticos, quienes tambi\u00e9n en el recinto se disputaron por la paternidad de la tan ansiada norma.<\/p>\n","protected":false},"excerpt":{"rendered":"<p>Tras la convocatoria del oficialismo y de la oposici\u00f3n, ciento de mujeres de toda la provincia se hicieron presentes ayer en la Legislatura para acompa\u00f1ar la sanci\u00f3n de la paridad de g\u00e9nero en el \u00e1mbito legislativo. Pero la disputa por el espacio f\u00edsico frente al ingreso provocaron algunos incidentes que empa\u00f1aron la celebraci\u00f3n. En la [&hellip;]<\/p>\n","protected":false},"author":2,"featured_media":7092,"comment_status":"closed","ping_status":"closed","sticky":false,"template":"","format":"standard","meta":{"footnotes":""},"categories":[72],"tags":[],"class_list":{"0":"post-7091","1":"post","2":"type-post","3":"status-publish","4":"format-standard","5":"has-post-thumbnail","7":"category-provinciales"},"_links":{"self":[{"href":"https:\/\/radiobitacora.com.ar\/web\/wp-json\/wp\/v2\/posts\/7091","targetHints":{"allow":["GET"]}}],"collection":[{"href":"https:\/\/radiobitacora.com.ar\/web\/wp-json\/wp\/v2\/posts"}],"about":[{"href":"https:\/\/radiobitacora.com.ar\/web\/wp-json\/wp\/v2\/types\/post"}],"author":[{"embeddable":true,"href":"https:\/\/radiobitacora.com.ar\/web\/wp-json\/wp\/v2\/users\/2"}],"replies":[{"embeddable":true,"href":"https:\/\/radiobitacora.com.ar\/web\/wp-json\/wp\/v2\/comments?post=7091"}],"version-history":[{"count":0,"href":"https:\/\/radiobitacora.com.ar\/web\/wp-json\/wp\/v2\/posts\/7091\/revisions"}],"wp:featuredmedia":[{"embeddable":true,"href":"https:\/\/radiobitacora.com.ar\/web\/wp-json\/wp\/v2\/media\/7092"}],"wp:attachment":[{"href":"https:\/\/radiobitacora.com.ar\/web\/wp-json\/wp\/v2\/media?parent=7091"}],"wp:term":[{"taxonomy":"category","embeddable":true,"href":"https:\/\/radiobitacora.com.ar\/web\/wp-json\/wp\/v2\/categories?post=7091"},{"taxonomy":"post_tag","embeddable":true,"href":"https:\/\/radiobitacora.com.ar\/web\/wp-json\/wp\/v2\/tags?post=7091"}],"curies":[{"name":"wp","href":"https:\/\/api.w.org\/{rel}","templated":true}]}}