{"id":7140,"date":"2022-09-01T18:11:14","date_gmt":"2022-09-01T21:11:14","guid":{"rendered":"https:\/\/radiobitacora.com.ar\/web\/?p=7140"},"modified":"2022-09-01T18:11:14","modified_gmt":"2022-09-01T21:11:14","slug":"horacio-rosatti-critico-la-emision-monetaria","status":"publish","type":"post","link":"https:\/\/radiobitacora.com.ar\/web\/2022\/09\/01\/horacio-rosatti-critico-la-emision-monetaria\/","title":{"rendered":"Horacio Rosatti critic\u00f3 la emisi\u00f3n monetaria"},"content":{"rendered":"<p>En la\u00a0<b>Bolsa de Comercio y ante abogados de la\u00a0<i>city<\/i><\/b>, el presidente de la Corte Suprema,\u00a0<b>Horacio Rosatti,<\/b>\u00a0encontr\u00f3 un auditorio que escuch\u00f3 complaciente cuando\u00a0<b>critic\u00f3 la emisi\u00f3n monetaria, se pronunci\u00f3 contra las reformas<\/b>\u00a0\u2013al decir que hay una especie de realismo m\u00e1gico que hace creer que van a generar una realidad distinta\u2013 y\u00a0<b>puso la pelota en la cancha de la pol\u00edtica al sostener que \u201cno se puede construir una econom\u00eda seria sin institucionalidad\u201d.<\/b><\/p>\n<p>Rosatti fue el elegido para cerrar el evento Di\u00e1logos para la Argentina, que organiza el\u00a0<b>Colegio de Abogados de la Ciudad de Buenos Aires \u2013la entidad privada ubicada en la calle Montevideo que agrupa a letrados de los grupos econ\u00f3micos y con una hist\u00f3rica afinidad con los genocidas<\/b>\u2013. El presidente supremo centr\u00f3 su exposici\u00f3n en el modelo econ\u00f3mico de la Constituci\u00f3n argentina. El modelo, dijo, es el capitalismo. \u201cUn capitalismo humanizado\u201d, agreg\u00f3. \u201cQuien quiera otro modelo para la Rep\u00fablica Argentina tendr\u00e1 que hacer la revoluci\u00f3n o tendr\u00e1 que reformar la Constituci\u00f3n\u201d, sostuvo.<\/p>\n<div id=\"talkFireEvent\"><\/div>\n<div class=\"iframely-embed medium-embedded-content\" data-html=\"Jmx0O2RpdiZndDsmbHQ7ZGl2IHN0eWxlPSJsZWZ0OiAwOyB3aWR0aDogMTAwJTsgaGVpZ2h0OiAwOyBwb3NpdGlvbjogcmVsYXRpdmU7IHBhZGRpbmctYm90dG9tOiA1Ni4yNSU7IiZndDsmbHQ7aWZyYW1lIHNyYz0iLy9pZi1jZG4uY29tL1RITGlxaTgiIHN0eWxlPSJ0b3A6IDA7IGxlZnQ6IDA7IHdpZHRoOiAxMDAlOyBoZWlnaHQ6IDEwMCU7IHBvc2l0aW9uOiBhYnNvbHV0ZTsgYm9yZGVyOiAwOyIgYWxsb3dmdWxsc2NyZWVuIGFsbG93PSJlbmNyeXB0ZWQtbWVkaWEgKjsiJmd0OyZsdDsvaWZyYW1lJmd0OyZsdDsvZGl2Jmd0OyZsdDsvZGl2Jmd0OyZsdDtkaXYgY2xhc3M9Im1lZGl1bS1pbnNlcnQtZW1iZWRzLW1ldGEiJmd0OyZsdDtzY3JpcHQgdHlwZT0idGV4dC9qc29uIiZndDt7ImlkIjoiVEhMaXFpOCIsInVybCI6Imh0dHBzOi8vY29udGVudC5qd3BsYXRmb3JtLmNvbS9wcmV2aWV3cy83MEhHb3E3aS1idVFnaUxWQyIsInR5cGUiOiJ2aWRlbyIsInZlcnNpb24iOiIxLjAiLCJ0aXRsZSI6IkhvcmFjaW8gUm9zYXR0aSBFbiBFbCBFdmVudG8gRGVsIENvbGVnaW8gRGUgQWJvZ2Fkb3MgRGUgTGEgQ2l1ZGFkIERlIEJ1ZW5vcyBBaXJlcyBTaSBFbnZpbGV6Y28gRWwgVmFsb3IgRGUgTGEgTW9uZWRhIEVtaXRpZW5kbyBJcnJlc3BvbnNhYmxlbWVudGUgTm8gRGVmaWVuZG8gRWwgVmFsb3IgU2lubyBRdWUgTG8gQXRhY28gVmlkZW8iLCJ0aHVtYm5haWxfdXJsIjoiaHR0cHM6Ly9hc3NldHMtanBjdXN0Lmp3cHNydi5jb20vdGh1bWJzLzcwSEdvcTdpLTcyMC5qcGciLCJ0aHVtYm5haWxfd2lkdGgiOjcyMCwidGh1bWJuYWlsX2hlaWdodCI6NDA2LCJjYWNoZV9hZ2UiOjg2NDAwfSZsdDsvc2NyaXB0Jmd0OyZsdDsvZGl2Jmd0Ow==\">\n<div class=\"iframely-embed\">\n<div class=\"iframely-responsive\"><iframe src=\"https:\/\/iframely.pagina12.com.ar\/api\/iframe?url=https%3A%2F%2Fcontent.jwplatform.com%2Fpreviews%2F70HGoq7i-buQgiLVC&amp;v=1&amp;app=1&amp;key=68ad19d170f26a7756ad0a90caf18fc1&amp;playerjs=1\" allowfullscreen=\"allowfullscreen\" data-mce-fragment=\"1\"><\/iframe><\/div>\n<\/div>\n<\/div>\n<p>El cortesano hizo hincapi\u00e9 en la defensa del valor de la moneda despu\u00e9s de que el pa\u00eds atravesara d\u00edas de inestabilidad cambiaria. \u201cHay que tener cuidado con las pr\u00e1cticas expansivas de la moneda porque si yo envilezco el valor de la moneda emitiendo irresponsablemente, por la ley de oferta y demanda, l\u00f3gicamente no defiendo el valor sino que lo ataco\u201d, dijo.<\/p>\n<p>Sin falsas modestias, Rosatti no se priv\u00f3 de enaltecer la reforma constitucional de 1994, porque \u00e9l mismo fue convencional. Mencion\u00f3 que fue vicepresidente del bloque mayoritario de la Convenci\u00f3n Constituyente sin aclarar que era por el Partido Justicialista (PJ) ante un auditorio que no sent\u00eda ninguna simpat\u00eda por el peronismo y que le tiene mayor consideraci\u00f3n por haber sido designado en la Corte por Mauricio Macri tras una sugerencia de Fabi\u00e1n &#8220;Pep\u00edn&#8221; Rodr\u00edguez Sim\u00f3n, como\u00a0<a href=\"https:\/\/www.pagina12.com.ar\/476518-pepin-rodriguez-simon-las-excusas-del-profugo-y-las-respuest\">el exasesor pr\u00f3fugo reconoci\u00f3 la semana pasada<\/a>.<\/p>\n","protected":false},"excerpt":{"rendered":"<p>En la\u00a0Bolsa de Comercio y ante abogados de la\u00a0city, el presidente de la Corte Suprema,\u00a0Horacio Rosatti,\u00a0encontr\u00f3 un auditorio que escuch\u00f3 complaciente cuando\u00a0critic\u00f3 la emisi\u00f3n monetaria, se pronunci\u00f3 contra las reformas\u00a0\u2013al decir que hay una especie de realismo m\u00e1gico que hace creer que van a generar una realidad distinta\u2013 y\u00a0puso la pelota en la cancha de [&hellip;]<\/p>\n","protected":false},"author":2,"featured_media":7141,"comment_status":"closed","ping_status":"closed","sticky":false,"template":"","format":"standard","meta":{"footnotes":""},"categories":[79],"tags":[],"class_list":{"0":"post-7140","1":"post","2":"type-post","3":"status-publish","4":"format-standard","5":"has-post-thumbnail","7":"category-politica"},"_links":{"self":[{"href":"https:\/\/radiobitacora.com.ar\/web\/wp-json\/wp\/v2\/posts\/7140","targetHints":{"allow":["GET"]}}],"collection":[{"href":"https:\/\/radiobitacora.com.ar\/web\/wp-json\/wp\/v2\/posts"}],"about":[{"href":"https:\/\/radiobitacora.com.ar\/web\/wp-json\/wp\/v2\/types\/post"}],"author":[{"embeddable":true,"href":"https:\/\/radiobitacora.com.ar\/web\/wp-json\/wp\/v2\/users\/2"}],"replies":[{"embeddable":true,"href":"https:\/\/radiobitacora.com.ar\/web\/wp-json\/wp\/v2\/comments?post=7140"}],"version-history":[{"count":0,"href":"https:\/\/radiobitacora.com.ar\/web\/wp-json\/wp\/v2\/posts\/7140\/revisions"}],"wp:featuredmedia":[{"embeddable":true,"href":"https:\/\/radiobitacora.com.ar\/web\/wp-json\/wp\/v2\/media\/7141"}],"wp:attachment":[{"href":"https:\/\/radiobitacora.com.ar\/web\/wp-json\/wp\/v2\/media?parent=7140"}],"wp:term":[{"taxonomy":"category","embeddable":true,"href":"https:\/\/radiobitacora.com.ar\/web\/wp-json\/wp\/v2\/categories?post=7140"},{"taxonomy":"post_tag","embeddable":true,"href":"https:\/\/radiobitacora.com.ar\/web\/wp-json\/wp\/v2\/tags?post=7140"}],"curies":[{"name":"wp","href":"https:\/\/api.w.org\/{rel}","templated":true}]}}