{"id":7155,"date":"2022-09-02T07:29:20","date_gmt":"2022-09-02T10:29:20","guid":{"rendered":"https:\/\/radiobitacora.com.ar\/web\/?p=7155"},"modified":"2022-09-02T07:29:20","modified_gmt":"2022-09-02T10:29:20","slug":"el-gobernador-valdes-repudio-el-ataque-a-cfk-la-violencia-no-es-el-camino","status":"publish","type":"post","link":"https:\/\/radiobitacora.com.ar\/web\/2022\/09\/02\/el-gobernador-valdes-repudio-el-ataque-a-cfk-la-violencia-no-es-el-camino\/","title":{"rendered":"EL GOBERNADOR VALD\u00c9S REPUDI\u00d3 EL ATAQUE A CFK : \u201cLA VIOLENCIA NO ES EL CAMINO\u201d"},"content":{"rendered":"<h3>El gobernador de Corrientes, Gustavo Vald\u00e9s expres\u00f3 su \u201cabsoluto repudio\u201d al ataque que sufri\u00f3 este jueves la vicepresidente de la Naci\u00f3n, Cristina Fern\u00e1ndez de Kirchner.<\/h3>\n<p>\u201cLa Justicia debe investigar este grav\u00edsimo hecho hasta sus \u00faltimas consecuencias\u201d, reclam\u00f3 al respecto, el mandatario provincial, desde su cuenta oficial de Twitter. Y dej\u00f3 en claro que \u201cen una sociedad democr\u00e1tica, la violencia no es el camino\u201d.<\/p>\n","protected":false},"excerpt":{"rendered":"<p>El gobernador de Corrientes, Gustavo Vald\u00e9s expres\u00f3 su \u201cabsoluto repudio\u201d al ataque que sufri\u00f3 este jueves la vicepresidente de la Naci\u00f3n, Cristina Fern\u00e1ndez de Kirchner. \u201cLa Justicia debe investigar este grav\u00edsimo hecho hasta sus \u00faltimas consecuencias\u201d, reclam\u00f3 al respecto, el mandatario provincial, desde su cuenta oficial de Twitter. Y dej\u00f3 en claro que \u201cen una [&hellip;]<\/p>\n","protected":false},"author":2,"featured_media":7156,"comment_status":"closed","ping_status":"closed","sticky":false,"template":"","format":"standard","meta":{"footnotes":""},"categories":[72],"tags":[],"class_list":{"0":"post-7155","1":"post","2":"type-post","3":"status-publish","4":"format-standard","5":"has-post-thumbnail","7":"category-provinciales"},"_links":{"self":[{"href":"https:\/\/radiobitacora.com.ar\/web\/wp-json\/wp\/v2\/posts\/7155","targetHints":{"allow":["GET"]}}],"collection":[{"href":"https:\/\/radiobitacora.com.ar\/web\/wp-json\/wp\/v2\/posts"}],"about":[{"href":"https:\/\/radiobitacora.com.ar\/web\/wp-json\/wp\/v2\/types\/post"}],"author":[{"embeddable":true,"href":"https:\/\/radiobitacora.com.ar\/web\/wp-json\/wp\/v2\/users\/2"}],"replies":[{"embeddable":true,"href":"https:\/\/radiobitacora.com.ar\/web\/wp-json\/wp\/v2\/comments?post=7155"}],"version-history":[{"count":0,"href":"https:\/\/radiobitacora.com.ar\/web\/wp-json\/wp\/v2\/posts\/7155\/revisions"}],"wp:featuredmedia":[{"embeddable":true,"href":"https:\/\/radiobitacora.com.ar\/web\/wp-json\/wp\/v2\/media\/7156"}],"wp:attachment":[{"href":"https:\/\/radiobitacora.com.ar\/web\/wp-json\/wp\/v2\/media?parent=7155"}],"wp:term":[{"taxonomy":"category","embeddable":true,"href":"https:\/\/radiobitacora.com.ar\/web\/wp-json\/wp\/v2\/categories?post=7155"},{"taxonomy":"post_tag","embeddable":true,"href":"https:\/\/radiobitacora.com.ar\/web\/wp-json\/wp\/v2\/tags?post=7155"}],"curies":[{"name":"wp","href":"https:\/\/api.w.org\/{rel}","templated":true}]}}