{"id":7170,"date":"2022-09-02T07:49:07","date_gmt":"2022-09-02T10:49:07","guid":{"rendered":"https:\/\/radiobitacora.com.ar\/web\/?p=7170"},"modified":"2022-09-02T07:49:07","modified_gmt":"2022-09-02T10:49:07","slug":"aniversario-de-la-puesta-en-marcha-de-la-primera-turbina-de-yacyreta-2-de-septiembre-de-1994","status":"publish","type":"post","link":"https:\/\/radiobitacora.com.ar\/web\/2022\/09\/02\/aniversario-de-la-puesta-en-marcha-de-la-primera-turbina-de-yacyreta-2-de-septiembre-de-1994\/","title":{"rendered":"ANIVERSARIO DE LA PUESTA EN MARCHA DE LA PRIMERA TURBINA DE YACYRET\u00c1 2 de Septiembre de 1994"},"content":{"rendered":"<div dir=\"auto\">Yacyret\u00e1 cumple hoy un aniversario m\u00e1s desde que puso en marcha su primera turbina! \u00bfSab\u00edas que genera el 14% de la demanda de energ\u00eda el\u00e9ctrica nacional?<\/div>\n<div dir=\"auto\">La energ\u00eda est\u00e1 en todo lo que nos rodea: est\u00e1 en tu casa, en tu escuela, en tu hospital, en tu plaza y en tu puente. Y est\u00e1 con vos siempre, vayas a donde vayas: en tu barrio, en tu ciudad, en tu pa\u00eds.<\/div>\n<div dir=\"auto\">Esta energ\u00eda que est\u00e1 en todas partes tiene un origen: Yacyret\u00e1<\/div>\n<div dir=\"auto\">Entidad Binacional Yaciret\u00e1 &#8211; EBY &#8211; Argentina.<\/div>\n<div dir=\"auto\">Algo M\u00e1s\u2026<\/div>\n<div dir=\"auto\">En la fecha se conmemora un aniversario m\u00e1s de la inauguraci\u00f3n de la Central Hidroel\u00e9ctrica Yacyret\u00e1 (CHY) mediante la puesta en funcionamiento de la primera turbina (UG No. 1), inici\u00e1ndose de esta forma la generaci\u00f3n oficial de energ\u00eda, a una cota de 76 metros sobre el nivel del mar.<\/div>\n<div dir=\"auto\">El 2 de setiembre de 1994 se iniciaba as\u00ed la efectiva puesta en marcha de un fundamental proyecto de aprovechamiento hidroel\u00e9ctrico del r\u00edo Paran\u00e1 que no solamente implica la comercializaci\u00f3n de energ\u00eda, sino tambi\u00e9n de empuje al crecimiento econ\u00f3mico y el desarrollo social de dos pueblos hermanos: Paraguay y Argentina.<\/div>\n<div dir=\"auto\">Cuatro a\u00f1os m\u00e1s tarde, el 7 de julio de 1998 se concret\u00f3 la finalizaci\u00f3n de las obras principales de la Central Hidroel\u00e9ctrica de Yacyret\u00e1 (CHY). Este hito fue logrado tras la instalaci\u00f3n y la entrada en funcionamiento, a partir de ese d\u00eda, de la vig\u00e9sima y \u00faltima turbina de la represa, a cota de 76 metros sobre el nivel del mar.<\/div>\n<div dir=\"auto\">De esta manera se daba por cumplido el objetivo principal de la construcci\u00f3n, cual es el aprovechamiento hidroel\u00e9ctrico del r\u00edo Paran\u00e1, pas\u00e1ndose a generar el 60 % de la capacidad total de la central, que entonces funcionaba sin el llenado completo del embalse.<\/div>\n<div dir=\"auto\">La construcci\u00f3n de la CHY comenz\u00f3 el 3 de diciembre del a\u00f1o 1983, cuando se cumpl\u00edan exactamente 10 a\u00f1os de la firma del Tratado de Yacyret\u00e1, en una ceremonia que se hab\u00eda desarrollado en el Palacio de L\u00f3pez.<\/div>\n<div dir=\"auto\">Cabe mencionar que el 17 de diciembre del a\u00f1o 2003, los presidentes de Argentina, N\u00e9stor Kirchner, y de Paraguay, Nicanor Duarte Frutos (director paraguayo de la entidad), decidieron concluir definitivamente las obras de la Central.<\/div>\n<div dir=\"auto\">El embalse fue completado el 12 de febrero de 2011, gracias a lo cual se concret\u00f3 el potencial energ\u00e9tico de la represa. Archivo Entidad Binacional Yaciret\u00e1 &#8211; EBY &#8211; Argentina<\/div>\n","protected":false},"excerpt":{"rendered":"<p>Yacyret\u00e1 cumple hoy un aniversario m\u00e1s desde que puso en marcha su primera turbina! \u00bfSab\u00edas que genera el 14% de la demanda de energ\u00eda el\u00e9ctrica nacional? La energ\u00eda est\u00e1 en todo lo que nos rodea: est\u00e1 en tu casa, en tu escuela, en tu hospital, en tu plaza y en tu puente. Y est\u00e1 con [&hellip;]<\/p>\n","protected":false},"author":2,"featured_media":7171,"comment_status":"closed","ping_status":"closed","sticky":false,"template":"","format":"standard","meta":{"footnotes":""},"categories":[72],"tags":[],"class_list":{"0":"post-7170","1":"post","2":"type-post","3":"status-publish","4":"format-standard","5":"has-post-thumbnail","7":"category-provinciales"},"_links":{"self":[{"href":"https:\/\/radiobitacora.com.ar\/web\/wp-json\/wp\/v2\/posts\/7170","targetHints":{"allow":["GET"]}}],"collection":[{"href":"https:\/\/radiobitacora.com.ar\/web\/wp-json\/wp\/v2\/posts"}],"about":[{"href":"https:\/\/radiobitacora.com.ar\/web\/wp-json\/wp\/v2\/types\/post"}],"author":[{"embeddable":true,"href":"https:\/\/radiobitacora.com.ar\/web\/wp-json\/wp\/v2\/users\/2"}],"replies":[{"embeddable":true,"href":"https:\/\/radiobitacora.com.ar\/web\/wp-json\/wp\/v2\/comments?post=7170"}],"version-history":[{"count":0,"href":"https:\/\/radiobitacora.com.ar\/web\/wp-json\/wp\/v2\/posts\/7170\/revisions"}],"wp:featuredmedia":[{"embeddable":true,"href":"https:\/\/radiobitacora.com.ar\/web\/wp-json\/wp\/v2\/media\/7171"}],"wp:attachment":[{"href":"https:\/\/radiobitacora.com.ar\/web\/wp-json\/wp\/v2\/media?parent=7170"}],"wp:term":[{"taxonomy":"category","embeddable":true,"href":"https:\/\/radiobitacora.com.ar\/web\/wp-json\/wp\/v2\/categories?post=7170"},{"taxonomy":"post_tag","embeddable":true,"href":"https:\/\/radiobitacora.com.ar\/web\/wp-json\/wp\/v2\/tags?post=7170"}],"curies":[{"name":"wp","href":"https:\/\/api.w.org\/{rel}","templated":true}]}}