{"id":7185,"date":"2022-09-02T08:25:06","date_gmt":"2022-09-02T11:25:06","guid":{"rendered":"https:\/\/radiobitacora.com.ar\/web\/?p=7185"},"modified":"2022-09-02T08:25:06","modified_gmt":"2022-09-02T11:25:06","slug":"los-atentados-presidenciales-atacantes-solitarios-armas-que-fallan-y-culpables-que-se-fugan","status":"publish","type":"post","link":"https:\/\/radiobitacora.com.ar\/web\/2022\/09\/02\/los-atentados-presidenciales-atacantes-solitarios-armas-que-fallan-y-culpables-que-se-fugan\/","title":{"rendered":"Los atentados presidenciales: atacantes solitarios, armas que fallan y culpables que se fugan"},"content":{"rendered":"<p class=\"paragraph\"><b>Sarmiento fue el primer presidente, luego de 1853, que fue blanco de un atentado<\/b>. El plan tom\u00f3 forma en una mesa de un bar de La Boca, donde\u00a0<b>Aquiles Segabrugo<\/b>, un italiano de 38 a\u00f1os, le propuso a\u00a0<b>Francisco G\u00fcerri<\/b>, a\u00a0<b>Pedro G\u00fcerri<\/b>\u00a0-si bien coincid\u00edan en el apellido no eran parientes- y a\u00a0<b>Luis Casimir<\/b>, alias \u201cEva\u201d, un marinero, todos de 21 a\u00f1os de edad, matar al presidente\u00a0<b>Domingo Faustino Sarmiento<\/b>. Les ofrecieron 10.000 pesos, pagaderos en tres veces.<\/p>\n<p class=\"paragraph\">Cuando usaba su carruaje para misiones oficiales,\u00a0<b>Sarmiento<\/b>\u00a0llevaba una discreta escolta.\u00a0<b>Pero cuando se trataba de temas particulares, se movilizaba solo<\/b>. En esa oportunidad, ir\u00eda a visitar a\u00a0<b>Aurelia V\u00e9lez<\/b>, la hija menor de\u00a0<b>Dalmacio V\u00e9lez Sarsfield<\/b>, con quien manten\u00eda una apasionada relaci\u00f3n, hac\u00eda casi veinte a\u00f1os.<\/p>\n<p class=\"paragraph\">En la noche del s\u00e1bado 23 de agosto de 1873, sali\u00f3 de su casa de la calle Maip\u00fa, entre Tucum\u00e1n y Viamonte (en esos tiempos se llamaba Del Temple). Us\u00f3 su carruaje, tirado por dos caballos y manejado por el cochero\u00a0<b>Jos\u00e9 Morillo<\/b>.<\/p>\n<p class=\"paragraph\">Por Maip\u00fa fue en direcci\u00f3n a Corrientes. En la esquina noroeste, los tres hombres esperaban, armados con trabucos y pu\u00f1ales.\u00a0<b>Los proyectiles hab\u00edan sido embebidos en bicloruro de mercurio y los pu\u00f1ales, en sulfato de estricnina. A la menor herida que se le causase, la v\u00edctima morir\u00eda<\/b>.<\/p>\n<p class=\"paragraph\"><mark class=\"hl_yellow\">Cuando lo vieron venir, se abalanzaron sobre el carruaje. Francisco G\u00fcerri dispar\u00f3 con su trabuco. Tal vez al estar sobrecargado de p\u00f3lvora, le estall\u00f3 en la mano y perdi\u00f3 un dedo pulgar. Uno de los proyectiles entr\u00f3 por la ventanilla del carruaje y sali\u00f3 por el otro lado. La polic\u00eda rescatar\u00eda balas que se hab\u00edan incrustado en las paredes.<\/mark><\/p>\n<p class=\"paragraph\">La avanzada sordera de\u00a0<b>Sarmiento<\/b>, sumado al ruido que hac\u00edan los cascos de los caballos sobre el empedrado, hicieron que el presidente no se diera cuenta de lo que hab\u00eda ocurrido. Se enter\u00f3 cuando lleg\u00f3 a la casa de los\u00a0<b>V\u00e9lez Sarsfield<\/b>, en la calle Cangallo.<\/p>\n<div class=\"visual__image\"><img loading=\"lazy\" decoding=\"async\" class=\"\" src=\"https:\/\/cloudfront-us-east-1.images.arcpublishing.com\/infobae\/AIXZYTGMFBG55CRESK46MK3MMU.jpg\" sizes=\"auto, (min-width: 800px) 50vw, 90vw\" srcset=\"https:\/\/www.infobae.com\/new-resizer\/Yuul4yLXIMktjrFRh-GcYzUKGOI=\/420x420\/filters:format(webp):quality(85)\/cloudfront-us-east-1.images.arcpublishing.com\/infobae\/AIXZYTGMFBG55CRESK46MK3MMU.jpg 420w,https:\/\/www.infobae.com\/new-resizer\/XguHyMaXfAdIQyCvhG-EkUiYtXg=\/768x768\/filters:format(webp):quality(85)\/cloudfront-us-east-1.images.arcpublishing.com\/infobae\/AIXZYTGMFBG55CRESK46MK3MMU.jpg 768w,https:\/\/www.infobae.com\/new-resizer\/6H2sZfjhAtAQE1sQP70dn2TWKFw=\/992x992\/filters:format(webp):quality(85)\/cloudfront-us-east-1.images.arcpublishing.com\/infobae\/AIXZYTGMFBG55CRESK46MK3MMU.jpg 992w,https:\/\/www.infobae.com\/new-resizer\/eFaV-38qcXi4yVQyiilGVm9BnjU=\/1200x1200\/filters:format(webp):quality(85)\/cloudfront-us-east-1.images.arcpublishing.com\/infobae\/AIXZYTGMFBG55CRESK46MK3MMU.jpg 1200w,https:\/\/www.infobae.com\/new-resizer\/0GBTi_ZMfZApGJZgba1dtmuBrz8=\/1440x1440\/filters:format(webp):quality(85)\/cloudfront-us-east-1.images.arcpublishing.com\/infobae\/AIXZYTGMFBG55CRESK46MK3MMU.jpg 1440w\" alt=\"El atentado fue en la calle Maip\u00fa, casi esquina Corrientes. Los agresores estaban armados con trabucos y con armas blancas\" width=\"770\" height=\"710\" \/>El atentado fue en la calle Maip\u00fa, casi esquina Corrientes. Los agresores estaban armados con trabucos y con armas blancas<\/div>\n<p class=\"paragraph\">Primero, los\u00a0<b>G\u00fcerri<\/b>\u00a0negaron todo pero al d\u00eda siguiente contaron la verdad y dieron el nombre de quien los hab\u00eda contratado:\u00a0<b>Aquiles Segabrugo<\/b>\u00a0quien, r\u00e1pido de reflejos, ya hab\u00eda escapado a Montevideo.\u00a0<b>Dos d\u00edas mas tarde, su cuerpo apareci\u00f3 acribillado<\/b>.<\/p>\n<p class=\"paragraph\"><mark class=\"hl_yellow\">En el juicio, el fiscal Ventura Pondal pidi\u00f3 la pena de muerte para los G\u00fcerri y Casimir. El juez Octavio Bunge sentenci\u00f3 a Francisco G\u00fcerri a 20 a\u00f1os, y 15 a Pedro G\u00fcerri y Casimir. Posteriormente, la C\u00e1mara del Crimen bajar\u00eda la pena de Casimir a 10 a\u00f1os.<\/mark><\/p>\n<p class=\"paragraph\">Siendo funcionario en el gobierno de\u00a0<b>Julio A. Roca<\/b>, los presos le solicitaron a\u00a0<b>Sarmiento<\/b>\u00a0intercediera para lograr la conmutaci\u00f3n de sus penas, ya que hab\u00edan actuado \u201ccomo unos pobres locos extraviados\u201d. Nunca les contest\u00f3.\u00a0<b>Pedro G\u00fcerri\u00a0<\/b>muri\u00f3 en prisi\u00f3n el 30 de abril de 1883 y<b>\u00a0Francisco<\/b>\u00a0ser\u00eda indultado por el presidente\u00a0<b>Miguel Ju\u00e1rez Celman<\/b>.<\/p>\n<p class=\"paragraph\">Tres a\u00f1os despu\u00e9s, el 4 de julio de 1876, con motivo de los festejos de la independencia estadounidense, el presidente\u00a0<b>Nicol\u00e1s Avellaneda<\/b>, que era bajo, se salv\u00f3 de ser atacado en la v\u00eda p\u00fablica porque el fortach\u00f3n\u00a0<b>Adolfo Alsina<\/b>, enfrent\u00f3 a la multitud y lo protegi\u00f3, hasta que fue cubierto por la custodia.<\/p>\n<p class=\"paragraph\"><b>Julio A. Roca<\/b><\/p>\n<p class=\"paragraph\">Para la apertura del per\u00edodo legislativo de 1886 el Presidente\u00a0<b>Julio A. Roca,<\/b>\u00a0s\u00f3lo, debi\u00f3 ponerse el sombrero, salir a la calle en Balcarce y caminar menos de una cuadra hasta Victoria -la actual Hip\u00f3lito Yrigoyen- donde entonces funcionaba el Congreso de la Naci\u00f3n.\u00a0<b>Ese lunes 10 de mayo deb\u00eda dejar inaugurado el 24\u00b0 per\u00edodo de sesiones ordinarias, las \u00faltimas, ya que a fin de a\u00f1o entregar\u00eda el mando a su cu\u00f1ado Miguel Ju\u00e1rez Celman.<\/b><\/p>\n<div class=\"visual__image\"><img loading=\"lazy\" decoding=\"async\" class=\"\" src=\"https:\/\/arc-anglerfish-arc2-prod-infobae.s3.amazonaws.com\/public\/HJWXD7IP3RBSFHOBA57Q2ZOTPM\" sizes=\"auto, (min-width: 800px) 50vw, 90vw\" srcset=\"https:\/\/www.infobae.com\/new-resizer\/v-DCldSl3mkxt2ce5XZB35T-bZ0=\/420x315\/filters:format(webp):quality(85)\/arc-anglerfish-arc2-prod-infobae.s3.amazonaws.com\/public\/HJWXD7IP3RBSFHOBA57Q2ZOTPM 420w,https:\/\/www.infobae.com\/new-resizer\/fTSybBb7InW2tKSDh2YR9YJ0HlY=\/768x576\/filters:format(webp):quality(85)\/arc-anglerfish-arc2-prod-infobae.s3.amazonaws.com\/public\/HJWXD7IP3RBSFHOBA57Q2ZOTPM 768w,https:\/\/www.infobae.com\/new-resizer\/OvxPTijb2drHImdeKUkb02RwRfM=\/992x744\/filters:format(webp):quality(85)\/arc-anglerfish-arc2-prod-infobae.s3.amazonaws.com\/public\/HJWXD7IP3RBSFHOBA57Q2ZOTPM 992w,https:\/\/www.infobae.com\/new-resizer\/7aQpQSf0j6d96GUbYfZZ8m-w6o4=\/1200x900\/filters:format(webp):quality(85)\/arc-anglerfish-arc2-prod-infobae.s3.amazonaws.com\/public\/HJWXD7IP3RBSFHOBA57Q2ZOTPM 1200w,https:\/\/www.infobae.com\/new-resizer\/5XiT_V8o6SE9i2lYJmccqs5oI8I=\/1440x1080\/filters:format(webp):quality(85)\/arc-anglerfish-arc2-prod-infobae.s3.amazonaws.com\/public\/HJWXD7IP3RBSFHOBA57Q2ZOTPM 1440w\" alt=\" Julio A. Roca iba caminando al recinto del Congreso, que en ese entonces funcionaba donde actualmente est\u00e1 el Banco Hipotecario, en Plaza de Mayo\" width=\"600\" height=\"450\" \/>Julio A. Roca iba caminando al recinto del Congreso, que en ese entonces funcionaba donde actualmente est\u00e1 el Banco Hipotecario, en Plaza de Mayo<\/div>\n<p class=\"paragraph\">Unos minutos antes de las tres de la tarde parti\u00f3 de la Casa de Gobierno, acompa\u00f1ado por su gabinete. En la puerta del Congreso, el Regimiento 1 de l\u00ednea lo esperaba a puro sones de la Marcha de Ituzaing\u00f3.<\/p>\n<p class=\"paragraph\"><mark class=\"hl_yellow\">Imprevistamente, del grupo de curiosos y entusiastas que estaban en el lugar, vol\u00f3 un cascote que impact\u00f3 en el parietal izquierdo del primer mandatario y lo hizo tambalear.<\/mark><\/p>\n<p class=\"paragraph\">Mientras los soldados formaban en batalla, la gente corr\u00eda en todas direcciones.\u00a0<b>Carlos Pellegrini<\/b>\u00a0inmoviliz\u00f3 al agresor, un hombre vestido de negro, pas\u00e1ndole su brazo alrededor del cuello, mientras el senador\u00a0<b>David Arg\u00fcello<\/b>\u00a0lo tomaba de sus largas barbas.<\/p>\n<p class=\"paragraph\">Se llamaba\u00a0<b>Ignacio Monges<\/b>, 36 a\u00f1os. Comenzaron a golpearlo y a escupirlo, un oficial propuso atravesarlo con el sable. El detenido clamaba:\u00a0<b>\u201c\u00a1M\u00e1tenme!\u201d<\/b>. Pero el asunto termin\u00f3 cuando el comisario\u00a0<b>Baldomero Cernadas<\/b>\u00a0se lo llev\u00f3 a la comisar\u00eda segunda.<\/p>\n<p class=\"paragraph\">En la oficina de la secretar\u00eda del Congreso, se asisti\u00f3 a\u00a0<b>Roca<\/b>. El portero del edificio colabor\u00f3 con una palangana y se le pusieron pa\u00f1os fr\u00edos. Mientras tanto,\u00a0<b>Eduardo Wilde<\/b>, ministro de Justicia, Culto e Instrucci\u00f3n P\u00fablica y prestigioso m\u00e9dico, le revis\u00f3 la herida. Era profunda, hab\u00eda llegado casi hasta el hueso. Luego de limpiarla, con un pa\u00f1uelo que le acerc\u00f3 el ministro\u00a0<b>Wenceslao Pacheco<\/b>, le improvis\u00f3 una venda.<\/p>\n<p class=\"paragraph\">Ya repuesto, fue al estrado a iniciar la ceremonia, con la frente vendada y con la banda presidencial manchada de sangre. Lo esperaban los 41 diputados y los 16 senadores y avis\u00f3 que no dar\u00eda el discurso completo.\u00a0<b>\u201cMe retiro sin odios ni rencores para nadie, ni a\u00fan para el asesino que me ha herido\u201d<\/b>, expres\u00f3.<\/p>\n<div class=\"visual__image\"><img loading=\"lazy\" decoding=\"async\" class=\"\" src=\"https:\/\/cloudfront-us-east-1.images.arcpublishing.com\/infobae\/ECK565MBXVCUXMN3QECZQQBIKI.jpg\" sizes=\"auto, (min-width: 800px) 50vw, 90vw\" srcset=\"https:\/\/www.infobae.com\/new-resizer\/hdkShrFwS2AzQ2Jp6w0mIpWhnHk=\/420x280\/filters:format(webp):quality(85)\/cloudfront-us-east-1.images.arcpublishing.com\/infobae\/ECK565MBXVCUXMN3QECZQQBIKI.jpg 420w,https:\/\/www.infobae.com\/new-resizer\/fJp_yPgk5PP24gtsZyW0SA6qYKU=\/768x512\/filters:format(webp):quality(85)\/cloudfront-us-east-1.images.arcpublishing.com\/infobae\/ECK565MBXVCUXMN3QECZQQBIKI.jpg 768w,https:\/\/www.infobae.com\/new-resizer\/z9Ka778Hq_uq1lAlOSnQGbumJdo=\/992x661\/filters:format(webp):quality(85)\/cloudfront-us-east-1.images.arcpublishing.com\/infobae\/ECK565MBXVCUXMN3QECZQQBIKI.jpg 992w,https:\/\/www.infobae.com\/new-resizer\/ROZD0KqBilYE7OEfokT346Mq3vk=\/1200x800\/filters:format(webp):quality(85)\/cloudfront-us-east-1.images.arcpublishing.com\/infobae\/ECK565MBXVCUXMN3QECZQQBIKI.jpg 1200w,https:\/\/www.infobae.com\/new-resizer\/GHXKaA51MVjD8VTe0zPBJWR-Pk8=\/1440x960\/filters:format(webp):quality(85)\/cloudfront-us-east-1.images.arcpublishing.com\/infobae\/ECK565MBXVCUXMN3QECZQQBIKI.jpg 1440w\" alt=\"El cuadro pintado por Juan Manuel Blanes, que es posible contemplarlo en el Sal\u00f3n de los Pasos Perdidos, en el Congreso Nacional. Se ve a Roca con la frente vendada\" width=\"750\" height=\"498\" \/>El cuadro pintado por Juan Manuel Blanes, que es posible contemplarlo en el Sal\u00f3n de los Pasos Perdidos, en el Congreso Nacional. Se ve a Roca con la frente vendada<\/div>\n<p class=\"paragraph\">Cuando le preguntaron a\u00a0<b>Monges<\/b>\u00a0el por qu\u00e9 de su agresi\u00f3n, contest\u00f3 que buscaba un cambio de gobierno. Consideraba a\u00a0<b>Roca<\/b>\u00a0\u201cresponsable de la situaci\u00f3n pol\u00edtica, la que era insoportable desde hac\u00eda un a\u00f1o y medio y con la intenci\u00f3n de salvar a la Patria, cuya libertad ambicionaba\u201d.<\/p>\n<p class=\"paragraph\"><mark class=\"hl_yellow\">Cinco d\u00edas despu\u00e9s, los partidarios de Roca organizaron el \u201cmitin de indignaci\u00f3n\u201d, una suerte de marcha que comenz\u00f3 en la Plaza de Mayo y finaliz\u00f3 en la casa de Roca. Los diarios informaron que fueron 20.000 los participantes. \u201cLa vida nada vale \u2013dijo Roca desde el balc\u00f3n de su casa a la gente- cualquiera sea; ante los grandes intereses de la Patria, sino por la honra y el cr\u00e9dito de la Naci\u00f3n\u201d.<\/mark><\/p>\n<p class=\"paragraph\">En 1887, fue condenado a 10 a\u00f1os de presidio por tentativa de homicidio, con premeditaci\u00f3n y alevos\u00eda, con el agravante que lo hizo contra el presidente de la Naci\u00f3n. Ser\u00eda otro presidente,\u00a0<b>Jos\u00e9 Evaristo Uriburu<\/b>\u00a0quien el 9 de julio de 1896 lo indultar\u00eda a pedido del propio\u00a0<b>Roca<\/b>. El general lo recibi\u00f3 en su casa y hasta le hab\u00eda conseguido trabajo, pero\u00a0<b>Monges<\/b>\u00a0regres\u00f3 a su Corrientes natal.<\/p>\n<p class=\"paragraph\"><b>Manuel Quintana<\/b><\/p>\n<p class=\"paragraph\">Ese 12 de agosto de 1905 llov\u00eda en Buenos Aires. El presidente\u00a0<b>Manuel Quintana\u00a0<\/b>sali\u00f3 de su domicilio en la calle Artes 1245 (hoy Pellegrini) iba en su carruaje conducido por el polic\u00eda\u00a0<b>Antonio Mazato<\/b>\u00a0por Santa Fe hacia el centro. Era acompa\u00f1ado por el capit\u00e1n de fragata\u00a0<b>Jos\u00e9 Donato Alvarez<\/b>.<\/p>\n<p class=\"paragraph\"><b>El primer mandatario no se hab\u00eda dado cuenta que su domicilio hac\u00eda d\u00edas que era vigilado por una persona, que tomaba precisa nota de sus movimientos y h\u00e1bitos.<\/b><\/p>\n<p class=\"paragraph\"><mark class=\"hl_yellow\">Al pasar por Maip\u00fa un hombre que vest\u00eda sobretodo sali\u00f3 de Plaza San Mart\u00edn y se coloc\u00f3 en el medio de la calle. Cuando estaba a menos de dos metros dispar\u00f3 dos veces un rev\u00f3lver calibre 38, pero las balas no salieron. Arroj\u00f3 el arma y sali\u00f3 corriendo.<\/mark><\/p>\n<p class=\"paragraph\"><b>Donato Alvarez<\/b>\u00a0quiso perseguirlo pero se resbal\u00f3 por la calle mojada. Detr\u00e1s ven\u00eda el carruaje de la custodia. El comisario\u00a0<b>Felipe Ferreyra<\/b>, con la ayuda de un agente que estaba en las inmediaciones, detuvo al agresor. La polic\u00eda lo identific\u00f3 como\u00a0<b>Salvador Enrique Jos\u00e9 Planas y Virella<\/b>, un catal\u00e1n de 23 a\u00f1os que hac\u00eda poco que hab\u00eda llegado al pa\u00eds y que trabajaba como tip\u00f3grafo.\u00a0<b>Dijo ser anarquista<\/b>.<\/p>\n<div class=\"visual__image\"><img loading=\"lazy\" decoding=\"async\" class=\"\" src=\"https:\/\/cloudfront-us-east-1.images.arcpublishing.com\/infobae\/MCZI725JZ5BQBOKM54AVSFT4AU.jpg\" sizes=\"auto, (min-width: 800px) 50vw, 90vw\" srcset=\"https:\/\/www.infobae.com\/new-resizer\/gcW0o5sA4P8xZO_3svIFzxZfbgg=\/420x236\/filters:format(webp):quality(85)\/cloudfront-us-east-1.images.arcpublishing.com\/infobae\/MCZI725JZ5BQBOKM54AVSFT4AU.jpg 420w,https:\/\/www.infobae.com\/new-resizer\/RLtabhKURHGpzUA1srqcrdVZe3I=\/768x432\/filters:format(webp):quality(85)\/cloudfront-us-east-1.images.arcpublishing.com\/infobae\/MCZI725JZ5BQBOKM54AVSFT4AU.jpg 768w,https:\/\/www.infobae.com\/new-resizer\/nJZ_6274B0YOSrJrUIufstbt168=\/992x558\/filters:format(webp):quality(85)\/cloudfront-us-east-1.images.arcpublishing.com\/infobae\/MCZI725JZ5BQBOKM54AVSFT4AU.jpg 992w,https:\/\/www.infobae.com\/new-resizer\/sGIz2THnBvG92nDNC8GBLTqmVMY=\/1200x675\/filters:format(webp):quality(85)\/cloudfront-us-east-1.images.arcpublishing.com\/infobae\/MCZI725JZ5BQBOKM54AVSFT4AU.jpg 1200w,https:\/\/www.infobae.com\/new-resizer\/YHQv8I4BsTrQBNnjXFBIdOqqDRU=\/1440x810\/filters:format(webp):quality(85)\/cloudfront-us-east-1.images.arcpublishing.com\/infobae\/MCZI725JZ5BQBOKM54AVSFT4AU.jpg 1440w\" alt=\"Manuel Quintana viajaba en su carruaje hacia la Rosada cuando a la altura de la Plaza San Mart\u00edn atentaron contra su vida. (Wikipedia)\" width=\"1920\" height=\"1080\" \/>Manuel Quintana viajaba en su carruaje hacia la Rosada cuando a la altura de la Plaza San Mart\u00edn atentaron contra su vida. (Wikipedia)<\/div>\n<p class=\"paragraph\"><b>Quintana<\/b>\u00a0sigui\u00f3 viaje y, por un problema con uno de los caballos, debi\u00f3 cambiar de carruaje y lleg\u00f3 sin problemas a Casa de Gobierno.\u00a0<b>Planas<\/b>\u00a0asegur\u00f3 trabajar solo y planeaba matar al presidente para que asumiera otro con m\u00e1s sensibilidad social, especialmente hacia la clase trabajadora.<\/p>\n<p class=\"paragraph\">La defensa quiso hacerlo pasar por un desequilibrado y estar desesperado por su apremiante situaci\u00f3n econ\u00f3mica. Fue condenado por tentativa de homicidio a trece a\u00f1os y cuatro meses de prisi\u00f3n. Finalmente se le redujo la pena a 10 a\u00f1os, pero no cumplir\u00eda la pena.\u00a0<mark class=\"hl_yellow\">En 1911 fue uno de los presos que se escaparon de la Penintenciar\u00eda Nacional por un t\u00fanel. Nunca lo encontraron.<\/mark><\/p>\n<p class=\"paragraph\"><b>Jos\u00e9 Figueroa Alcorta<\/b><\/p>\n<p class=\"paragraph\"><b>Manuel Quintana\u00a0<\/b>falleci\u00f3 en el ejercicio de su cargo el 12 de marzo de 1906. Lo sucedi\u00f3 su vice,\u00a0<b>Jos\u00e9 Figueroa Alcorta<\/b>\u00a0y le toc\u00f3 un delicado clima pol\u00edtico, con un tira y afloje con el Congreso por la aprobaci\u00f3n del presupuesto y por intervenciones a provincias.\u00a0<b>Viv\u00eda en Tucum\u00e1n 848, y el domicilio era vigilado porque ya le hab\u00edan mandado un paquete con frutas que conten\u00eda una bomba casera<\/b>.<\/p>\n<p class=\"paragraph\"><mark class=\"hl_yellow\">El 28 de febrero, pasadas las seis de la tarde, el presidente regresaba a su domicilio. Al bajar del carruaje, un hombre se le acerc\u00f3 y le tir\u00f3 a los pies un paquete envuelto en papel de diario, que comenz\u00f3 a humear. Figueroa Alcorta lo alej\u00f3, pate\u00e1ndolo e ingres\u00f3 a su casa, como si nada.<\/mark><\/p>\n<div class=\"visual__image\"><img loading=\"lazy\" decoding=\"async\" class=\"\" src=\"https:\/\/cloudfront-us-east-1.images.arcpublishing.com\/infobae\/FHWXASWF2ZB75MUGXTFVYZ7LYA.jpg\" sizes=\"auto, (min-width: 800px) 50vw, 90vw\" srcset=\"https:\/\/www.infobae.com\/new-resizer\/sP744Cj0r89T8NDbOL0uz3EkltQ=\/420x236\/filters:format(webp):quality(85)\/cloudfront-us-east-1.images.arcpublishing.com\/infobae\/FHWXASWF2ZB75MUGXTFVYZ7LYA.jpg 420w,https:\/\/www.infobae.com\/new-resizer\/9uBWbq8YErbPBan9wY37uK4GtIE=\/768x432\/filters:format(webp):quality(85)\/cloudfront-us-east-1.images.arcpublishing.com\/infobae\/FHWXASWF2ZB75MUGXTFVYZ7LYA.jpg 768w,https:\/\/www.infobae.com\/new-resizer\/HeP0AHdYAQKGUOrSQaJTwG1uzYg=\/992x558\/filters:format(webp):quality(85)\/cloudfront-us-east-1.images.arcpublishing.com\/infobae\/FHWXASWF2ZB75MUGXTFVYZ7LYA.jpg 992w,https:\/\/www.infobae.com\/new-resizer\/7_Pxs99pbYhf1ORaXKG48yrjrxE=\/1200x675\/filters:format(webp):quality(85)\/cloudfront-us-east-1.images.arcpublishing.com\/infobae\/FHWXASWF2ZB75MUGXTFVYZ7LYA.jpg 1200w,https:\/\/www.infobae.com\/new-resizer\/aI6jV1ura8sksuB1N8iy8NmPIkQ=\/1440x810\/filters:format(webp):quality(85)\/cloudfront-us-east-1.images.arcpublishing.com\/infobae\/FHWXASWF2ZB75MUGXTFVYZ7LYA.jpg 1440w\" alt=\"Jos\u00e9 Figueroa Alcorta, el \u00fanico presidente que tambi\u00e9n fue presidente de la Corte Suprema de Justicia, ya esta alerta. Un mal funcionamiento de la bomba que le arrojaron salv\u00f3 su vida\" width=\"750\" height=\"422\" \/>Jos\u00e9 Figueroa Alcorta, el \u00fanico presidente que tambi\u00e9n fue presidente de la Corte Suprema de Justicia, ya esta alerta. Un mal funcionamiento de la bomba que le arrojaron salv\u00f3 su vida<\/div>\n<p class=\"paragraph\">Su custodia corri\u00f3 al hombre y lo redujo. Se llamaba\u00a0<b>Francisco Solano Rejis,<\/b>\u00a0de 21 a\u00f1os y en la pieza que alquilaba encontraron elementos para fabricar una bomba. La que hab\u00eda preparado ten\u00eda clavos, vidrios y pedazos de hierro. Fue condenado a 20 a\u00f1os de c\u00e1rcel.\u00a0<b>Se terminar\u00eda escapando con Planas, de quien se hab\u00eda hecho amigo.<\/b><\/p>\n<p class=\"paragraph\"><b>Victorino de la Plaza<\/b><\/p>\n<p class=\"paragraph\">Fue un mal a\u00f1o para\u00a0<b>Victorino de la Plaza<\/b>, quien hab\u00eda asumido la primera magistratura el 9 de agosto de 1914 por la muerte de\u00a0<b>Roque S\u00e1enz Pe\u00f1a<\/b>. En pocos meses deb\u00eda entregar el poder a\u00a0<b>Hip\u00f3lito Yrigoyen\u00a0<\/b>y se ven\u00edan los festejos por los 100 a\u00f1os de la declaraci\u00f3n de la independencia.\u00a0<b>Hab\u00eda pedido que el acta original fuese exhibida y ah\u00ed se dieron cuenta que ese valioso documento hab\u00eda desaparecido.<\/b><\/p>\n<p class=\"paragraph\">El 9 de julio fue el d\u00eda de los principales festejos, con desfile y con una plaza colmad\u00edsima. Entre la multitud, un hombre armado aguard\u00f3 en las escalinatas de la Catedral el paso del carruaje presidencial,\u00a0<b>pero no se anim\u00f3 a actuar.<\/b><\/p>\n<p class=\"paragraph\"><mark class=\"hl_yellow\">El presidente estaba con su gabinete e invitados especiales en el balc\u00f3n del primer piso. Ya el desfile llegaba a su fin cuando desde una columna sali\u00f3 un hombre que sac\u00f3 un rev\u00f3lver y sin detener su marcha, dispar\u00f3, sin punter\u00eda, contra el balc\u00f3n.<\/mark><\/p>\n<div class=\"visual__image\"><img loading=\"lazy\" decoding=\"async\" class=\"\" src=\"https:\/\/cloudfront-us-east-1.images.arcpublishing.com\/infobae\/UCH5K55TRNDYFADT2G5PQUA4N4.jpg\" sizes=\"auto, (min-width: 800px) 50vw, 90vw\" srcset=\"https:\/\/www.infobae.com\/new-resizer\/5PJUwhpfAcO7TcZhMI9UU_T-NXc=\/420x630\/filters:format(webp):quality(85)\/cloudfront-us-east-1.images.arcpublishing.com\/infobae\/UCH5K55TRNDYFADT2G5PQUA4N4.jpg 420w,https:\/\/www.infobae.com\/new-resizer\/DFuvpnHubi2V-9z8liro5AIyqa8=\/768x1152\/filters:format(webp):quality(85)\/cloudfront-us-east-1.images.arcpublishing.com\/infobae\/UCH5K55TRNDYFADT2G5PQUA4N4.jpg 768w,https:\/\/www.infobae.com\/new-resizer\/0BgWwptSGFbihKlzg4RJngu3QaA=\/992x1488\/filters:format(webp):quality(85)\/cloudfront-us-east-1.images.arcpublishing.com\/infobae\/UCH5K55TRNDYFADT2G5PQUA4N4.jpg 992w,https:\/\/www.infobae.com\/new-resizer\/Kl5kCNNaxPsaRZ9olCDaggJjBYY=\/1200x1800\/filters:format(webp):quality(85)\/cloudfront-us-east-1.images.arcpublishing.com\/infobae\/UCH5K55TRNDYFADT2G5PQUA4N4.jpg 1200w\" alt=\"El a\u00f1o que atentaron contra Victorino de la Plaza fue el \u00faltimo de su presidencia. En octubre le entregar\u00eda la banda a Hip\u00f3lito Yrigoyen\" width=\"1920\" height=\"3043\" \/>El a\u00f1o que atentaron contra Victorino de la Plaza fue el \u00faltimo de su presidencia. En octubre le entregar\u00eda la banda a Hip\u00f3lito Yrigoyen<\/div>\n<p class=\"paragraph\">La gente y la polic\u00eda se abalanzaron sobre \u00e9l. Los primeros lo golpearon y lo desarmaron. Se llamaba\u00a0<b>Juan Mandrini<\/b>, de 24 a\u00f1os, y como los casos anteriores, quer\u00eda vengar las injusticias que viv\u00eda el pa\u00eds. Fue un largo proceso donde la defensa intent\u00f3 hacerlo pasar por un desequilibrado. Logr\u00f3 que la causa se recaratulase como disparo de un arma y se lo conden\u00f3 a un a\u00f1o y cuatro meses.\u00a0<b>Se lo dieron por cumplida y qued\u00f3 libre.<\/b><\/p>\n<p class=\"paragraph\">El siguiente blanco ser\u00eda el radical<b>\u00a0Hip\u00f3lito Yrigoyen<\/b>. Fue el 24 de diciembre de 1929 cerca del mediod\u00eda. El presidente sali\u00f3 en su auto, conducido por<b>\u00a0Eudosio Giffi<\/b>. Acompa\u00f1aban a Yrigoyen el m\u00e9dico\u00a0<b>Osvaldo Meabe<\/b>\u00a0y el comisario\u00a0<b>Alfredo Piccia Bonelli\u00a0<\/b>como custodia. Iban a la Casa de Gobierno.<\/p>\n<p class=\"paragraph\">Sali\u00f3 de su casa, en la calle Brasil 1039 y se dirigi\u00f3 hacia el este. A una cuadra un hombre se cruz\u00f3 y efectu\u00f3 cinco disparos con un rev\u00f3lver calibre 32.\u00a0<b>Yrigoyen\u00a0<\/b>se alarm\u00f3, y pregunt\u00f3 qu\u00e9 eran esos ruidos.\u00a0<b>\u201cSon tiros, se\u00f1or presidente\u201d<\/b>, le respondi\u00f3\u00a0<b>Meabe<\/b>.<\/p>\n<p class=\"paragraph\">La custodia repeli\u00f3 el ataque y el agresor fue muerto. Su nombre era\u00a0<b>Gualterio Marinelli<\/b>, un italiano que trabajaba en un taller, muy cerca de donde hab\u00eda ocurrido el hecho. El comisario de la custodia result\u00f3 herido en el abdomen.<\/p>\n<div class=\"visual__image\"><img loading=\"lazy\" decoding=\"async\" class=\"\" src=\"https:\/\/cloudfront-us-east-1.images.arcpublishing.com\/infobae\/J5CSJIJ5URGX3AGQPZFYWQYFMQ.jpg\" sizes=\"auto, (min-width: 800px) 50vw, 90vw\" srcset=\"https:\/\/www.infobae.com\/new-resizer\/5jq07jGO3AAAIekCrCOd2mbKa2Q=\/420x280\/filters:format(webp):quality(85)\/cloudfront-us-east-1.images.arcpublishing.com\/infobae\/J5CSJIJ5URGX3AGQPZFYWQYFMQ.jpg 420w,https:\/\/www.infobae.com\/new-resizer\/QGwh69nX9N-SdFwQiD3WCJvMRmY=\/768x512\/filters:format(webp):quality(85)\/cloudfront-us-east-1.images.arcpublishing.com\/infobae\/J5CSJIJ5URGX3AGQPZFYWQYFMQ.jpg 768w,https:\/\/www.infobae.com\/new-resizer\/6rRr75Tse612ADe4DeLLv07O0DE=\/992x661\/filters:format(webp):quality(85)\/cloudfront-us-east-1.images.arcpublishing.com\/infobae\/J5CSJIJ5URGX3AGQPZFYWQYFMQ.jpg 992w,https:\/\/www.infobae.com\/new-resizer\/-RKR_rdgniuNmn4xru5sZP42uzo=\/1200x800\/filters:format(webp):quality(85)\/cloudfront-us-east-1.images.arcpublishing.com\/infobae\/J5CSJIJ5URGX3AGQPZFYWQYFMQ.jpg 1200w,https:\/\/www.infobae.com\/new-resizer\/Q3Xdjkj9v2RufnL2avWJRNF3gPk=\/1440x960\/filters:format(webp):quality(85)\/cloudfront-us-east-1.images.arcpublishing.com\/infobae\/J5CSJIJ5URGX3AGQPZFYWQYFMQ.jpg 1440w\" alt=\"Hip\u00f3lito Yrigoyen sali\u00f3 de su casa, en el barrio de Constituci\u00f3n y su auto fue baleado. El agresor result\u00f3 muerto\" width=\"1920\" height=\"1276\" \/>Hip\u00f3lito Yrigoyen sali\u00f3 de su casa, en el barrio de Constituci\u00f3n y su auto fue baleado. El agresor result\u00f3 muerto<\/div>\n<p class=\"paragraph\">El 15 de abril de 1953 la CGT organiz\u00f3 un acto multitudinario en Plaza de Mayo en apoyo al presidente\u00a0<b>Juan Domingo Per\u00f3n<\/b>\u00a0y a su pol\u00edtica econ\u00f3mica, en momentos en que la inflaci\u00f3n era incontrolable y hab\u00eda una ola de clausuras contra almacenes y mercados de barrio, acusados de remarcar.\u00a0<b>Per\u00f3n<\/b>\u00a0avis\u00f3 que si era necesario har\u00eda controlar con el ej\u00e9rcito \u201cy a culatazos\u201d har\u00eda cumplir a los comerciantes.\u00a0<mark class=\"hl_yellow\">En medio de los discursos, estallaron dos explosivos , la primera en el bar del Hotel Mayo y la segunda en la boca del subterr\u00e1neo A. Hubo cinco muertos y 93 heridos. Cuando la gente pidi\u00f3 \u201cle\u00f1a\u201d a los gritos, el presidente les pregunt\u00f3 por qu\u00e9 no empezaban ellos a darla. El hecho desencaden\u00f3 un espiral de violencia con incendios de las sedes del Jockey Club y de locales partidarios del socialismo y radicalismo.<\/mark><\/p>\n<p class=\"paragraph\">El 16 de junio de 1955, cuando aviones de la Fuerza A\u00e9rea y de la Aviaci\u00f3n Naval bombardearon la Plaza de Mayo, el blanco era la Casa Rosada y el presidente\u00a0<b>Per\u00f3n<\/b>.\u00a0<b>Murieron 364 civiles inocentes y hubo m\u00e1s de mil heridos.<\/b>\u00a0El primer mandatario estaba a resguardo en el Ministerio de Guerra.<\/p>\n<div class=\"visual__image\"><img loading=\"lazy\" decoding=\"async\" class=\"\" src=\"https:\/\/cloudfront-us-east-1.images.arcpublishing.com\/infobae\/VHKBWJGLNBCX3MSUFUYK6SXAJM.jpg\" sizes=\"auto, (min-width: 800px) 50vw, 90vw\" srcset=\"https:\/\/www.infobae.com\/new-resizer\/N3W6On_BU1SY6Hhdk2q9_0NTLss=\/420x315\/filters:format(webp):quality(85)\/cloudfront-us-east-1.images.arcpublishing.com\/infobae\/VHKBWJGLNBCX3MSUFUYK6SXAJM.jpg 420w,https:\/\/www.infobae.com\/new-resizer\/rKlhmfF7_gR65aXA9GgF_nz3fkI=\/768x576\/filters:format(webp):quality(85)\/cloudfront-us-east-1.images.arcpublishing.com\/infobae\/VHKBWJGLNBCX3MSUFUYK6SXAJM.jpg 768w,https:\/\/www.infobae.com\/new-resizer\/hzOGMaZ0Hr9HEWsSDJGlXe0bh_U=\/992x744\/filters:format(webp):quality(85)\/cloudfront-us-east-1.images.arcpublishing.com\/infobae\/VHKBWJGLNBCX3MSUFUYK6SXAJM.jpg 992w,https:\/\/www.infobae.com\/new-resizer\/E2pX5eCW4wPiBS6VutoP3PQ3100=\/1200x900\/filters:format(webp):quality(85)\/cloudfront-us-east-1.images.arcpublishing.com\/infobae\/VHKBWJGLNBCX3MSUFUYK6SXAJM.jpg 1200w,https:\/\/www.infobae.com\/new-resizer\/Ai8vSUUbn7PQGo8bXZoPouxAK08=\/1440x1080\/filters:format(webp):quality(85)\/cloudfront-us-east-1.images.arcpublishing.com\/infobae\/VHKBWJGLNBCX3MSUFUYK6SXAJM.jpg 1440w\" alt=\"Los atentados de Plaza de Mayo dejaron un saldo de 5 muertos, casi un centenar de heridos, y da\u00f1os en la estaci\u00f3n del Subte A\" width=\"533\" height=\"420\" \/>Los atentados de Plaza de Mayo dejaron un saldo de 5 muertos, casi un centenar de heridos, y da\u00f1os en la estaci\u00f3n del Subte A<\/div>\n<p class=\"paragraph\">Otro presidente radical sufrir\u00eda un atentado. Fue\u00a0<b>Ra\u00fal Alfons\u00edn\u00a0<\/b>cuando estaba en pleno acto en la ciudad de San Nicol\u00e1s. Era el s\u00e1bado 23 de febrero de 1991, y era de noche. De pronto, entre la concurrencia alguien dispar\u00f3 un rev\u00f3lver calibre 32 largo, y\u00a0<b>Daniel Tardivo<\/b>, uno de sus custodios, se le tir\u00f3 encima y lo cubri\u00f3, mientras otro lograba detener al agresor,\u00a0<b>Ismael Dar\u00edo Abdal\u00e1<\/b>, de 29 a\u00f1os, una persona de quien se dijo que ten\u00eda severos trastornos.<\/p>\n<p class=\"paragraph\">Pasado el momento de confusi\u00f3n \u2013y a pesar de la conmoci\u00f3n que hab\u00eda causado el atentado\u2013\u00a0<b>Alfons\u00edn<\/b>\u00a0se acomod\u00f3 las ropas, tom\u00f3 el micr\u00f3fono y sigui\u00f3 hablando. Casi que estaba acostumbrado, porque el 19 de mayo de 1986, en una visita al Tercer Cuerpo de Ej\u00e9rcito hab\u00edan descubierto una bala de mortero oculta en una alcantarilla por donde deb\u00eda pasar el autom\u00f3vil presidencial.<\/p>\n<p class=\"paragraph\">Estos son, en una resumida s\u00edntesis, algunos de los atentados que sufrieron los presidentes en nuestro pa\u00eds, todos incalificables, repudiables y condenables. Como todo tipo de violencia.<\/p>\n<p class=\"paragraph\">Fuentes: Araceli Bellota &#8211; Aurelia V\u00e9lez, la amante de Sarmiento; Felix Luna \u2013 Julio A. Roca; Manuel G\u00e1lvez \u2013 Vida de Hip\u00f3lito Yrigoyen; Adolfo E. Rodr\u00edguez \u2013 El peligroso oficio de presidente \u2013 Revista Todo es Historia a\u00f1o II n\u00b0 18; Hugo Gambini \u2013 Historia del Peronismo; Revista Caras y Caretas.<\/p>\n","protected":false},"excerpt":{"rendered":"<p>Sarmiento fue el primer presidente, luego de 1853, que fue blanco de un atentado. El plan tom\u00f3 forma en una mesa de un bar de La Boca, donde\u00a0Aquiles Segabrugo, un italiano de 38 a\u00f1os, le propuso a\u00a0Francisco G\u00fcerri, a\u00a0Pedro G\u00fcerri\u00a0-si bien coincid\u00edan en el apellido no eran parientes- y a\u00a0Luis Casimir, alias \u201cEva\u201d, un marinero, [&hellip;]<\/p>\n","protected":false},"author":2,"featured_media":7186,"comment_status":"closed","ping_status":"closed","sticky":false,"template":"","format":"standard","meta":{"footnotes":""},"categories":[79],"tags":[],"class_list":{"0":"post-7185","1":"post","2":"type-post","3":"status-publish","4":"format-standard","5":"has-post-thumbnail","7":"category-politica"},"_links":{"self":[{"href":"https:\/\/radiobitacora.com.ar\/web\/wp-json\/wp\/v2\/posts\/7185","targetHints":{"allow":["GET"]}}],"collection":[{"href":"https:\/\/radiobitacora.com.ar\/web\/wp-json\/wp\/v2\/posts"}],"about":[{"href":"https:\/\/radiobitacora.com.ar\/web\/wp-json\/wp\/v2\/types\/post"}],"author":[{"embeddable":true,"href":"https:\/\/radiobitacora.com.ar\/web\/wp-json\/wp\/v2\/users\/2"}],"replies":[{"embeddable":true,"href":"https:\/\/radiobitacora.com.ar\/web\/wp-json\/wp\/v2\/comments?post=7185"}],"version-history":[{"count":0,"href":"https:\/\/radiobitacora.com.ar\/web\/wp-json\/wp\/v2\/posts\/7185\/revisions"}],"wp:featuredmedia":[{"embeddable":true,"href":"https:\/\/radiobitacora.com.ar\/web\/wp-json\/wp\/v2\/media\/7186"}],"wp:attachment":[{"href":"https:\/\/radiobitacora.com.ar\/web\/wp-json\/wp\/v2\/media?parent=7185"}],"wp:term":[{"taxonomy":"category","embeddable":true,"href":"https:\/\/radiobitacora.com.ar\/web\/wp-json\/wp\/v2\/categories?post=7185"},{"taxonomy":"post_tag","embeddable":true,"href":"https:\/\/radiobitacora.com.ar\/web\/wp-json\/wp\/v2\/tags?post=7185"}],"curies":[{"name":"wp","href":"https:\/\/api.w.org\/{rel}","templated":true}]}}