{"id":7188,"date":"2022-09-02T08:31:35","date_gmt":"2022-09-02T11:31:35","guid":{"rendered":"https:\/\/radiobitacora.com.ar\/web\/?p=7188"},"modified":"2022-09-02T08:31:35","modified_gmt":"2022-09-02T11:31:35","slug":"aito-de-la-rua-negocios-amor-y-giro-mistico","status":"publish","type":"post","link":"https:\/\/radiobitacora.com.ar\/web\/2022\/09\/02\/aito-de-la-rua-negocios-amor-y-giro-mistico\/","title":{"rendered":"A\u00edto de la R\u00faa: negocios, amor y giro m\u00edstico"},"content":{"rendered":"<p>Afinales del 2021, los\u00a0<strong>De la R\u00faa\u00a0<\/strong>hicieron una reuni\u00f3n con toda la familia. Estaba\u00a0<strong>In\u00e9s Pertin\u00e9<\/strong>, la viuda de\u00a0<strong>Fernando de la R\u00faa<\/strong>, sus tres hijos, los nietos, los t\u00edos y los sobrinos. El encuentro fue para que el clan ampliado se pusiera al d\u00eda despu\u00e9s de dos a\u00f1os de pandemia y\u00a0<strong>A\u00edto de la R\u00faa<\/strong>, el menor, fue el que m\u00e1s novedades llev\u00f3 a la mesa. Les cont\u00f3 a los suyos sobre sus viajes por el mundo, del recorrido espiritual que hab\u00eda iniciado primero a trav\u00e9s del yoga y despu\u00e9s con distintas terapias alternativas, y de la compa\u00f1\u00eda que hab\u00eda creado para impulsar la investigaci\u00f3n con alucin\u00f3genos. M\u00e1s todav\u00eda, llev\u00f3 como invitada a\u00a0<strong>Calu Rivero\u00a0<\/strong>y formaliz\u00f3 su relaci\u00f3n con la actriz quien, seg\u00fan cuentan allegados, enseguida se llev\u00f3 bien con todos. Por eso, la reciente noticia de su embarazo no hizo m\u00e1s que alegrar al entorno. \u201cEllos est\u00e1n felices. Hace unos meses ya estaban con ganas de buscar, as\u00ed que fue algo previsto\u201d, cuenta un amigo.<\/p>\n<p><strong>A\u00edto y Calu<\/strong>\u00a0hab\u00edan tenido una relaci\u00f3n en el 2008, pero al poco tiempo terminaron. En los a\u00f1os que estuvieron separados, sin embargo, sus b\u00fasquedas personales fueron similares. Los dos se volcaron de lleno al universo m\u00edstico y del autoconocimiento, \u00e1reas en las que encontraron nuevas maneras de vivir y, tambi\u00e9n, oportunidades laborales y econ\u00f3micas.<\/p>\n<p>La actriz, en el \u00faltimo a\u00f1o, dict\u00f3 un\u00a0<strong>taller virtual \u201cpara alcanzar la luz interior\u201d, cuya inscripci\u00f3n rondaba los $15.000<\/strong>, y public\u00f3 el libro \u201c<strong>Abre tus puertas, un m\u00e9todo simple para tu bienestar\u201d<\/strong>. \u00c9l, por su parte, fund\u00f3 la compa\u00f1\u00eda Spinoza, radicada en Uruguay, para impulsar investigaciones en alucin\u00f3genos -y a apoyarlas con financiamiento-. En su sitio, la empresa se presenta como un espacio donde se ofrecen \u201cexperiencias psicod\u00e9licas para la transformaci\u00f3n consciente\u201d. \u201cAprend\u00e9 c\u00f3mo cambiar tu mente y conectate con tu cuerpo\u201d, dice el mensaje de bienvenida.<\/p>\n<p><img decoding=\"async\" src=\"https:\/\/fotos.perfil.com\/\/2022\/08\/29\/900\/0\/aito-de-la-rua-calu-rivero-1409930.jpg\" alt=\"aito de la rua calu rivero\" \/><\/p>\n<h2>A\u00edto m\u00edstico<\/h2>\n<p>La pareja mantiene un bajo perfil y prefiere no hablar con la prensa. Sin embargo, s\u00ed se sienten c\u00f3modos en sus propias redes sociales, donde de manera constante hacen publicaciones vinculadas a sus b\u00fasquedas espirituales. En su \u00faltima publicaci\u00f3n en Instagram, A\u00edto aparece en una foto con un piluso, de espaldas y tocando un \u00e1rbol gigante: \u201cQu\u00e9 lindo es hablar con los \u00e1rboles. Preguntar, esperar y escuchar en silencio su respuesta. Telepat\u00eda, dicen. Imagin\u00e9 que era un cuento, pero funciona de verdad.\u00a0<strong>Magic is real\u201d,<\/strong>\u00a0escribi\u00f3.<\/p>\n<p>En su perfil, lo m\u00edstico se combina con lo cient\u00edfico. De hecho, en otra de sus publicaciones aparece como voluntario de un proyecto llamado\u00a0<strong>\u201cFungi &amp; Mind Evolution\u201d<\/strong>, liderado por el neurocient\u00edfico argentino e investigador del Conicet, Enzo Tagliazucchi.<\/p>\n<p>\u201cDurante los \u00faltimos dos a\u00f1os, hemos estado apoyando a Enzo en su b\u00fasqueda para recopilar los datos necesarios para respaldar nuestras nociones intuitivas. Es por eso que siempre estamos felices de ayudar. No solo financieramente, sino tambi\u00e9n con contribuciones pr\u00e1cticas. Y as\u00ed, uno de nuestros fundadores, A\u00edto de la R\u00faa, se ofreci\u00f3 amablemente como voluntario para participar personalmente e incluso dejarnos echar un vistazo al funcionamiento de su cerebro a trav\u00e9s de resonancias magn\u00e9ticas\u201d, escribieron desde la compa\u00f1\u00eda Spinoza.<\/p>\n<p><img decoding=\"async\" src=\"https:\/\/fotos.perfil.com\/\/2022\/08\/26\/900\/0\/aito-y-calu-1408559.jpeg\" alt=\"Aito y calu\" \/><\/p>\n<p>Lo natural y lo m\u00e1gico es una constante en el feed de A\u00edto, que reflexiona sobre la importancia de conectar con lo simple -siempre en ingl\u00e9s y, en la mayor\u00eda de los casos, con post de sus viajes ex\u00f3ticos por el mundo-.<\/p>\n<p>Lisboa, Amsterdam, el Sawyer Lake de Estados Unidos, Sri Lanka, el desierto de Sahara y las Islas Baleares son solo algunos de los destinos que recorri\u00f3 antes de que comenzara la pandemia. En alguno de esos lugares le agradeci\u00f3 al sol y en otros se reprogram\u00f3 con las estrellas. Sus conocidos lo definen como un \u201ctrotamundo\u201d y cuentan que, desde que comenz\u00f3 la pandemia, se instal\u00f3 en Uruguay, aunque nadie sabe si se quedar\u00e1 de forma permanente.<\/p>\n<div class=\"media noticia-relacionada row\">\n<div class=\"banner-related flex-shrink-1\">\n<div id=\"eplAdDiv320x50x1\" class=\"ads-space text-center\" data-id=\"320x50x1\" data-w=\"320\" data-h=\"50\" data-loaded=\"true\" data-reload=\"false\"><\/div>\n<\/div>\n<\/div>\n<h2>La influencia en A\u00edto<\/h2>\n<p>En el feed de A\u00edto, la \u00a0presencia de su padre es constante. En cada ocasi\u00f3n importante, en un aniversario o en las fiestas, lo recuerda con una foto y un mensaje. El 9 de julio del 2021, A\u00edto le agradeci\u00f3 la influencia que lo llev\u00f3 a incursionar en el mundo alucin\u00f3geno y, finalmente, a crear su empresa: \u201cMe dijiste un d\u00eda sentados al atardecer mientras habl\u00e1bamos de Dios que leyese a Spinoza. Te pregunt\u00e9 qui\u00e9n era y respondiste:\u00a0<strong>\u2018Einstein cre\u00eda en el Dios de Spinoza\u2019. Hoy se cumplen 2 a\u00f1os de tu partida y aqu\u00ed estoy en Holanda<\/strong>, ciudad natal de este gran fil\u00f3sofo, record\u00e1ndote feliz junto a su figura. Tu consejo me llev\u00f3 a investigar su idea de Dios en la Naturaleza y sincr\u00f3nicamente hoy, d\u00eda de la patria y de tu aniversario, es tambi\u00e9n el d\u00eda en que doy inicio a una nueva idea inspirada en aquella tarde de filosof\u00eda que abri\u00f3 puertas a una nueva percepci\u00f3n. Gracias, father\u201d.<\/p>\n<p><strong>En camino a ser padre junto con Calu, los amigos de A\u00edto\u00a0<\/strong>repiten que \u00e9l est\u00e1 feliz. Cuando se conoci\u00f3 la noticia, la actriz public\u00f3 una foto con la palabra de la mitologr\u00eda griega &#8220;Kair\u00f3s&#8221;, que se traduce como &#8220;momento adecuado y oportuno&#8221;. En ese momento parecen estar.<\/p>\n","protected":false},"excerpt":{"rendered":"<p>Afinales del 2021, los\u00a0De la R\u00faa\u00a0hicieron una reuni\u00f3n con toda la familia. Estaba\u00a0In\u00e9s Pertin\u00e9, la viuda de\u00a0Fernando de la R\u00faa, sus tres hijos, los nietos, los t\u00edos y los sobrinos. El encuentro fue para que el clan ampliado se pusiera al d\u00eda despu\u00e9s de dos a\u00f1os de pandemia y\u00a0A\u00edto de la R\u00faa, el menor, fue [&hellip;]<\/p>\n","protected":false},"author":2,"featured_media":7189,"comment_status":"closed","ping_status":"closed","sticky":false,"template":"","format":"standard","meta":{"footnotes":""},"categories":[86],"tags":[],"class_list":{"0":"post-7188","1":"post","2":"type-post","3":"status-publish","4":"format-standard","5":"has-post-thumbnail","7":"category-sociedad"},"_links":{"self":[{"href":"https:\/\/radiobitacora.com.ar\/web\/wp-json\/wp\/v2\/posts\/7188","targetHints":{"allow":["GET"]}}],"collection":[{"href":"https:\/\/radiobitacora.com.ar\/web\/wp-json\/wp\/v2\/posts"}],"about":[{"href":"https:\/\/radiobitacora.com.ar\/web\/wp-json\/wp\/v2\/types\/post"}],"author":[{"embeddable":true,"href":"https:\/\/radiobitacora.com.ar\/web\/wp-json\/wp\/v2\/users\/2"}],"replies":[{"embeddable":true,"href":"https:\/\/radiobitacora.com.ar\/web\/wp-json\/wp\/v2\/comments?post=7188"}],"version-history":[{"count":0,"href":"https:\/\/radiobitacora.com.ar\/web\/wp-json\/wp\/v2\/posts\/7188\/revisions"}],"wp:featuredmedia":[{"embeddable":true,"href":"https:\/\/radiobitacora.com.ar\/web\/wp-json\/wp\/v2\/media\/7189"}],"wp:attachment":[{"href":"https:\/\/radiobitacora.com.ar\/web\/wp-json\/wp\/v2\/media?parent=7188"}],"wp:term":[{"taxonomy":"category","embeddable":true,"href":"https:\/\/radiobitacora.com.ar\/web\/wp-json\/wp\/v2\/categories?post=7188"},{"taxonomy":"post_tag","embeddable":true,"href":"https:\/\/radiobitacora.com.ar\/web\/wp-json\/wp\/v2\/tags?post=7188"}],"curies":[{"name":"wp","href":"https:\/\/api.w.org\/{rel}","templated":true}]}}