{"id":7222,"date":"2022-09-03T07:57:36","date_gmt":"2022-09-03T10:57:36","guid":{"rendered":"https:\/\/radiobitacora.com.ar\/web\/?p=7222"},"modified":"2022-09-03T07:57:36","modified_gmt":"2022-09-03T10:57:36","slug":"cristina-kirchner-declaro-en-la-causa-por-el-intento-de-asesinato-no-se-dio-cuenta-que-le-habian-gatillado-en-la-cara","status":"publish","type":"post","link":"https:\/\/radiobitacora.com.ar\/web\/2022\/09\/03\/cristina-kirchner-declaro-en-la-causa-por-el-intento-de-asesinato-no-se-dio-cuenta-que-le-habian-gatillado-en-la-cara\/","title":{"rendered":"Cristina Kirchner declar\u00f3 en la causa por el intento de asesinato: no se dio cuenta que le hab\u00edan gatillado en la cara"},"content":{"rendered":"<p class=\"paragraph\">La vicepresidenta de la Naci\u00f3n,\u00a0<b>Cristina Kirchner,<\/b>\u00a0declar\u00f3 ayer por la tarde en la causa que investiga\u00a0<a href=\"https:\/\/www.infobae.com\/politica\/2022\/09\/02\/video-el-momento-en-el-que-un-hombre-disparo-frente-a-cristina-kirchner\/\" target=\"_blank\" rel=\"noopener\">el intento de asesinato en su contra<\/a>, y ante la jueza\u00a0<b>Mar\u00eda Eugenia Capuchetti\u00a0<\/b>y el fiscal\u00a0<b>Carlos R\u00edvolo\u00a0<\/b>dijo que en el momento del atentado no se dio cuenta que le hab\u00edan gatillado con un arma.<\/p>\n<p class=\"paragraph\">Seg\u00fan pudo saber<b>\u00a0Infobae<\/b>, CFK declar\u00f3 que reci\u00e9n despu\u00e9s lo supo y tom\u00f3 conciencia del hecho.\u00a0<mark class=\"hl_yellow\"><b>\u201cEn el momento no se dio cuenta lo que estaba pasando\u201d<\/b><\/mark>, resumi\u00f3 una fuente judicial. La testimonial se hizo ayer al mediod\u00eda en el living de su departamento del barrio de Recoleta y estuvo sola con Capuchetti, R\u00edvolo y los secretarios del juzgado y la fiscal\u00eda. En la casa tambi\u00e9n estaban<b>,\u00a0<\/b>aunque no presentes en la declaraci\u00f3n, el viceministro de Justicia<b>, Juan Mart\u00edn Mena,<\/b>\u00a0los custodios de la ex mandataria y dos agentes de la Polic\u00eda Federal.<\/p>\n<p class=\"paragraph\">La Vicepresidenta no hizo referencias pol\u00edticas en su declaraci\u00f3n. Relat\u00f3 como fueron los hechos. Tambi\u00e9n cont\u00f3 que cuando se agacha en el momento que se acerca el arma fue para buscar un libro con el que despu\u00e9s se ve que se levanta. El fiscal R\u00edvolo le dijo a Cristina Kirchner que ten\u00eda a su disposici\u00f3n la\u00a0<b>Direcci\u00f3n General de Acompa\u00f1amiento, Orientaci\u00f3n y Protecci\u00f3n a las V\u00edctimas\u00a0<\/b>(DOVIC) de la Procuraci\u00f3n General de la Naci\u00f3n. La titular del Senado no contest\u00f3 por el momento si la iba a utilizar y tampoco solicit\u00f3 ser parte querellante del expediente, lo que le permitir\u00eda ser parte de la causa.<\/p>\n<p class=\"paragraph\">La declaraci\u00f3n de Cristina Kirchner fue uno de los puntos salientes del d\u00eda de ayer en la investigaci\u00f3n. El segundo fue la indagatoria de<b>\u00a0Fernando Sabag Montiel<\/b>, el acusado de haber querido matar a la vicepresidenta.\u00a0<a href=\"https:\/\/www.infobae.com\/politica\/2022\/09\/02\/la-jueza-capuchetti-y-el-fiscal-rivolo-indagan-al-hombre-que-ataco-a-cristina-kirchner\/\" target=\"_blank\" rel=\"noopener\">Sabag Montiel se neg\u00f3 a declarar.\u00a0<\/a>La jueza Capuchetti y el fiscal R\u00edvolo se trasladaron a las 18:45 desde los tribunales de Comodoro Py hasta la dependencia policial de la calle Cavia 3300, donde est\u00e1 detenido.<\/p>\n<p class=\"paragraph\">Sabag Montiel, despu\u00e9s de escuchar la acusaci\u00f3n, se neg\u00f3 a declarar. Solo dijo que quiere ver toda la prueba que hay en la causa.\u00a0<mark class=\"hl_yellow\">\u201cEstaba tranquilo, sin una expresi\u00f3n en particular\u201d<\/mark>, dijo una de las pocas personas que presenci\u00f3 la indagatoria. La jueza y el fiscal le preguntaron por<b>\u00a0un moret\u00f3n que tiene en la cara<\/b>. Dijo que se lo produjeron los militantes el jueves a la noche, cuando lo detuvieron. El acusado declar\u00f3 luego que los m\u00e9dicos legistas informaron que estaba en condiciones de hacerlo.<\/p>\n<p class=\"paragraph\">De 35 a\u00f1os, nacido en Brasil y nacionalizado argentino, Sabag Montiel seguir\u00e1 detenido por el momento en la sede policial de Cavia y todav\u00eda no pasar\u00e1 a una c\u00e1rcel federal. Su abogado, el defensor oficial\u00a0<b>Juan Mart\u00edn Hermida<\/b>, todav\u00eda no hizo ning\u00fan pedido ni presentaci\u00f3n en la causa, le dijeron a este medio fuentes judiciales.<\/p>\n<p class=\"paragraph\">Tras la indagatoria, la jueza Capuchetti tiene ahora 10 d\u00edas para resolver si lo procesa, algo que se descuenta que ocurrir\u00e1. La imputaci\u00f3n es por el delito de tentativa de homicidio agravado.<\/p>\n<div class=\"visual__image\"><img loading=\"lazy\" decoding=\"async\" class=\"\" src=\"https:\/\/cloudfront-us-east-1.images.arcpublishing.com\/infobae\/AA7QMWPMXZBOLCH6PR6L7PQEMI.jpg\" sizes=\"auto, (min-width: 800px) 50vw, 90vw\" srcset=\"https:\/\/www.infobae.com\/new-resizer\/OUZvXVkC2dB-F9aNtRQWn5H63SI=\/420x236\/filters:format(webp):quality(85)\/cloudfront-us-east-1.images.arcpublishing.com\/infobae\/AA7QMWPMXZBOLCH6PR6L7PQEMI.jpg 420w,https:\/\/www.infobae.com\/new-resizer\/Lp9CwvqWSteK2lyW9xOTrCufO34=\/768x432\/filters:format(webp):quality(85)\/cloudfront-us-east-1.images.arcpublishing.com\/infobae\/AA7QMWPMXZBOLCH6PR6L7PQEMI.jpg 768w,https:\/\/www.infobae.com\/new-resizer\/D2j5vAEtLtaS8l5BRyUQnXYCN7M=\/992x558\/filters:format(webp):quality(85)\/cloudfront-us-east-1.images.arcpublishing.com\/infobae\/AA7QMWPMXZBOLCH6PR6L7PQEMI.jpg 992w,https:\/\/www.infobae.com\/new-resizer\/qWcmvgaz1C5y8ufn69GRs1UMXbM=\/1200x675\/filters:format(webp):quality(85)\/cloudfront-us-east-1.images.arcpublishing.com\/infobae\/AA7QMWPMXZBOLCH6PR6L7PQEMI.jpg 1200w,https:\/\/www.infobae.com\/new-resizer\/0mUnP2AGS7-VkS7CEcoTjq_hio0=\/1440x810\/filters:format(webp):quality(85)\/cloudfront-us-east-1.images.arcpublishing.com\/infobae\/AA7QMWPMXZBOLCH6PR6L7PQEMI.jpg 1440w\" alt=\"El fiscal R\u00edvolo al llegar a la indagatoria del acusado (Foto: Luciano Gonzalez)\" width=\"1920\" height=\"1080\" \/>El fiscal R\u00edvolo al llegar a la indagatoria del acusado (Foto: Luciano Gonzalez)<\/div>\n<p class=\"paragraph\">La investigaci\u00f3n se centrar\u00e1 ahora en dilucidar si Sabag Montiel actu\u00f3 solo, por pedido de alguien o en grupo.\u00a0<mark class=\"hl_yellow\">\u201cTodas las hip\u00f3tesis est\u00e1n sobre la mesa, no se descarta ninguna\u201d<\/mark>, se\u00f1al\u00f3 ante\u00a0<b>Infobae\u00a0<\/b>uno de los investigadores. Para determinar eso hay varias medidas de prueba en marcha.<\/p>\n<p class=\"paragraph\">Una de ellas es el an\u00e1lisis del contenido del celular del acusado y de una tablet que se secuestr\u00f3 en su casa. Tambi\u00e9n las c\u00e1maras de seguridad aleda\u00f1as a la casa de Cristina Kirchner. Los investigadores quieren reconstruir el recorrido de Sabag Montiel:\u00a0<b>c\u00f3mo lleg\u00f3 al lugar, qu\u00e9 camino hizo, si fue solo o acompa\u00f1ado, si entre los militantes que el jueves a la noche esperaban a Cristina Kichner hab\u00eda m\u00e1s personas que pod\u00edan llegar a agredirla.<\/b><\/p>\n<p class=\"paragraph\">En la causa judicial ya se tomaron 24 declaraciones testimoniales. Adem\u00e1s de Cristina Kirchner lo hicieron militantes e integrantes de la custodia de la vicepresidenta. Sobre la custodia la justicia pondr\u00e1 la mira: forman parte de la investigaci\u00f3n. Por lo que algunos podr\u00edan pasar a ser acusados. \u00bfBajo qu\u00e9 acusaci\u00f3n los investigan?\u00a0<mark class=\"hl_yellow\">\u201cAc\u00e1 tambi\u00e9n todas las hip\u00f3tesis est\u00e1n abiertas\u201d,\u00a0<\/mark>se\u00f1al\u00f3 con reserva uno de los investigadores. Desde que pudieron ser c\u00f3mplices de Sabag Montiel hasta que fueron negligentes en el cuidado de la vicepresidenta porque permitieron que una persona con un arma llegue a cent\u00edmetros de ella.<\/p>\n<p class=\"paragraph\">El expediente judicial tiene 24 horas y ya tiene 10 cuerpos.\u00a0<b>Eso son 2000 hojas<\/b>. En esa causa tambi\u00e9n se est\u00e1 realizando un perfil econ\u00f3mico y virtual (en base a sus posteos en redes sociales) del detenido.<\/p>\n<p class=\"paragraph\"><a href=\"https:\/\/www.infobae.com\/sociedad\/policiales\/2022\/09\/02\/continua-la-pericia-al-arma-con-la-que-tedi-intento-matar-a-cristina-kirchner-y-hay-expectativa-por-la-indagatoria\/\" target=\"_blank\" rel=\"noopener\"><b>El peritaje sobre el arma<\/b><\/a>, una Bersa calibre 32, determin\u00f3 que es apta para el disparo y que fue utilizada hace poco. Tambi\u00e9n que ten\u00eda cinco balas en el cargador y ninguna en la rec\u00e1mara, por lo que no se dispar\u00f3 cuando Sabag Montiel gatill\u00f3. Las balas que estaban en el arma tambi\u00e9n estaban para ser disparadas.<\/p>\n<p class=\"paragraph\">La investigaci\u00f3n seguir\u00e1 durante este fin de semana con la b\u00fasqueda de m\u00e1s informaci\u00f3n y los resultados de las medidas de prueba,<\/p>\n","protected":false},"excerpt":{"rendered":"<p>La vicepresidenta de la Naci\u00f3n,\u00a0Cristina Kirchner,\u00a0declar\u00f3 ayer por la tarde en la causa que investiga\u00a0el intento de asesinato en su contra, y ante la jueza\u00a0Mar\u00eda Eugenia Capuchetti\u00a0y el fiscal\u00a0Carlos R\u00edvolo\u00a0dijo que en el momento del atentado no se dio cuenta que le hab\u00edan gatillado con un arma. Seg\u00fan pudo saber\u00a0Infobae, CFK declar\u00f3 que reci\u00e9n despu\u00e9s [&hellip;]<\/p>\n","protected":false},"author":2,"featured_media":7223,"comment_status":"closed","ping_status":"closed","sticky":false,"template":"","format":"standard","meta":{"footnotes":""},"categories":[79],"tags":[],"class_list":{"0":"post-7222","1":"post","2":"type-post","3":"status-publish","4":"format-standard","5":"has-post-thumbnail","7":"category-politica"},"_links":{"self":[{"href":"https:\/\/radiobitacora.com.ar\/web\/wp-json\/wp\/v2\/posts\/7222","targetHints":{"allow":["GET"]}}],"collection":[{"href":"https:\/\/radiobitacora.com.ar\/web\/wp-json\/wp\/v2\/posts"}],"about":[{"href":"https:\/\/radiobitacora.com.ar\/web\/wp-json\/wp\/v2\/types\/post"}],"author":[{"embeddable":true,"href":"https:\/\/radiobitacora.com.ar\/web\/wp-json\/wp\/v2\/users\/2"}],"replies":[{"embeddable":true,"href":"https:\/\/radiobitacora.com.ar\/web\/wp-json\/wp\/v2\/comments?post=7222"}],"version-history":[{"count":0,"href":"https:\/\/radiobitacora.com.ar\/web\/wp-json\/wp\/v2\/posts\/7222\/revisions"}],"wp:featuredmedia":[{"embeddable":true,"href":"https:\/\/radiobitacora.com.ar\/web\/wp-json\/wp\/v2\/media\/7223"}],"wp:attachment":[{"href":"https:\/\/radiobitacora.com.ar\/web\/wp-json\/wp\/v2\/media?parent=7222"}],"wp:term":[{"taxonomy":"category","embeddable":true,"href":"https:\/\/radiobitacora.com.ar\/web\/wp-json\/wp\/v2\/categories?post=7222"},{"taxonomy":"post_tag","embeddable":true,"href":"https:\/\/radiobitacora.com.ar\/web\/wp-json\/wp\/v2\/tags?post=7222"}],"curies":[{"name":"wp","href":"https:\/\/api.w.org\/{rel}","templated":true}]}}