{"id":7225,"date":"2022-09-03T08:04:53","date_gmt":"2022-09-03T11:04:53","guid":{"rendered":"https:\/\/radiobitacora.com.ar\/web\/?p=7225"},"modified":"2022-09-03T08:04:53","modified_gmt":"2022-09-03T11:04:53","slug":"la-historia-intima-de-tedi-el-acusado-de-intentar-matar-a-cristina-kirchner","status":"publish","type":"post","link":"https:\/\/radiobitacora.com.ar\/web\/2022\/09\/03\/la-historia-intima-de-tedi-el-acusado-de-intentar-matar-a-cristina-kirchner\/","title":{"rendered":"La historia \u00edntima de \u201cTedi\u201d, el acusado de intentar matar a Cristina Kirchner"},"content":{"rendered":"<p class=\"paragraph\">Quienes frecuentaron a Fernando Andr\u00e9 Sabag Montiel a\u00f1os atr\u00e1s saltaron de sus sillas ayer jueves por la noche.\u00a0<a href=\"https:\/\/www.infobae.com\/sociedad\/policiales\/2022\/09\/02\/el-antecedente-del-hombre-acusado-de-matar-a-cristina-kirchner\/\" target=\"_blank\" rel=\"noopener\"><b>No todos los d\u00edas un viejo conocido intenta matar de un tiro en la cara a la vicepresidenta de la Naci\u00f3n.<\/b><\/a>\u00a0Lo conoc\u00edan por su viejo apodo, \u201cTedi\u201d, un chico de Villa del Parque que viv\u00eda con su padre, Fernando, en su casa de la calle Terrada. Y en medio del caos, rememoraron.<\/p>\n<p class=\"paragraph\">Diez a\u00f1os atr\u00e1s,<b>\u00a0\u201cTedi\u201d Sabag Montiel frecuentaba el circuito de bandas death metal<\/b>, una variante extrema del heavy, m\u00e1s oscura, revulsiva, acelerada, con seguidores particularmente pac\u00edficos y agradables, tambi\u00e9n segu\u00eda a grupos del sonido n\u00fc metal.\u00a0<b>No era m\u00fasico, no ten\u00eda una banda, aunque acumulaba miles de d\u00f3lares en guitarras y amplificadores en su habitaci\u00f3n, con marcas como Ampeg, Marshall, Orange y Mesa Boogie.\u00a0<\/b>Segu\u00eda a ciertas bandas locales, tambi\u00e9n era devoto del grupo hungaro Ektomorf.<\/p>\n<p class=\"paragraph\">En ese circuito, tambi\u00e9n entre sus conocidos, \u201cTedi\u201d se volv\u00eda una presencia inc\u00f3moda.\u00a0<b>Les relataba sus supuestas experiencias paranormales con l\u00e1grimas en los ojos, les mostraba la piel de gallina al hablar.\u00a0<\/b>Insist\u00eda con viajar a Uruguay, dec\u00eda que all\u00ed la pasar\u00edan genial, que ten\u00eda departamento y d\u00f3lares.<mark class=\"hl_yellow\">\u00a0<b>En los recitales, se paraba en medio de las ruedas fren\u00e9ticas de pogo, en medio del torbellino, con la mirada perdida.<\/b><\/mark><\/p>\n<p class=\"paragraph\"><mark class=\"hl_yellow\"><b>\u201cMe daba escalofr\u00edos\u201d, dice alguien que lo conoci\u00f3 y lo ve\u00eda con asiduidad.<\/b><\/mark><\/p>\n<div class=\"visual__image\"><img loading=\"lazy\" decoding=\"async\" class=\"\" src=\"https:\/\/cloudfront-us-east-1.images.arcpublishing.com\/infobae\/ECTJFDU3WZF6NISIWBJVO57C3U.jpg\" sizes=\"auto, (min-width: 800px) 50vw, 90vw\" srcset=\"https:\/\/www.infobae.com\/new-resizer\/oH3Cn206mcBf_B9EwfOqSpfuTDg=\/420x315\/filters:format(webp):quality(85)\/cloudfront-us-east-1.images.arcpublishing.com\/infobae\/ECTJFDU3WZF6NISIWBJVO57C3U.jpg 420w,https:\/\/www.infobae.com\/new-resizer\/WZ4DHAwoT2e1aOQ_Vb5gsaINdzM=\/768x576\/filters:format(webp):quality(85)\/cloudfront-us-east-1.images.arcpublishing.com\/infobae\/ECTJFDU3WZF6NISIWBJVO57C3U.jpg 768w,https:\/\/www.infobae.com\/new-resizer\/_eb8qZLrbolEjl7W66o8j7LzWKQ=\/992x744\/filters:format(webp):quality(85)\/cloudfront-us-east-1.images.arcpublishing.com\/infobae\/ECTJFDU3WZF6NISIWBJVO57C3U.jpg 992w,https:\/\/www.infobae.com\/new-resizer\/MKs435Wk1EMktuBqnbRLWwi7zNA=\/1200x900\/filters:format(webp):quality(85)\/cloudfront-us-east-1.images.arcpublishing.com\/infobae\/ECTJFDU3WZF6NISIWBJVO57C3U.jpg 1200w,https:\/\/www.infobae.com\/new-resizer\/8-bDwJNgQqgCYF-KZ1NHjEmvk7U=\/1440x1080\/filters:format(webp):quality(85)\/cloudfront-us-east-1.images.arcpublishing.com\/infobae\/ECTJFDU3WZF6NISIWBJVO57C3U.jpg 1440w\" alt=\"El certificado de nacimiento de Sabag Montiel.\" width=\"689\" height=\"510\" \/>El certificado de nacimiento de Sabag Montiel.<\/div>\n<p class=\"paragraph\">Sus posteos con<b>\u00a0mensajes insensatos en redes sociales<\/b>\u00a0eran constantes, casi como\u00a0<b>sus cambios de imagen y estilo<\/b>, entre camisas y anillos, o, m\u00e1s recientemente, con tatuajes con s\u00edmbolos tomados de la est\u00e9tica del nazismo esot\u00e9rico, algo que sorprendi\u00f3 a sus viejos conocidos,\u00a0<b>porque nadie lo ten\u00eda por nazi. \u201cEra un freak, pero mal\u201d<\/b>, recuerda otro habitu\u00e9.<\/p>\n<p class=\"paragraph\">Su salud mental era un punto en la conversaci\u00f3n sobre \u00e9l. Si ten\u00eda un diagn\u00f3stico psiqui\u00e1trico, nadie pod\u00eda precisarlo. \u201cTedi\u201d presentaba un solo frente, o diferentes variaciones de su frente, una historia contada a trav\u00e9s de selfies, en un entorno que aumentaba su distancia cada vez m\u00e1s.\u00a0<mark class=\"hl_yellow\"><b>Su madre, Viviana, que se dedicaba a vender ropa y viv\u00eda con \u00e9l en la calle Terrada, falleci\u00f3 en 2017, a causa de problemas respiratorios.\u00a0<\/b><\/mark>\u201cTedi\u201d se present\u00f3 como su \u00fanico heredero en el Juzgado Civil N\u00b048. Iba por su patrimonio, un viejo Peugeot.<\/p>\n<div class=\"visual__image\"><img loading=\"lazy\" decoding=\"async\" class=\"\" src=\"https:\/\/cloudfront-us-east-1.images.arcpublishing.com\/infobae\/5PKN2YBFWZHFNG3FYKAUGOGB6A.jpeg\" sizes=\"auto, (min-width: 800px) 50vw, 90vw\" srcset=\"https:\/\/www.infobae.com\/new-resizer\/IaOt578TBAB3FBOK8vPyg9XCj58=\/420x560\/filters:format(webp):quality(85)\/cloudfront-us-east-1.images.arcpublishing.com\/infobae\/5PKN2YBFWZHFNG3FYKAUGOGB6A.jpeg 420w,https:\/\/www.infobae.com\/new-resizer\/MCvN2yc2GWjebHHSxIziecm3d0M=\/768x1024\/filters:format(webp):quality(85)\/cloudfront-us-east-1.images.arcpublishing.com\/infobae\/5PKN2YBFWZHFNG3FYKAUGOGB6A.jpeg 768w,https:\/\/www.infobae.com\/new-resizer\/vBJZr9N_Spqc0wGRUgiJi0tPRhw=\/992x1323\/filters:format(webp):quality(85)\/cloudfront-us-east-1.images.arcpublishing.com\/infobae\/5PKN2YBFWZHFNG3FYKAUGOGB6A.jpeg 992w,https:\/\/www.infobae.com\/new-resizer\/gDZ9zZFtIjjC-_Z3Qrn2kqofiN4=\/1200x1600\/filters:format(webp):quality(85)\/cloudfront-us-east-1.images.arcpublishing.com\/infobae\/5PKN2YBFWZHFNG3FYKAUGOGB6A.jpeg 1200w\" alt=\"Sabag Montiel, en uno de sus tantos cambios de look.\" width=\"1023\" height=\"1280\" \/>Sabag Montiel, en uno de sus tantos cambios de look.<\/div>\n<p class=\"paragraph\">Ten\u00eda varias costumbres, dicen quienes lo conocieron. Sol\u00eda proponer negocios que eran \u201cun delirio\u201d,\u00a0<b>o esperar a m\u00fasicos famosos a la salida de hoteles.\u00a0<\/b>En marzo de este a\u00f1o, poste\u00f3 un video donde intentaba una selfie con Taylor Hawkins, baterista de Foo Fighters, una semana antes de su muerte.\u00a0<mark class=\"hl_yellow\"><b>\u201cV\u00eddeo con Taylor Hawkings de Foo Fighters una semana antes de morir, me siento la parca muy fuerte conocer a alguien antes de su muerte\u201d<\/b><\/mark>, poste\u00f3 en Instagram.<\/p>\n<p class=\"paragraph\">A fines de agosto, \u201cTedi\u201d tuvo sus cinco minutos de pol\u00e9mica en\u00a0<i>Cr\u00f3nica TV.\u00a0<\/i>Acompa\u00f1aba a una joven que dec\u00eda ser su novia, mientras vend\u00eda algodones de az\u00facar. La joven dec\u00eda que ya no cobraba planes sociales,<b>\u00a0que no estaba a favor, porque era \u201cfomentar la vagancia\u201d<\/b>. En Facebook, en su muro, relat\u00f3\u00a0<b>sus enfrentamientos con \u201clas mafias de coperos peruanos\u201d<\/b>, vendedores de algod\u00f3n de az\u00facar sumamente territoriales. Habl\u00f3 de sus peleas a golpe de pu\u00f1o con ellos.<\/p>\n<p class=\"paragraph\">\u201cLa plata no se hace m\u00e1gicamente, sino laburando\u201d, dijo. \u201cNo avalamos la discriminaci\u00f3n y justificamos a los extranjeros que trabajan se levantan temprano para atender una verduler\u00eda y por eso tiene 4&#215;4 y camionetas porque trabajan y se lo merecen pero no<b>\u00a0estamos de acuerdo con gente que viene de afuera a ocupar una villa y vivir gratis\u00a0<\/b>y a vivir de planes sin trabajar y venden droga, habr\u00eda que extraditarlos\u201d, complet\u00f3 luego.<\/p>\n<p class=\"paragraph\">\u201cTedi\u201d nunca tuvo un trabajo en blanco.\u00a0<mark class=\"hl_yellow\"><b>\u201cHac\u00eda tramoyas\u201d, recuerda un viejo contacto suyo, sin saber definir los ingresos de Sabag Montiel.\u00a0<\/b><\/mark>En los \u00faltimos tiempos, se hab\u00eda mudado a un monoambiente que alquilaba en San Mart\u00edn, sobre la calle Uriburu. Ten\u00eda una excelente relaci\u00f3n con el propietario, sin conflictos. Seg\u00fan vecinos,\u00a0<b>\u201cTedi\u201d era due\u00f1o de tres taxis que trabajaban en la Ciudad.<\/b><\/p>\n<div class=\"visual__image\"><img loading=\"lazy\" decoding=\"async\" class=\"\" src=\"https:\/\/cloudfront-us-east-1.images.arcpublishing.com\/infobae\/CZGF5H5BWVAYND6QHVLIAIKJ5A.jpeg\" sizes=\"auto, (min-width: 800px) 50vw, 90vw\" srcset=\"https:\/\/www.infobae.com\/new-resizer\/ESiLHTxmSQ8S09aoF0LtucUpYbQ=\/420x236\/filters:format(webp):quality(85)\/cloudfront-us-east-1.images.arcpublishing.com\/infobae\/CZGF5H5BWVAYND6QHVLIAIKJ5A.jpeg 420w,https:\/\/www.infobae.com\/new-resizer\/xT6hKzNjZ8KSZWmnEgbUVchIU3s=\/768x432\/filters:format(webp):quality(85)\/cloudfront-us-east-1.images.arcpublishing.com\/infobae\/CZGF5H5BWVAYND6QHVLIAIKJ5A.jpeg 768w,https:\/\/www.infobae.com\/new-resizer\/Yq302ZC5G9XwXJsnghPd12t-jX4=\/992x558\/filters:format(webp):quality(85)\/cloudfront-us-east-1.images.arcpublishing.com\/infobae\/CZGF5H5BWVAYND6QHVLIAIKJ5A.jpeg 992w,https:\/\/www.infobae.com\/new-resizer\/ckY-dpgrBTQ--Ka4R07C6RZerUo=\/1200x675\/filters:format(webp):quality(85)\/cloudfront-us-east-1.images.arcpublishing.com\/infobae\/CZGF5H5BWVAYND6QHVLIAIKJ5A.jpeg 1200w,https:\/\/www.infobae.com\/new-resizer\/9r6qUFB40bgdOMmUKP8rIhpzbWE=\/1440x810\/filters:format(webp):quality(85)\/cloudfront-us-east-1.images.arcpublishing.com\/infobae\/CZGF5H5BWVAYND6QHVLIAIKJ5A.jpeg 1440w\" alt=\"El arma incautada a Sabag Montiel en Recoleta.\" width=\"1920\" height=\"1080\" \/>El arma incautada a Sabag Montiel en Recoleta.<\/div>\n<p class=\"paragraph\">Hubo un episodio en particular. El 17 de marzo de 2021, seg\u00fan confirmaron fuentes policiales, un polic\u00eda porte\u00f1o de la Comisar\u00eda 15A relat\u00f3 c\u00f3mo intercept\u00f3 un Chevrolet Prisma negro en su recorrido, sin patente trasera y con los vidrios delanteros bajos.\u00a0<b>All\u00ed se present\u00f3 Sabag Montiel, que dijo ser empleado de una empresa telef\u00f3nica. Explic\u00f3 que la patente le faltaba debido a un choque ocurrido d\u00edas antes.\u00a0<\/b>Decidi\u00f3 abrir el auto.<b>\u00a0Al abrir una de las puertas, se cay\u00f3 del veh\u00edculo un cuchillo de 35 cent\u00edmetros de largo.<\/b><\/p>\n<p class=\"paragraph\">As\u00ed, se le labr\u00f3 un acta contravencional con intervenci\u00f3n de la Fiscal\u00eda N\u00b08 del fuero y se le secuestr\u00f3 el arma,\u00a0<b>un hombre con un cuchillo largo en su auto.<\/b><\/p>\n<p class=\"paragraph\"><a href=\"https:\/\/www.infobae.com\/sociedad\/policiales\/2022\/09\/02\/el-antecedente-del-hombre-acusado-de-matar-a-cristina-kirchner\/\" target=\"_blank\" rel=\"noopener\"><b>La causa fue archivada poco despu\u00e9s. La fiscal\u00eda afirm\u00f3 que el caso \u201cno revest\u00eda entidad\u201d.\u00a0<\/b><\/a><mark class=\"hl_yellow\"><b>Pero andar con un cuchillo largo e intentar un magnicidio son dos cosas distintas.<\/b><\/mark><\/p>\n<div class=\"visual__image\"><img loading=\"lazy\" decoding=\"async\" class=\"\" src=\"https:\/\/cloudfront-us-east-1.images.arcpublishing.com\/infobae\/TEQJ7QJMDFELFPIVONWSUFPXXA.jpg\" sizes=\"auto, (min-width: 800px) 50vw, 90vw\" srcset=\"https:\/\/www.infobae.com\/new-resizer\/E1ah9p0YlerqssF2aDX9SQsXZAY=\/420x560\/filters:format(webp):quality(85)\/cloudfront-us-east-1.images.arcpublishing.com\/infobae\/TEQJ7QJMDFELFPIVONWSUFPXXA.jpg 420w,https:\/\/www.infobae.com\/new-resizer\/cn5GGzEpTMjlTEiyjDvodBhVD2w=\/768x1024\/filters:format(webp):quality(85)\/cloudfront-us-east-1.images.arcpublishing.com\/infobae\/TEQJ7QJMDFELFPIVONWSUFPXXA.jpg 768w,https:\/\/www.infobae.com\/new-resizer\/Lj-WkzxhwXqyToTsaR0fzRwCbT0=\/992x1323\/filters:format(webp):quality(85)\/cloudfront-us-east-1.images.arcpublishing.com\/infobae\/TEQJ7QJMDFELFPIVONWSUFPXXA.jpg 992w,https:\/\/www.infobae.com\/new-resizer\/-ZpJd1_h6v5KzwSjW3wQBQV3Q9Y=\/1200x1600\/filters:format(webp):quality(85)\/cloudfront-us-east-1.images.arcpublishing.com\/infobae\/TEQJ7QJMDFELFPIVONWSUFPXXA.jpg 1200w\" alt=\"Sabag Montiel, otro look.\" width=\"1920\" height=\"2188\" \/>Sabag Montiel, otro look.<\/div>\n<p class=\"paragraph\">El destino inmediato de Sabag Montiel queda por definirse, con\u00a0<mark class=\"hl_yellow\"><b>estudios de abogados que tocan el timbre en su domicilio de Villa del Parque en busca de representarlo<\/b><\/mark>\u00a0y<b>\u00a0una causa a cargo de la jueza federal Mar\u00eda Eugenia Capuchetti.\u00a0<\/b>Tras su detenci\u00f3n, fue trasladado a una celda de la dependencia de la calle Cavia de la PFA<b>.\u00a0<\/b>El arma que llev\u00f3 a Juncal y Uruguay, con la que le gatill\u00f3 a Cristina Fern\u00e1ndez de Kirchner en la cara,\u00a0<b>una pistola Bersa calibre .380 con el n\u00famero parcialmente limado<\/b>, es otro punto en la historia.<\/p>\n<p class=\"paragraph\">Ten\u00eda balas reales, cinco en total, en un cargador con capacidad para 15 y otra en la rec\u00e1mara.\u00a0<mark class=\"hl_yellow\"><b>Qu\u00e9 ocurri\u00f3, por qu\u00e9 no salieron los tiros, es algo que deber\u00e1 esclarecer una pericia bal\u00edstica: una sospecha de expertos indica que el acusado no accion\u00f3 la corredera antes de gatillar.<\/b><\/mark><\/p>\n<p class=\"paragraph\">Una primera versi\u00f3n que proviene tambi\u00e9n de altas fuentes en organismos de seguridad afirma que la pistola<b>\u00a0era apta para el disparo.<\/b><\/p>\n<p class=\"paragraph\">La PFA tambi\u00e9n allan\u00f3 el monoambiente de San Mart\u00edn donde viv\u00eda actualmente.<b>\u00a0Un vecino lo delat\u00f3 en la comisar\u00eda del barrio al ver su cara en televisi\u00f3n.\u00a0<\/b>Le encontraron 1<a href=\"https:\/\/www.infobae.com\/politica\/2022\/09\/02\/hallaron-100-balas-en-la-casa-del-hombre-que-intento-asesinar-a-cristina-kirchner\/\" target=\"_blank\" rel=\"noopener\"><b>00 balas repartidas en dos cajas, seg\u00fan fuentes del expediente.<\/b><\/a><\/p>\n","protected":false},"excerpt":{"rendered":"<p>Quienes frecuentaron a Fernando Andr\u00e9 Sabag Montiel a\u00f1os atr\u00e1s saltaron de sus sillas ayer jueves por la noche.\u00a0No todos los d\u00edas un viejo conocido intenta matar de un tiro en la cara a la vicepresidenta de la Naci\u00f3n.\u00a0Lo conoc\u00edan por su viejo apodo, \u201cTedi\u201d, un chico de Villa del Parque que viv\u00eda con su padre, [&hellip;]<\/p>\n","protected":false},"author":2,"featured_media":7226,"comment_status":"closed","ping_status":"closed","sticky":false,"template":"","format":"standard","meta":{"footnotes":""},"categories":[79],"tags":[],"class_list":{"0":"post-7225","1":"post","2":"type-post","3":"status-publish","4":"format-standard","5":"has-post-thumbnail","7":"category-politica"},"_links":{"self":[{"href":"https:\/\/radiobitacora.com.ar\/web\/wp-json\/wp\/v2\/posts\/7225","targetHints":{"allow":["GET"]}}],"collection":[{"href":"https:\/\/radiobitacora.com.ar\/web\/wp-json\/wp\/v2\/posts"}],"about":[{"href":"https:\/\/radiobitacora.com.ar\/web\/wp-json\/wp\/v2\/types\/post"}],"author":[{"embeddable":true,"href":"https:\/\/radiobitacora.com.ar\/web\/wp-json\/wp\/v2\/users\/2"}],"replies":[{"embeddable":true,"href":"https:\/\/radiobitacora.com.ar\/web\/wp-json\/wp\/v2\/comments?post=7225"}],"version-history":[{"count":0,"href":"https:\/\/radiobitacora.com.ar\/web\/wp-json\/wp\/v2\/posts\/7225\/revisions"}],"wp:featuredmedia":[{"embeddable":true,"href":"https:\/\/radiobitacora.com.ar\/web\/wp-json\/wp\/v2\/media\/7226"}],"wp:attachment":[{"href":"https:\/\/radiobitacora.com.ar\/web\/wp-json\/wp\/v2\/media?parent=7225"}],"wp:term":[{"taxonomy":"category","embeddable":true,"href":"https:\/\/radiobitacora.com.ar\/web\/wp-json\/wp\/v2\/categories?post=7225"},{"taxonomy":"post_tag","embeddable":true,"href":"https:\/\/radiobitacora.com.ar\/web\/wp-json\/wp\/v2\/tags?post=7225"}],"curies":[{"name":"wp","href":"https:\/\/api.w.org\/{rel}","templated":true}]}}