{"id":7228,"date":"2022-09-03T08:09:14","date_gmt":"2022-09-03T11:09:14","guid":{"rendered":"https:\/\/radiobitacora.com.ar\/web\/?p=7228"},"modified":"2022-09-03T08:09:14","modified_gmt":"2022-09-03T11:09:14","slug":"mas-de-190-politicos-expresaron-su-conmocion-y-condena-por-el-atentado-contra-cristina-kirchner","status":"publish","type":"post","link":"https:\/\/radiobitacora.com.ar\/web\/2022\/09\/03\/mas-de-190-politicos-expresaron-su-conmocion-y-condena-por-el-atentado-contra-cristina-kirchner\/","title":{"rendered":"M\u00e1s de 190 pol\u00edticos expresaron su conmoci\u00f3n y condena por el atentado contra Cristina Kirchner"},"content":{"rendered":"<p class=\"paragraph\">M\u00e1s de\u00a0<b>190 pol\u00edticos<\/b>\u00a0de distintos partidos expresaron\u00a0<b>su conmoci\u00f3n y condena\u00a0<\/b>por atentado contra Cristina Kirchner a trav\u00e9s de un comunicado en que\u00a0<mark class=\"hl_yellow\">adem\u00e1s expresaron que es \u201cimperioso esclarecer lo sucedido\u201d en la noche de ayer con la Vicepresidenta de la Naci\u00f3n.<\/mark><\/p>\n<p class=\"paragraph\">Un total de de\u00a0<b>192 firmantes<\/b>\u00a0<mark class=\"hl_yellow\">(52 del PJ, 50 de la UCR, 42 del PRO, 9 Socialistas, 5 del GEN, 6 de la CC, 5 del FR y 23 de otros partidos)<\/mark>, pol\u00edticos de distintos partidos y provincias que forman parte de\u00a0<b>RAP\u00a0<\/b>(la Asociaci\u00f3n Civil Red de Acci\u00f3n Pol\u00edtica) expresaron este viernes su postura en relaci\u00f3n al hecho que alert\u00f3 al pa\u00eds en las \u00faltimas 24 horas.<\/p>\n<p class=\"paragraph\">\u201cQueremos expresar nuestra profunda\u00a0<b>conmoci\u00f3n\u00a0<\/b>y\u00a0<b>condena\u00a0<\/b>por lo acontecido anoche con la Vicepresidenta de la Naci\u00f3n. Es imperioso esclarecer lo sucedido y a la vez asegurarnos que este tipo de cosas no vuelvan a suceder\u201d, enfatizaron los dirigentes del\u00a0<mark class=\"hl_yellow\">Partido Justicialista, Uni\u00f3n C\u00edvica Radical, PRO, Partido Socialista, GEN, Frente Renovador y otros partidos que integran la Red de Acci\u00f3n Pol\u00edtica.<\/mark><\/p>\n<p class=\"paragraph\">\u201cQui\u00e9nes formamos parte de RAP creemos en la\u00a0<b>Amistad C\u00edvica<\/b>, en construir v\u00ednculos de confianza entre dirigentes de distintos partidos e ideolog\u00edas, para de esa forma poder generar di\u00e1logo y llegar a acuerdos b\u00e1sicos que nos ayuden a encontrar la salida del laberinto en el cual nos metimos hace muchas d\u00e9cadas atr\u00e1s\u201d, expres\u00f3 el texto oficial.<\/p>\n<div class=\"jwplayer-ctn\">\n<div>\n<div id=\"S9OdObGr\" class=\"jwplayer jw-reset jw-state-idle jw-stretch-uniform jw-flag-aspect-mode jw-breakpoint-4 jw-floating-dismissible jw-flag-user-inactive\" tabindex=\"0\" role=\"application\" aria-label=\"Reproductor de Video\" aria-describedby=\"jw-shortcuts-tooltip-explanation\">\n<div class=\"jw-wrapper jw-reset\">\n<div class=\"jw-controls jw-reset\">\n<div class=\"jw-nextup-container jw-reset\">\n<div class=\"jw-nextup jw-background-color jw-reset jw-nextup-thumbnail-visible\"><\/div>\n<\/div>\n<\/div>\n<\/div>\n<\/div>\n<\/div>\n<p>momento donde un hombre saca un arma frente a la vicepresidenta Cristina Kirchner.<\/p><\/div>\n<p class=\"paragraph\">A su vez, el documento complet\u00f3: \u201cOjal\u00e1 tengamos la<b>\u00a0capacidad colectiva de salir de esta l\u00f3gica de amigo\u2013enemigo<\/b>\u00a0<mark class=\"hl_yellow\">y encontrar la armon\u00eda y concordia necesarias para generar los consensos que nos permitan entrar en una senda de fortalecimiento de la democracia y sus instituciones y de convergencia con el desarrollo sustentable e inclusivo<\/mark>\u201d.<\/p>\n<p class=\"paragraph\">Entre otros, el comunicado lleva las firmas de los legisladores Graciela Oca\u00f1a (CABA, Confianza P\u00fablica), Enrique Estevez (Santa Fe, PS), Mayda Cresto (Entre R\u00edos, PJ), Marcela Campagnoli (Buenos Aires, Coalici\u00f3n C\u00edvica), Brenda Austin (C\u00f3rdoba, UCR), Omar De Marchi (Mendoza, PRO) y Paulo Cassinerio (C\u00f3rdoba, PJ).<\/p>\n<p class=\"paragraph\">Desde RAP se\u00f1alaron a\u00a0<b>Infobae<\/b>: \u201cEn este momento tan complejo creemos que desde este espacio, con la pluralidad y diversidad que nos caracteriza, podemos hacer un aporte a la moderaci\u00f3n, la armon\u00eda y la concordia, en el convencimiento que el contexto del pa\u00eds requiere menos confrontaci\u00f3n, m\u00e1s di\u00e1logo y la generaci\u00f3n de acuerdos para tratar de salir de este laberinto en el cual nos hemos metido hace muchas d\u00e9cadas\u201d.<\/p>\n<p class=\"paragraph\"><b>El comunicado completo de RAP<\/b><\/p>\n<div class=\"rawHTML raw_html\">\n<div class=\"container-video\"><iframe loading=\"lazy\" src=\"https:\/\/drive.google.com\/file\/d\/1uilH5mwjU_HdCikAfjDc41mX4pBSzAkY\/preview\" width=\"100%\" height=\"480\" data-mce-fragment=\"1\"><\/iframe><\/div>\n<\/div>\n<p class=\"paragraph\">Minutos pasadas las 16 de este viernes,\u00a0<a href=\"https:\/\/www.infobae.com\/politica\/2022\/09\/02\/las-ultimas-novedades-sobre-el-ataque-a-cristina-kirchner-en-vivo-el-congreso-sesionara-manana-a-las-11\/\" target=\"_blank\" rel=\"noopener\">Cristina Kirchner sali\u00f3 de su domicilio y por primera vez se mostr\u00f3 tras sufrir el ataque ayer por la noche en el barrio de Recoleta<\/a>. En Plaza de Mayo se gener\u00f3 una masiva movilizaci\u00f3n para apoyarla, aunque ella no asisti\u00f3 a la marcha.<\/p>\n<p class=\"paragraph\">Ayer, una persona armada intent\u00f3 asesinar a la Vicepresidenta en la puerta de su casa. El atacante,\u00a0<a href=\"https:\/\/www.infobae.com\/sociedad\/policiales\/2022\/09\/02\/la-historia-intima-de-tedi-el-acusado-de-intentar-matar-a-cristina-kirchner\/\" target=\"_blank\" rel=\"noopener\"><b>un hombre de nacionalidad brasile\u00f1a, fue reducido y detenido inmediatamente<\/b><\/a>. El hecho, que qued\u00f3 registrado en videos impactantes, se produjo minutos despu\u00e9s de las 21 \u2014en la intersecci\u00f3n de las calles Juncal y Uruguay\u2014 y en el momento que la Vicepresidenta regresaba a su departamento luego de cumplir con actividades en el Senado.<\/p>\n<p class=\"paragraph\">Tras el intento de asesinato a CFK, Alberto Fern\u00e1ndez declar\u00f3 feriado nacional para hoy viernes y durante su discurso se\u00f1al\u00f3: \u201cEn el marco de una presencia masiva de personas frente al domicilio de la vicepresidenta, un hombre apunt\u00f3 con un arma de fuego a su cabeza y gatill\u00f3.\u00a0<a href=\"https:\/\/www.infobae.com\/politica\/2022\/09\/02\/tras-el-intento-de-asesinato-a-cristina-kirchner-alberto-fernandez-declaro-feriado-nacional-para-hoy\/\" target=\"_blank\" rel=\"noopener\">Cristina permanece con vida porque, por una raz\u00f3n todav\u00eda no confirmada t\u00e9cnicamente, el arma, que contaba con cinco balas,<\/a>\u00a0no se dispar\u00f3 pese a haber sido gatillada\u201d. Luego, enfatiz\u00f3: \u201cEste hecho es de una enorme gravedad, es el m\u00e1s grave que ha sucedido desde que hemos recuperado nuestra democracia\u201d.<\/p>\n","protected":false},"excerpt":{"rendered":"<p>M\u00e1s de\u00a0190 pol\u00edticos\u00a0de distintos partidos expresaron\u00a0su conmoci\u00f3n y condena\u00a0por atentado contra Cristina Kirchner a trav\u00e9s de un comunicado en que\u00a0adem\u00e1s expresaron que es \u201cimperioso esclarecer lo sucedido\u201d en la noche de ayer con la Vicepresidenta de la Naci\u00f3n. Un total de de\u00a0192 firmantes\u00a0(52 del PJ, 50 de la UCR, 42 del PRO, 9 Socialistas, 5 [&hellip;]<\/p>\n","protected":false},"author":2,"featured_media":7229,"comment_status":"closed","ping_status":"closed","sticky":false,"template":"","format":"standard","meta":{"footnotes":""},"categories":[79],"tags":[],"class_list":{"0":"post-7228","1":"post","2":"type-post","3":"status-publish","4":"format-standard","5":"has-post-thumbnail","7":"category-politica"},"_links":{"self":[{"href":"https:\/\/radiobitacora.com.ar\/web\/wp-json\/wp\/v2\/posts\/7228","targetHints":{"allow":["GET"]}}],"collection":[{"href":"https:\/\/radiobitacora.com.ar\/web\/wp-json\/wp\/v2\/posts"}],"about":[{"href":"https:\/\/radiobitacora.com.ar\/web\/wp-json\/wp\/v2\/types\/post"}],"author":[{"embeddable":true,"href":"https:\/\/radiobitacora.com.ar\/web\/wp-json\/wp\/v2\/users\/2"}],"replies":[{"embeddable":true,"href":"https:\/\/radiobitacora.com.ar\/web\/wp-json\/wp\/v2\/comments?post=7228"}],"version-history":[{"count":0,"href":"https:\/\/radiobitacora.com.ar\/web\/wp-json\/wp\/v2\/posts\/7228\/revisions"}],"wp:featuredmedia":[{"embeddable":true,"href":"https:\/\/radiobitacora.com.ar\/web\/wp-json\/wp\/v2\/media\/7229"}],"wp:attachment":[{"href":"https:\/\/radiobitacora.com.ar\/web\/wp-json\/wp\/v2\/media?parent=7228"}],"wp:term":[{"taxonomy":"category","embeddable":true,"href":"https:\/\/radiobitacora.com.ar\/web\/wp-json\/wp\/v2\/categories?post=7228"},{"taxonomy":"post_tag","embeddable":true,"href":"https:\/\/radiobitacora.com.ar\/web\/wp-json\/wp\/v2\/tags?post=7228"}],"curies":[{"name":"wp","href":"https:\/\/api.w.org\/{rel}","templated":true}]}}