{"id":7231,"date":"2022-09-03T08:14:23","date_gmt":"2022-09-03T11:14:23","guid":{"rendered":"https:\/\/radiobitacora.com.ar\/web\/?p=7231"},"modified":"2022-09-03T08:14:23","modified_gmt":"2022-09-03T11:14:23","slug":"masiva-marcha-en-plaza-de-mayo-en-repudio-al-atentado-a-cristina-kirchner","status":"publish","type":"post","link":"https:\/\/radiobitacora.com.ar\/web\/2022\/09\/03\/masiva-marcha-en-plaza-de-mayo-en-repudio-al-atentado-a-cristina-kirchner\/","title":{"rendered":"Masiva marcha en Plaza de Mayo en repudio al atentado a Cristina Kirchner"},"content":{"rendered":"<section class=\"detail-body first-paragraph\">\n<section id=\"note-body\" class=\"body-content note-body content-protected-false\" data-twitter-link=\"https:\/\/twitter.com\/intent\/tweet?url=https:\/\/www.ambito.com\/c5525199&amp;v\u00eda=Ambitocom&amp;related=\u00e1mbito.com&amp;text=\">Organizaciones sociales, sindicales y pol\u00edticas se\u00a0<a href=\"https:\/\/www.ambito.com\/politica\/atentado-cristina-kirchner\/con-un-llamado-la-reflexion-dirigentes-y-la-unidad-nacional-finalizo-el-acto-apoyo-cristina-n5525817\" target=\"_blank\" rel=\"follow noopener\">manifestaron este viernes<\/a>\u00a0en\u00a0<strong>Plaza de Mayo<\/strong>\u00a0&#8220;en defensa de la democracia&#8221;, para apoyar a la vicepresidenta,\u00a0<strong>Cristina Fern\u00e1ndez de Kirchner<\/strong>, y repudiar el atentado en su contra del jueves por la noche.<\/p>\n<\/section>\n<\/section>\n<section class=\"detail-body second-paragraph\">\n<section class=\"body-content note-body content-protected-false\">La movilizaci\u00f3n, que tuvo una\u00a0<strong>concurrencia multitudinaria<\/strong> en el microcentro porte\u00f1o, concluy\u00f3 con una solicitada expresada por importantes l\u00edderes del pa\u00eds, que se pararon sobre un escenario: &#8220;No es inocente ni gratuita la legitimaci\u00f3n de discursos extremos, de llamados a la agresi\u00f3n, de planteos que niegan legitimidad democr\u00e1tica del adversario pol\u00edtico&#8221;, sostuvieron.<\/p>\n<\/section>\n<\/section>\n<section class=\"related-note-in-body\">\n<article class=\"related-note-in-body-article row align-items-stretch no-gutters  \" data-type=\"article\">\n<div class=\"col\">\n<div class=\"info-wrapper\">\n<h2 class=\"title\"><a title=\"Atentado contra Cristina Kirchner, EN VIVO: \u00faltimas novedades de la investigaci\u00f3n\" href=\"https:\/\/www.ambito.com\/cristina-fernandez-kirchner\/ataque-cristina-kirchner-ultimas-novedades\" target=\"\" rel=\"noopener\">Atentado contra Cristina Kirchner, EN VIVO: \u00faltimas novedades de la investigaci\u00f3n<\/a><\/h2>\n<\/div>\n<\/div>\n<\/article>\n<\/section>\n<section class=\"detail-body\">\n<section class=\"body-content note-body content-protected-false\">&#8220;No hay manera de relativizar ni minimizar un intento de magnicidio. La solidaridad y el repudio de dirigentes de toda Am\u00e9rica Latina, de los EE.UU., de Europa y del papa Francisco, muestran que el mundo comprende cabalmente la gravedad de lo ocurrido&#8221;, a\u00f1adieron.<\/p>\n<h2>C\u00f3mo fue la manifestaci\u00f3n en Plaza de Mayo<\/h2>\n<p>Con el lema<strong>\u00a0&#8220;Con la bandera a defender la democracia&#8221;<\/strong>, el<strong>\u00a0Frente de Todos<\/strong>\u00a0(FdT) se moviliz\u00f3 desde las 12 en la Avenida de Mayo y 9 de Julio, en el centro porte\u00f1o, para marchar hacia la<strong>\u00a0<a class=\"agrupador\" href=\"https:\/\/www.ambito.com\/plaza-mayo-a5124277\" rel=\"5124277\">Plaza de Mayo<\/a><\/strong>.<\/p>\n<div id=\"7694962-1863901318_wrap\" class=\"embed_cont type_video\" contenteditable=\"false\">\n<div id=\"7694962-1863901318_content\" class=\"embed_content\">\n<div id=\"7694962-1863901318_embed\">\n<div id=\"mediaPlayer_7694962-1863901318\"><iframe loading=\"lazy\" src=\"https:\/\/www.ambito.com\/services\/embed.php?idAdjunto=7694962&amp;idAdjuntoTamano=&amp;width=622&amp;height=351&amp;tipo=video\" width=\"622\" height=\"351\" frameborder=\"0\" scrolling=\"no\" allowfullscreen=\"allowfullscreen\" data-td-src-property=\"https:\/\/www.ambito.com\/services\/embed.php?idAdjunto=7694962&amp;idAdjuntoTamano=&amp;width=622&amp;height=351&amp;tipo=video\" data-mce-fragment=\"1\"><\/iframe><\/div>\n<\/div>\n<\/div>\n<\/div>\n<p>Con\u00a0<strong>bombos, pancartas y trompetas<\/strong>, otras organizaciones sindicales, nucleadas en la\u00a0<strong>CGT\u00a0<\/strong>y\u00a0<strong>CTA<\/strong>, y otros movimientos sociales como la\u00a0<strong>CCC<\/strong>, el\u00a0<strong>Movimiento Barrios de Pie<\/strong>,\u00a0<strong>Somos Patria<\/strong>,<strong>\u00a0Peronismo Militante<\/strong>\u00a0y<strong>\u00a0Jubilados Unidos y<\/strong>\u00a0<strong>Organizados<\/strong>, se concentraban sobre la Avenida 9 de Julio y su intersecci\u00f3n con Independencia y con la Avenida Belgrano.<\/p>\n<p>&#8220;Ya estamos concentrando en el Obelisco, nos estamos movilizando en todo el pa\u00eds para defender a Cristina (Fern\u00e1ndez de Kirchner) y para defender la democracia. Lo que paso ayer fue\u00a0<strong>producto del odio y la violencia<\/strong>, y hay que decirlo con mucha contundencia:\u00a0<strong>nunca m\u00e1s<\/strong>&#8220;, dijo a T\u00e9lam\u00a0<strong>Carina L\u00f3pez Monja<\/strong>, dirigente del\u00a0<strong>Frente Popular<\/strong>\u00a0<strong>Dar\u00edo Santill\u00e1n<\/strong>.<\/p>\n<div id=\"7695008-Libre-1241497006_wrap\" class=\"embed_cont type_imagen\" contenteditable=\"false\">\n<div id=\"7695008-Libre-1241497006_content\" class=\"embed_content\"><img decoding=\"async\" id=\"7695008-Libre-1241497006_embed\" src=\"https:\/\/media.ambito.com\/p\/ae9cb179ecdcad49cde28725060833f7\/adjuntos\/239\/imagenes\/040\/122\/0040122505\/730x0\/smart\/plaza-3jpeg.jpeg\" alt=\"\" width=\"730\" height=\"\" data-td-src-property=\"https:\/\/media.ambito.com\/p\/ae9cb179ecdcad49cde28725060833f7\/adjuntos\/239\/imagenes\/040\/122\/0040122505\/730x0\/smart\/plaza-3jpeg.jpeg\" \/><\/div>\n<\/div>\n<p>Durante las \u00faltimas horas, y luego de que el presidente\u00a0<strong>Alberto Fern\u00e1ndez<\/strong>\u00a0dispusiera para este viernes una jornada de feriado nacional, varias organizaciones sociales y pol\u00edticas convocaron a movilizarse en distintos puntos del pa\u00eds.<\/p>\n<p>Desde el\u00a0<strong>Partido Justicialista\u00a0<\/strong>(PJ) llamaron a marchar en la Plaza de Mayo y en las plazas de todo el pa\u00eds\u00a0<strong>&#8220;en solidaridad con Cristina y en defensa de la vida y de la democracia&#8221;<\/strong>.<\/p>\n<div id=\"7695007-Libre-523846510_wrap\" class=\"embed_cont type_imagen\" contenteditable=\"false\">\n<div id=\"7695007-Libre-523846510_content\" class=\"embed_content\"><img decoding=\"async\" id=\"7695007-Libre-523846510_embed\" src=\"https:\/\/media.ambito.com\/p\/737dfba2b62f08a7036c70f975aa02dc\/adjuntos\/239\/imagenes\/040\/122\/0040122504\/730x0\/smart\/plaza-2jpeg.jpeg\" alt=\"\" width=\"730\" height=\"\" data-td-src-property=\"https:\/\/media.ambito.com\/p\/737dfba2b62f08a7036c70f975aa02dc\/adjuntos\/239\/imagenes\/040\/122\/0040122504\/730x0\/smart\/plaza-2jpeg.jpeg\" \/><\/div>\n<\/div>\n<p>Desde el\u00a0<strong>Frente Renovador<\/strong>, el ministro de Econom\u00eda,<strong>\u00a0Sergio Massa<\/strong>, convoc\u00f3 a marchar desde las\u00a0<strong>16<\/strong>\u00a0a Plaza de Mayo,\u00a0<strong>&#8220;en defensa de la democracia&#8221;<\/strong>. As\u00ed lo inform\u00f3 el funcionario a trav\u00e9s de su cuenta de Twitter, con la leyenda: &#8220;En defensa de la democracia, hoy todos a la Plaza&#8221; de Mayo.<\/p>\n<p>Por su parte, la dirigencia de la agrupaci\u00f3n\u00a0<strong>La C\u00e1mpora\u00a0<\/strong>se concentrar\u00e1 tambi\u00e9n desde las\u00a0<strong>12<\/strong>\u00a0en Avenida de Mayo y 9 de Julio para marchar a la Plaza.<\/p>\n<div id=\"7695005-Libre-2005487545_wrap\" class=\"embed_cont type_imagen\" contenteditable=\"false\">\n<div id=\"7695005-Libre-2005487545_content\" class=\"embed_content\"><img decoding=\"async\" id=\"7695005-Libre-2005487545_embed\" src=\"https:\/\/media.ambito.com\/p\/65fb7e1b56369e315210094f60b0b096\/adjuntos\/239\/imagenes\/040\/122\/0040122485\/730x0\/smart\/plaza-1jpeg.jpeg\" alt=\"\" width=\"730\" height=\"\" data-td-src-property=\"https:\/\/media.ambito.com\/p\/65fb7e1b56369e315210094f60b0b096\/adjuntos\/239\/imagenes\/040\/122\/0040122485\/730x0\/smart\/plaza-1jpeg.jpeg\" \/><\/div>\n<\/div>\n<h2>Movilizaci\u00f3n a Plaza de Mayo<\/h2>\n<p>Durante las \u00faltimas horas tambi\u00e9n llamaron a movilizarse\u00a0<strong>el Movimiento Evita<\/strong>\u00a0(a las 14 a Plaza de Mayo) y dirigentes de organizaciones sociales, pol\u00edticas y sindicales.<\/p>\n<h3>Qui\u00e9nes se sumaron<\/h3>\n<ul>\n<li>El\u00a0<strong>Partido Justicialista<\/strong>\u00a0llamaron a marchar en la Plaza de Mayo y en las plazas de todo el pa\u00eds &#8220;en solidaridad con Cristina y en defensa de la vida y de la democracia&#8221;.<\/li>\n<li>La agrupaci\u00f3n<strong>\u00a0La C\u00e1mpora\u00a0<\/strong>se concentrar\u00e1 tambi\u00e9n desde las 12 en Avenida de Mayo y 9 de Julio para marchar a la Plaza.<\/li>\n<li>La<strong>\u00a0Corriente Clasista y Combativa (CCC)<\/strong>\u00a0convoc\u00f3 en esa misma intersecci\u00f3n de calles al considerar que &#8220;el intento de asesinato que sufri\u00f3 la vicepresidenta, Cristina Fern\u00e1ndez de Kirchner, es un hecho de enorme gravedad&#8221;.<\/li>\n<\/ul>\n<div id=\"7695009-Libre-1535347022_wrap\" class=\"embed_cont type_imagen\" contenteditable=\"false\">\n<div id=\"7695009-Libre-1535347022_content\" class=\"embed_content\"><img decoding=\"async\" id=\"7695009-Libre-1535347022_embed\" src=\"https:\/\/media.ambito.com\/p\/4a9f7018adb3b652caf76eeaf6095d76\/adjuntos\/239\/imagenes\/040\/122\/0040122506\/730x0\/smart\/plaza-4jpeg.jpeg\" alt=\"\" width=\"730\" height=\"\" data-td-src-property=\"https:\/\/media.ambito.com\/p\/4a9f7018adb3b652caf76eeaf6095d76\/adjuntos\/239\/imagenes\/040\/122\/0040122506\/730x0\/smart\/plaza-4jpeg.jpeg\" \/><\/div>\n<\/div>\n<h2><a class=\"agrupador\" href=\"https:\/\/www.ambito.com\/atentado-a5123937\" rel=\"5123937\">Atentado<\/a>\u00a0contra CFK<\/h2>\n<p>La vicepresidenta sufri\u00f3 este jueves un intento de asesinato de parte de un hombre que le gatill\u00f3 con un arma de fuego y luego fue detenido por personal policial.<\/p>\n<p>El ataque se produjo en momentos en que<strong>\u00a0la titular del Senado saludaba a militantes\u00a0<\/strong>que se hab\u00edan concentrado\u00a0<strong>en la puerta de su domicilio<\/strong>\u00a0en el barrio porte\u00f1o de Recoleta.<\/p>\n<div id=\"7694663-1716854620_wrap\" class=\"embed_cont type_video\" contenteditable=\"false\">\n<div id=\"7694663-1716854620_content\" class=\"embed_content\">\n<div id=\"7694663-1716854620_embed\">\n<div id=\"mediaPlayer_7694663-1716854620\"><iframe loading=\"lazy\" src=\"https:\/\/www.ambito.com\/services\/embed.php?idAdjunto=7694663&amp;idAdjuntoTamano=&amp;width=622&amp;height=351&amp;tipo=video\" width=\"622\" height=\"351\" frameborder=\"0\" scrolling=\"no\" allowfullscreen=\"allowfullscreen\" data-td-src-property=\"https:\/\/www.ambito.com\/services\/embed.php?idAdjunto=7694663&amp;idAdjuntoTamano=&amp;width=622&amp;height=351&amp;tipo=video\" data-mce-fragment=\"1\"><\/iframe><\/div>\n<\/div>\n<\/div>\n<\/div>\n<p>El atentado qued\u00f3 captado en im\u00e1genes, mientras el agresor fue<strong>\u00a0detenido por la Polic\u00eda Federal\u00a0<\/strong>y ahora se encuentra puesto a disposici\u00f3n de la jueza federal\u00a0<strong>Mar\u00eda Eugenia Capuchetti\u00a0<\/strong>y del fiscal<strong>\u00a0Carlos R\u00edvolo<\/strong>, a cargo de la causa por el intento de magnicidio de Cristina Fern\u00e1ndez de Kirchner.<\/p>\n<\/section>\n<\/section>\n","protected":false},"excerpt":{"rendered":"<p>Organizaciones sociales, sindicales y pol\u00edticas se\u00a0manifestaron este viernes\u00a0en\u00a0Plaza de Mayo\u00a0&#8220;en defensa de la democracia&#8221;, para apoyar a la vicepresidenta,\u00a0Cristina Fern\u00e1ndez de Kirchner, y repudiar el atentado en su contra del jueves por la noche. La movilizaci\u00f3n, que tuvo una\u00a0concurrencia multitudinaria en el microcentro porte\u00f1o, concluy\u00f3 con una solicitada expresada por importantes l\u00edderes del pa\u00eds, que [&hellip;]<\/p>\n","protected":false},"author":2,"featured_media":7232,"comment_status":"closed","ping_status":"closed","sticky":false,"template":"","format":"standard","meta":{"footnotes":""},"categories":[79],"tags":[],"class_list":{"0":"post-7231","1":"post","2":"type-post","3":"status-publish","4":"format-standard","5":"has-post-thumbnail","7":"category-politica"},"_links":{"self":[{"href":"https:\/\/radiobitacora.com.ar\/web\/wp-json\/wp\/v2\/posts\/7231","targetHints":{"allow":["GET"]}}],"collection":[{"href":"https:\/\/radiobitacora.com.ar\/web\/wp-json\/wp\/v2\/posts"}],"about":[{"href":"https:\/\/radiobitacora.com.ar\/web\/wp-json\/wp\/v2\/types\/post"}],"author":[{"embeddable":true,"href":"https:\/\/radiobitacora.com.ar\/web\/wp-json\/wp\/v2\/users\/2"}],"replies":[{"embeddable":true,"href":"https:\/\/radiobitacora.com.ar\/web\/wp-json\/wp\/v2\/comments?post=7231"}],"version-history":[{"count":0,"href":"https:\/\/radiobitacora.com.ar\/web\/wp-json\/wp\/v2\/posts\/7231\/revisions"}],"wp:featuredmedia":[{"embeddable":true,"href":"https:\/\/radiobitacora.com.ar\/web\/wp-json\/wp\/v2\/media\/7232"}],"wp:attachment":[{"href":"https:\/\/radiobitacora.com.ar\/web\/wp-json\/wp\/v2\/media?parent=7231"}],"wp:term":[{"taxonomy":"category","embeddable":true,"href":"https:\/\/radiobitacora.com.ar\/web\/wp-json\/wp\/v2\/categories?post=7231"},{"taxonomy":"post_tag","embeddable":true,"href":"https:\/\/radiobitacora.com.ar\/web\/wp-json\/wp\/v2\/tags?post=7231"}],"curies":[{"name":"wp","href":"https:\/\/api.w.org\/{rel}","templated":true}]}}