{"id":7246,"date":"2022-09-03T19:32:22","date_gmt":"2022-09-03T22:32:22","guid":{"rendered":"https:\/\/radiobitacora.com.ar\/web\/?p=7246"},"modified":"2022-09-03T19:32:22","modified_gmt":"2022-09-03T22:32:22","slug":"despues-de-siete-anos-huracan-se-consagro-campeon-del-futbol-de-corrientes","status":"publish","type":"post","link":"https:\/\/radiobitacora.com.ar\/web\/2022\/09\/03\/despues-de-siete-anos-huracan-se-consagro-campeon-del-futbol-de-corrientes\/","title":{"rendered":"Despu\u00e9s de siete a\u00f1os, Hurac\u00e1n se consagr\u00f3 campe\u00f3n del f\u00fatbol de Corrientes"},"content":{"rendered":"<p>Con goles convertidos sobre el final del encuentro,\u00a0<strong>Hurac\u00e1n Corrientes se consagr\u00f3 campe\u00f3n de la Liga Correntina de F\u00fatbol luego de siete a\u00f1os tras vencer 2 a 0 a Lipton<\/strong>\u00a0 en el estadio de Boca Unidos.<\/p>\n<p>&nbsp;<\/p>\n<div class=\"fixed-container f_height\"><img decoding=\"async\" class=\"i-amphtml-fill-content i-amphtml-replaced-content\" src=\"https:\/\/pxc.cdn.ellitoral.com.ar\/litoral\/092022\/1662238955666.webp?cw=1200&amp;ch=796&amp;extw=jpeg\" alt=\"Despu\u00e9s de siete a\u00f1os, Hurac\u00e1n se consagr\u00f3 campe\u00f3n del f\u00fatbol de Corrientes\" \/><\/div>\n<p><strong>Federico Garc\u00eda y Esteban Vel\u00e1zquez fueron los autores de las conquistas que permitieron al conjunto conducido por Alfredo Villegas volver al podio en el certamen local.<\/strong><\/p>\n<p>&nbsp;<\/p>\n<p>&nbsp;<\/p>\n<div class=\"fixed-container f_height\"><strong><img decoding=\"async\" class=\"i-amphtml-fill-content i-amphtml-replaced-content\" src=\"https:\/\/pxc.cdn.ellitoral.com.ar\/litoral\/092022\/1662238958362.webp?cw=1200&amp;ch=796&amp;extw=jpeg\" alt=\"Despu\u00e9s de siete a\u00f1os, Hurac\u00e1n se consagr\u00f3 campe\u00f3n del f\u00fatbol de Corrientes\" \/><\/strong><\/div>\n<p>La final, que se disput\u00f3 en el complejo deportivo Leoncio Ben\u00edtez del Club Boca Unidos, encontr\u00f3 a dos rivales que llegaron a la instancia definitiva con una regularidad marcada.<\/p>\n<p>&nbsp;<\/p>\n<p>&nbsp;<\/p>\n<div class=\"fixed-container f_height\"><img decoding=\"async\" class=\"i-amphtml-fill-content i-amphtml-replaced-content\" src=\"https:\/\/pxc.cdn.ellitoral.com.ar\/litoral\/092022\/1662238956489.webp?cw=1200&amp;ch=796&amp;extw=jpeg\" alt=\"Despu\u00e9s de siete a\u00f1os, Hurac\u00e1n se consagr\u00f3 campe\u00f3n del f\u00fatbol de Corrientes\" \/><\/div>\n<p><strong>Mientras que Hurac\u00e1n lleg\u00f3 tras vencer en cuartos de final a Camb\u00e1 Cu\u00e1 y en semifinales a Ferroviario (por penales), Lipton dej\u00f3 en el camino a Sportivo y a Boca Unidos.<\/strong><\/p>\n<p>&nbsp;<\/p>\n<div class=\"container_publi\" data-tipo=\"tipo_desktop \" data-pos=\"AMP_P1_cuerpo\"><\/div>\n<p>Con este campeonato,\u00a0Hurac\u00e1n tiene 21 t\u00edtulos en su haber y se consagr\u00f3\u00a0por \u00faltima vez en el 2015. Por su parte, Lipton fue campe\u00f3n en 11 oportunidades y el \u00faltimo festejo fue en el 2006.<\/p>\n","protected":false},"excerpt":{"rendered":"<p>Con goles convertidos sobre el final del encuentro,\u00a0Hurac\u00e1n Corrientes se consagr\u00f3 campe\u00f3n de la Liga Correntina de F\u00fatbol luego de siete a\u00f1os tras vencer 2 a 0 a Lipton\u00a0 en el estadio de Boca Unidos. &nbsp; Federico Garc\u00eda y Esteban Vel\u00e1zquez fueron los autores de las conquistas que permitieron al conjunto conducido por Alfredo Villegas [&hellip;]<\/p>\n","protected":false},"author":2,"featured_media":7247,"comment_status":"closed","ping_status":"closed","sticky":false,"template":"","format":"standard","meta":{"footnotes":""},"categories":[78],"tags":[],"class_list":{"0":"post-7246","1":"post","2":"type-post","3":"status-publish","4":"format-standard","5":"has-post-thumbnail","7":"category-deportes"},"_links":{"self":[{"href":"https:\/\/radiobitacora.com.ar\/web\/wp-json\/wp\/v2\/posts\/7246","targetHints":{"allow":["GET"]}}],"collection":[{"href":"https:\/\/radiobitacora.com.ar\/web\/wp-json\/wp\/v2\/posts"}],"about":[{"href":"https:\/\/radiobitacora.com.ar\/web\/wp-json\/wp\/v2\/types\/post"}],"author":[{"embeddable":true,"href":"https:\/\/radiobitacora.com.ar\/web\/wp-json\/wp\/v2\/users\/2"}],"replies":[{"embeddable":true,"href":"https:\/\/radiobitacora.com.ar\/web\/wp-json\/wp\/v2\/comments?post=7246"}],"version-history":[{"count":0,"href":"https:\/\/radiobitacora.com.ar\/web\/wp-json\/wp\/v2\/posts\/7246\/revisions"}],"wp:featuredmedia":[{"embeddable":true,"href":"https:\/\/radiobitacora.com.ar\/web\/wp-json\/wp\/v2\/media\/7247"}],"wp:attachment":[{"href":"https:\/\/radiobitacora.com.ar\/web\/wp-json\/wp\/v2\/media?parent=7246"}],"wp:term":[{"taxonomy":"category","embeddable":true,"href":"https:\/\/radiobitacora.com.ar\/web\/wp-json\/wp\/v2\/categories?post=7246"},{"taxonomy":"post_tag","embeddable":true,"href":"https:\/\/radiobitacora.com.ar\/web\/wp-json\/wp\/v2\/tags?post=7246"}],"curies":[{"name":"wp","href":"https:\/\/api.w.org\/{rel}","templated":true}]}}