{"id":7264,"date":"2022-09-03T20:04:36","date_gmt":"2022-09-03T23:04:36","guid":{"rendered":"https:\/\/radiobitacora.com.ar\/web\/?p=7264"},"modified":"2022-09-03T20:04:36","modified_gmt":"2022-09-03T23:04:36","slug":"la-alfombra-roja-de-la-presentacion-de-argentina-1985-en-el-festival-de-venecia","status":"publish","type":"post","link":"https:\/\/radiobitacora.com.ar\/web\/2022\/09\/03\/la-alfombra-roja-de-la-presentacion-de-argentina-1985-en-el-festival-de-venecia\/","title":{"rendered":"La alfombra roja de la presentaci\u00f3n de Argentina, 1985 en el Festival de Venecia"},"content":{"rendered":"<p class=\"paragraph\">Este s\u00e1bado, lleg\u00f3 al Festival de Venecia la pel\u00edcula\u00a0<i><b>Argentina, 1985<\/b><\/i>, dirigida por\u00a0<b>Santiago Mitre<\/b>\u00a0y protagonizada por\u00a0<b>Ricardo Dar\u00edn\u00a0<\/b>y\u00a0<b>Peter Lanzani.<\/b>\u00a0El film, que se estrenar\u00e1 en los cines el pr\u00f3ximo 29 de septiembre y luego estar\u00e1 disponible en Prime Video, trata sobre el juicio a las juntas de la dictadura militar que gobern\u00f3 entre 1976 y 1983 y est\u00e1 inspirada en el equipo de fiscales liderado por\u00a0<b>Julio Strassera<\/b>\u00a0y\u00a0<b>Luis Moreno Ocampo<\/b>\u00a0que lograron, pese a las amenazas, algo que por entonces parec\u00eda imposible.<\/p>\n<div class=\"visual__image\"><img loading=\"lazy\" decoding=\"async\" class=\"\" src=\"https:\/\/cloudfront-us-east-1.images.arcpublishing.com\/infobae\/DNGX56YWSP2RXNVZM2WV6TERUQ.jpg\" sizes=\"auto, (min-width: 800px) 50vw, 90vw\" srcset=\"https:\/\/www.infobae.com\/new-resizer\/4nt2FcRDckqmfslFj5zh36QrEJ8=\/992x614\/filters:format(webp):quality(85)\/cloudfront-us-east-1.images.arcpublishing.com\/infobae\/DNGX56YWSP2RXNVZM2WV6TERUQ.jpg 992w\" alt=\"Peter Lanzani (REUTERS\/Guglielmo Mangiapane)\" width=\"3727\" height=\"2422\" \/>Peter Lanzani (REUTERS\/Guglielmo Mangiapane)<\/div>\n<div class=\"visual__image\"><img loading=\"lazy\" decoding=\"async\" class=\"\" src=\"https:\/\/cloudfront-us-east-1.images.arcpublishing.com\/infobae\/4HIXHXIJPIZ4KCZ2JILI6G42JY.jpg\" sizes=\"auto, (min-width: 800px) 50vw, 90vw\" srcset=\"https:\/\/www.infobae.com\/new-resizer\/RXkdaDRyiL4KmwA-eP4e0ibmFL4=\/420x630\/filters:format(webp):quality(85)\/cloudfront-us-east-1.images.arcpublishing.com\/infobae\/4HIXHXIJPIZ4KCZ2JILI6G42JY.jpg 420w,https:\/\/www.infobae.com\/new-resizer\/TJcSdK1YKESg7-7TZAKxiCXc0uw=\/768x1152\/filters:format(webp):quality(85)\/cloudfront-us-east-1.images.arcpublishing.com\/infobae\/4HIXHXIJPIZ4KCZ2JILI6G42JY.jpg 768w,https:\/\/www.infobae.com\/new-resizer\/SsJ4TckBmhOByQUVy_UFi8hIWjw=\/992x1488\/filters:format(webp):quality(85)\/cloudfront-us-east-1.images.arcpublishing.com\/infobae\/4HIXHXIJPIZ4KCZ2JILI6G42JY.jpg 992w,https:\/\/www.infobae.com\/new-resizer\/X7uZg4KlrKl8maX20OpfFH0SQLY=\/1200x1800\/filters:format(webp):quality(85)\/cloudfront-us-east-1.images.arcpublishing.com\/infobae\/4HIXHXIJPIZ4KCZ2JILI6G42JY.jpg 1200w\" alt=\"El director Santiago Mitre y Dolores Fonzi (REUTERS\/Guglielmo Mangiapane)\" width=\"3318\" height=\"5120\" \/>El director Santiago Mitre y Dolores Fonzi (REUTERS\/Guglielmo Mangiapane)<\/div>\n<div class=\"visual__image\"><img loading=\"lazy\" decoding=\"async\" class=\"\" src=\"https:\/\/cloudfront-us-east-1.images.arcpublishing.com\/infobae\/S3PBFXFKZD4XV4HNDF52RMGYDA.jpg\" sizes=\"auto, (min-width: 800px) 50vw, 90vw\" srcset=\"https:\/\/www.infobae.com\/new-resizer\/SObgLq87nHYJyEvk77L9r4POijo=\/420x630\/filters:format(webp):quality(85)\/cloudfront-us-east-1.images.arcpublishing.com\/infobae\/S3PBFXFKZD4XV4HNDF52RMGYDA.jpg 420w,https:\/\/www.infobae.com\/new-resizer\/0X0M_QzoMcp7yreDi7KzlSM7KwE=\/768x1152\/filters:format(webp):quality(85)\/cloudfront-us-east-1.images.arcpublishing.com\/infobae\/S3PBFXFKZD4XV4HNDF52RMGYDA.jpg 768w,https:\/\/www.infobae.com\/new-resizer\/dgAn3RHtUbNz9Vvpx4MMgnN1eW4=\/992x1488\/filters:format(webp):quality(85)\/cloudfront-us-east-1.images.arcpublishing.com\/infobae\/S3PBFXFKZD4XV4HNDF52RMGYDA.jpg 992w,https:\/\/www.infobae.com\/new-resizer\/LAjD7gEFjVcD-yUQMo0jQCNKj3c=\/1200x1800\/filters:format(webp):quality(85)\/cloudfront-us-east-1.images.arcpublishing.com\/infobae\/S3PBFXFKZD4XV4HNDF52RMGYDA.jpg 1200w\" alt=\"Alejandra Flechner (REUTERS\/Yara Nardi)\" width=\"3006\" height=\"4423\" \/>Alejandra Flechner (REUTERS\/Yara Nardi)<\/div>\n<p class=\"paragraph\">\u201c<b>El juicio de 1985 es un hecho fundamental para la Argentina. Inaugura la democracia y al mismo tiempo condena la violencia como posibilidad<\/b>. Cre\u00edamos que el cine ten\u00eda que retratarlo y nos alegra y nos enorgullece haber sido los primeros en hacerlo y presentarlo de esta manera al mundo. \u00bfPor qu\u00e9 una pel\u00edcula as\u00ed no se hizo antes? No lo podr\u00eda decir. Tal vez hac\u00eda falta tiempo para poder contar esta historia\u201d,\u00a0<a href=\"https:\/\/www.infobae.com\/cultura\/2022\/09\/03\/estamos-en-shock-santiago-mitre-presento-argentina-1985-en-venecia-y-hablo-sobre-el-atentado-a-la-vicepresidenta\/\">dijo Mitre\u00a0<\/a>en la conferencia de prensa previa a la proyecci\u00f3n.<\/p>\n<p class=\"paragraph\"><i>S<\/i>e trata de una coproducci\u00f3n entre La Uni\u00f3n de los R\u00edos, Kenya Films, Infinity Films y Amazon Studios. Los productores son\u00a0<b>Axel Kuschevatzky, Federico Posternak, Agustina Llambi Campbell, Ricardo Dar\u00edn, Santiago Mitre, Santiago Carabante, Chino Dar\u00edn y Victoria Alonso<\/b>. A cargo de la producci\u00f3n ejecutiva se encuentran\u00a0<b>Cindy Teperman y Phin Glynn<\/b>.<\/p>\n<div class=\"visual__image\"><img loading=\"lazy\" decoding=\"async\" class=\"\" src=\"https:\/\/cloudfront-us-east-1.images.arcpublishing.com\/infobae\/FKMEBB7NRZXFH335TUJJXYDHKA.jpg\" sizes=\"auto, (min-width: 800px) 50vw, 90vw\" srcset=\"https:\/\/www.infobae.com\/new-resizer\/TmFkGoQvdWccOeEB_j0xHeCOeMk=\/420x280\/filters:format(webp):quality(85)\/cloudfront-us-east-1.images.arcpublishing.com\/infobae\/FKMEBB7NRZXFH335TUJJXYDHKA.jpg 420w,https:\/\/www.infobae.com\/new-resizer\/q2ox_o-GIteBD_Bgu_CFoabF8rU=\/768x512\/filters:format(webp):quality(85)\/cloudfront-us-east-1.images.arcpublishing.com\/infobae\/FKMEBB7NRZXFH335TUJJXYDHKA.jpg 768w,https:\/\/www.infobae.com\/new-resizer\/suOY25hImyDl8RHdaq7v_irYQjE=\/992x661\/filters:format(webp):quality(85)\/cloudfront-us-east-1.images.arcpublishing.com\/infobae\/FKMEBB7NRZXFH335TUJJXYDHKA.jpg 992w,https:\/\/www.infobae.com\/new-resizer\/uZy9zswN0PAv5QpCY4W3Jt6dJzw=\/1200x800\/filters:format(webp):quality(85)\/cloudfront-us-east-1.images.arcpublishing.com\/infobae\/FKMEBB7NRZXFH335TUJJXYDHKA.jpg 1200w,https:\/\/www.infobae.com\/new-resizer\/HHxZl6ITuM-FjFnLQAedrFYZuYg=\/1440x960\/filters:format(webp):quality(85)\/cloudfront-us-east-1.images.arcpublishing.com\/infobae\/FKMEBB7NRZXFH335TUJJXYDHKA.jpg 1440w\" alt=\"Alejandra Flechner y los pa\u00f1uelos blancos que representantan a las madres de Plaza de Mayo (REUTERS\/Guglielmo Mangiapane)\" width=\"3680\" height=\"2448\" \/>Alejandra Flechner y los pa\u00f1uelos blancos que representantan a las madres de Plaza de Mayo (REUTERS\/Guglielmo Mangiapane)<\/div>\n<div class=\"visual__image\"><img loading=\"lazy\" decoding=\"async\" class=\"\" src=\"https:\/\/cloudfront-us-east-1.images.arcpublishing.com\/infobae\/BUEH77IHOQ67IUWMGDK7OSZEQM.jpg\" sizes=\"auto, (min-width: 800px) 50vw, 90vw\" srcset=\"https:\/\/www.infobae.com\/new-resizer\/4kLAa4WpoYjunkQXDVDqPh7o7Js=\/420x630\/filters:format(webp):quality(85)\/cloudfront-us-east-1.images.arcpublishing.com\/infobae\/BUEH77IHOQ67IUWMGDK7OSZEQM.jpg 420w,https:\/\/www.infobae.com\/new-resizer\/AUAusd9JuiohAN3DUzvATmZnmTU=\/768x1152\/filters:format(webp):quality(85)\/cloudfront-us-east-1.images.arcpublishing.com\/infobae\/BUEH77IHOQ67IUWMGDK7OSZEQM.jpg 768w,https:\/\/www.infobae.com\/new-resizer\/67IpzydXolOlUCo9StlEFHn_C0o=\/992x1488\/filters:format(webp):quality(85)\/cloudfront-us-east-1.images.arcpublishing.com\/infobae\/BUEH77IHOQ67IUWMGDK7OSZEQM.jpg 992w,https:\/\/www.infobae.com\/new-resizer\/f7LLqHEiE86FEDS5BOh0D3nSJnM=\/1200x1800\/filters:format(webp):quality(85)\/cloudfront-us-east-1.images.arcpublishing.com\/infobae\/BUEH77IHOQ67IUWMGDK7OSZEQM.jpg 1200w\" alt=\"Ludivine Sagnier (REUTERS\/Guglielmo Mangiapane)\" width=\"2296\" height=\"3374\" \/>Ludivine Sagnier (REUTERS\/Guglielmo Mangiapane)<\/div>\n<div class=\"visual__image\"><img loading=\"lazy\" decoding=\"async\" class=\"\" src=\"https:\/\/cloudfront-us-east-1.images.arcpublishing.com\/infobae\/IQY57SD5F657ES664GZXVP4OFU.jpg\" sizes=\"auto, (min-width: 800px) 50vw, 90vw\" srcset=\"https:\/\/www.infobae.com\/new-resizer\/3XDPJdhydH9LmNF92W-c5LbJviQ=\/420x280\/filters:format(webp):quality(85)\/cloudfront-us-east-1.images.arcpublishing.com\/infobae\/IQY57SD5F657ES664GZXVP4OFU.jpg 420w,https:\/\/www.infobae.com\/new-resizer\/lJ_nTI8lG1PL0A3AgV6c_8JvL3I=\/768x512\/filters:format(webp):quality(85)\/cloudfront-us-east-1.images.arcpublishing.com\/infobae\/IQY57SD5F657ES664GZXVP4OFU.jpg 768w,https:\/\/www.infobae.com\/new-resizer\/r5uI57vGPPeuDDd2aJmQuaQs07k=\/992x661\/filters:format(webp):quality(85)\/cloudfront-us-east-1.images.arcpublishing.com\/infobae\/IQY57SD5F657ES664GZXVP4OFU.jpg 992w,https:\/\/www.infobae.com\/new-resizer\/1J0fYMGrzAjrSM-57wl0JROdyOQ=\/1200x800\/filters:format(webp):quality(85)\/cloudfront-us-east-1.images.arcpublishing.com\/infobae\/IQY57SD5F657ES664GZXVP4OFU.jpg 1200w,https:\/\/www.infobae.com\/new-resizer\/WOPvsAvwr8A-Okl4d092nL_Ckko=\/1440x960\/filters:format(webp):quality(85)\/cloudfront-us-east-1.images.arcpublishing.com\/infobae\/IQY57SD5F657ES664GZXVP4OFU.jpg 1440w\" alt=\" Frida Aasen (REUTERS\/Guglielmo Mangiapane)\" width=\"3339\" height=\"2315\" \/>Frida Aasen (REUTERS\/Guglielmo Mangiapane)<\/div>\n<p class=\"paragraph\">La sinopsis oficial dice: \u201cEst\u00e1 inspirada en la historia real del equipo de fiscales liderado por Julio Strassera y Luis Moreno Ocampo que, acompa\u00f1ados por un grupo de j\u00f3venes en su batalla de David vs Goliat en contra del poder, se atrevieron contra todo pron\u00f3stico y bajo una amenaza constante, a enjuiciar a los jefes de la dictadura militar m\u00e1s sangrienta de Argentina, brind\u00e1ndole justicia a sus v\u00edctimas y paz a sus sobrevivientes\u201d.<\/p>\n<p class=\"paragraph\">El juicio a las Juntas Militares durante el gobierno del presidente\u00a0<b>Ra\u00fal Alfons\u00edn<\/b>\u00a0fue de los hechos judiciales m\u00e1s importantes en la historia argentina, donde los responsables del Proceso de Reorganizaci\u00f3n Nacional que sucedi\u00f3 entre 1976 y 1983 fueron juzgados por la violaci\u00f3n a los derechos humanos que se dio mientras los militares ocuparon el poder. La pel\u00edcula aborda uno de los momentos m\u00e1s cruciales desde la vuelta a la democracia.<\/p>\n<div class=\"visual__image\"><img loading=\"lazy\" decoding=\"async\" class=\"\" src=\"https:\/\/cloudfront-us-east-1.images.arcpublishing.com\/infobae\/5SON4MO74I5Y6COUBMHLXZXM54.jpg\" sizes=\"auto, (min-width: 800px) 50vw, 90vw\" srcset=\"https:\/\/www.infobae.com\/new-resizer\/MeSercWIXBrlH7unpnWTtoOFcm8=\/420x630\/filters:format(webp):quality(85)\/cloudfront-us-east-1.images.arcpublishing.com\/infobae\/5SON4MO74I5Y6COUBMHLXZXM54.jpg 420w,https:\/\/www.infobae.com\/new-resizer\/Fb6MNpIdI1KXZajbJlUCU8AimRk=\/768x1152\/filters:format(webp):quality(85)\/cloudfront-us-east-1.images.arcpublishing.com\/infobae\/5SON4MO74I5Y6COUBMHLXZXM54.jpg 768w,https:\/\/www.infobae.com\/new-resizer\/3TKCvtTChTVKDZw7AwoYUuZ7VKw=\/992x1488\/filters:format(webp):quality(85)\/cloudfront-us-east-1.images.arcpublishing.com\/infobae\/5SON4MO74I5Y6COUBMHLXZXM54.jpg 992w,https:\/\/www.infobae.com\/new-resizer\/yWvZJkEvGk0WKdYyxv0u3mfjHMY=\/1200x1800\/filters:format(webp):quality(85)\/cloudfront-us-east-1.images.arcpublishing.com\/infobae\/5SON4MO74I5Y6COUBMHLXZXM54.jpg 1200w\" alt=\"Pedro Pascal (REUTERS\/Yara Nardi)\" width=\"1833\" height=\"2650\" \/>Pedro Pascal (REUTERS\/Yara Nardi)<\/div>\n<div class=\"visual__image\"><img loading=\"lazy\" decoding=\"async\" class=\"\" src=\"https:\/\/cloudfront-us-east-1.images.arcpublishing.com\/infobae\/XPBC7KZ2CLWICBHKFK5FHA3DKU.jpg\" sizes=\"auto, (min-width: 800px) 50vw, 90vw\" srcset=\"https:\/\/www.infobae.com\/new-resizer\/jyVVK15Ynl8IwqoIlE5KmQDLiZs=\/420x280\/filters:format(webp):quality(85)\/cloudfront-us-east-1.images.arcpublishing.com\/infobae\/XPBC7KZ2CLWICBHKFK5FHA3DKU.jpg 420w,https:\/\/www.infobae.com\/new-resizer\/VPFS8P0k_Xy8KUYpJ1j7jpE3mLs=\/768x512\/filters:format(webp):quality(85)\/cloudfront-us-east-1.images.arcpublishing.com\/infobae\/XPBC7KZ2CLWICBHKFK5FHA3DKU.jpg 768w,https:\/\/www.infobae.com\/new-resizer\/MnuxedCNPmuZHuu7JxQu4Renf3I=\/992x661\/filters:format(webp):quality(85)\/cloudfront-us-east-1.images.arcpublishing.com\/infobae\/XPBC7KZ2CLWICBHKFK5FHA3DKU.jpg 992w,https:\/\/www.infobae.com\/new-resizer\/fGRd2FBzKui3YRq8xyliiX64wm4=\/1200x800\/filters:format(webp):quality(85)\/cloudfront-us-east-1.images.arcpublishing.com\/infobae\/XPBC7KZ2CLWICBHKFK5FHA3DKU.jpg 1200w,https:\/\/www.infobae.com\/new-resizer\/YC32Dd17SvscIZCyrW4f6uvu1ks=\/1440x960\/filters:format(webp):quality(85)\/cloudfront-us-east-1.images.arcpublishing.com\/infobae\/XPBC7KZ2CLWICBHKFK5FHA3DKU.jpg 1440w\" alt=\" Isabelle Huppert (REUTERS\/Yara Nardi)\" width=\"3344\" height=\"2240\" \/>Isabelle Huppert (REUTERS\/Yara Nardi)<\/div>\n<div class=\"visual__image\"><img loading=\"lazy\" decoding=\"async\" class=\"\" src=\"https:\/\/cloudfront-us-east-1.images.arcpublishing.com\/infobae\/SEKHMOPU5DBPPZUMTZVRKY6APU.jpg\" sizes=\"auto, (min-width: 800px) 50vw, 90vw\" srcset=\"https:\/\/www.infobae.com\/new-resizer\/LuHquPbTndkVIrDaKM3RZEpQCPo=\/420x280\/filters:format(webp):quality(85)\/cloudfront-us-east-1.images.arcpublishing.com\/infobae\/SEKHMOPU5DBPPZUMTZVRKY6APU.jpg 420w,https:\/\/www.infobae.com\/new-resizer\/hOdOX3eJ-J09kbYA8Qw76mr2rLE=\/768x512\/filters:format(webp):quality(85)\/cloudfront-us-east-1.images.arcpublishing.com\/infobae\/SEKHMOPU5DBPPZUMTZVRKY6APU.jpg 768w,https:\/\/www.infobae.com\/new-resizer\/vHl3eA7PcQbCFpI0q02kTFyZxRA=\/992x661\/filters:format(webp):quality(85)\/cloudfront-us-east-1.images.arcpublishing.com\/infobae\/SEKHMOPU5DBPPZUMTZVRKY6APU.jpg 992w,https:\/\/www.infobae.com\/new-resizer\/oyPrOezmyofJgUKnWMeJxNDBmNc=\/1200x800\/filters:format(webp):quality(85)\/cloudfront-us-east-1.images.arcpublishing.com\/infobae\/SEKHMOPU5DBPPZUMTZVRKY6APU.jpg 1200w,https:\/\/www.infobae.com\/new-resizer\/8o5u6qfDD1iAlEe0RFi6NLJIwl4=\/1440x960\/filters:format(webp):quality(85)\/cloudfront-us-east-1.images.arcpublishing.com\/infobae\/SEKHMOPU5DBPPZUMTZVRKY6APU.jpg 1440w\" alt=\"Melissa Satta poses  (REUTERS\/Yara Nardi)\" width=\"2761\" height=\"1841\" \/>Melissa Satta poses (REUTERS\/Yara Nardi)<\/div>\n<div class=\"visual__image\"><img loading=\"lazy\" decoding=\"async\" class=\"\" src=\"https:\/\/cloudfront-us-east-1.images.arcpublishing.com\/infobae\/EUCLVDJ7VGBZ6WDKHCMDKIQ5LM.jpg\" sizes=\"auto, (min-width: 800px) 50vw, 90vw\" srcset=\"https:\/\/www.infobae.com\/new-resizer\/czRLQ7kvtNhWJB5zpNJa-6E_veE=\/420x280\/filters:format(webp):quality(85)\/cloudfront-us-east-1.images.arcpublishing.com\/infobae\/EUCLVDJ7VGBZ6WDKHCMDKIQ5LM.jpg 420w,https:\/\/www.infobae.com\/new-resizer\/GJx0x7nDpU-Av7I0qvKPrijbCe8=\/768x512\/filters:format(webp):quality(85)\/cloudfront-us-east-1.images.arcpublishing.com\/infobae\/EUCLVDJ7VGBZ6WDKHCMDKIQ5LM.jpg 768w,https:\/\/www.infobae.com\/new-resizer\/T_LDEQeEuZKOm5FvPbOwNr0qqsk=\/992x661\/filters:format(webp):quality(85)\/cloudfront-us-east-1.images.arcpublishing.com\/infobae\/EUCLVDJ7VGBZ6WDKHCMDKIQ5LM.jpg 992w,https:\/\/www.infobae.com\/new-resizer\/BBa-Vm69_tFRRufHPgCDIbbC5UY=\/1200x800\/filters:format(webp):quality(85)\/cloudfront-us-east-1.images.arcpublishing.com\/infobae\/EUCLVDJ7VGBZ6WDKHCMDKIQ5LM.jpg 1200w,https:\/\/www.infobae.com\/new-resizer\/ORPzsIQcgcGxfnuNkuKbPDSg4qc=\/1440x960\/filters:format(webp):quality(85)\/cloudfront-us-east-1.images.arcpublishing.com\/infobae\/EUCLVDJ7VGBZ6WDKHCMDKIQ5LM.jpg 1440w\" alt=\"Aya Mohamed (REUTERS\/Yara Nardi)\" width=\"4159\" height=\"2773\" \/>Aya Mohamed (REUTERS\/Yara Nardi)<\/div>\n<p class=\"paragraph\">Sobre la importancia de este film y su implicancia en la actualidad del pa\u00eds, Dar\u00edn se\u00f1al\u00f3<a href=\"https:\/\/www.infobae.com\/teleshow\/2022\/09\/03\/ricardo-darin-y-peter-lanzani-llegaron-al-festival-de-venecia-el-odio-es-el-unico-sentimiento-que-no-prescribe\/\" target=\"_blank\" rel=\"noopener\">\u00a0en di\u00e1logo con los medios:\u00a0<\/a>\u201cEst\u00e1 mirando sobre todo hacia adelante, hacia las generaciones nuevas. A la idea de\u00a0<b>recuperar la dignidad y no bajar los brazos\u00a0<\/b>a partir del ejemplo, no solo desde el discurso. Esta es una pel\u00edcula llena de humanidad y a partir de ella est\u00e1 muy comprometida la relaci\u00f3n con los m\u00e1s j\u00f3venes\u201d.<\/p>\n<p class=\"paragraph\">Por su parte, Lanzani agreg\u00f3: \u201cYo no viv\u00ed la dictadura. Nac\u00ed m\u00e1s tarde. Pero<b>\u00a0empatic\u00e9 sobre todo con la humanidad de la historia y de los personajes<\/b>. Eso es lo que m\u00e1s me lleg\u00f3 cuando le\u00ed el guion. En los ojos de todos nosotros, cuando nos mir\u00e1bamos mientras actu\u00e1bamos, suced\u00eda todo, habi\u00e9ndolo vivido o no. All\u00ed nos d\u00e1bamos cuenta de inmediato qu\u00e9 estaba bien y qu\u00e9 estaba mal. En mi caso, trat\u00e9 de encontrar el tono para el personaje, el l\u00e9xico de un abogado siempre es complejo. Me vest\u00eda de traje en mi casa, me presentaba y hablaba as\u00ed con mis amigos. Y qu\u00e9 puedo decir de Ricardo, para nuestra generaci\u00f3n es una eminencia\u201d.<\/p>\n<div class=\"visual__image\"><img loading=\"lazy\" decoding=\"async\" class=\"\" src=\"https:\/\/cloudfront-us-east-1.images.arcpublishing.com\/infobae\/QNCNMB4K4JI4K24AU2DAQQM77I.jpg\" sizes=\"auto, (min-width: 800px) 50vw, 90vw\" srcset=\"https:\/\/www.infobae.com\/new-resizer\/mN21l_jneZOwTynOUkwumwUMzoo=\/420x280\/filters:format(webp):quality(85)\/cloudfront-us-east-1.images.arcpublishing.com\/infobae\/QNCNMB4K4JI4K24AU2DAQQM77I.jpg 420w,https:\/\/www.infobae.com\/new-resizer\/YiZO5831xenzOwLsVvQoe-31I9A=\/768x512\/filters:format(webp):quality(85)\/cloudfront-us-east-1.images.arcpublishing.com\/infobae\/QNCNMB4K4JI4K24AU2DAQQM77I.jpg 768w,https:\/\/www.infobae.com\/new-resizer\/mnRv8N-eZfdODoRgKBZZLgOo1Ik=\/992x661\/filters:format(webp):quality(85)\/cloudfront-us-east-1.images.arcpublishing.com\/infobae\/QNCNMB4K4JI4K24AU2DAQQM77I.jpg 992w,https:\/\/www.infobae.com\/new-resizer\/IgK5ayqUD3IsH2NI9UhX_3FnXpg=\/1200x800\/filters:format(webp):quality(85)\/cloudfront-us-east-1.images.arcpublishing.com\/infobae\/QNCNMB4K4JI4K24AU2DAQQM77I.jpg 1200w,https:\/\/www.infobae.com\/new-resizer\/B1GEpJcw1E361l9uEqwgDtW7SYw=\/1440x960\/filters:format(webp):quality(85)\/cloudfront-us-east-1.images.arcpublishing.com\/infobae\/QNCNMB4K4JI4K24AU2DAQQM77I.jpg 1440w\" alt=\" Ricardo Darin saludando a los fot\u00f3grafos (REUTERS\/Guglielmo Mangiapane)\" width=\"5091\" height=\"3520\" \/>Ricardo Darin saludando a los fot\u00f3grafos (REUTERS\/Guglielmo Mangiapane)<\/div>\n<div class=\"visual__image\"><img loading=\"lazy\" decoding=\"async\" class=\"\" src=\"https:\/\/cloudfront-us-east-1.images.arcpublishing.com\/infobae\/UOJJZSOYBKDSI2KXBZIGZA72EY.jpg\" sizes=\"auto, (min-width: 800px) 50vw, 90vw\" srcset=\"https:\/\/www.infobae.com\/new-resizer\/AaaX7guByJKqjBcUcMia6xURE7g=\/420x280\/filters:format(webp):quality(85)\/cloudfront-us-east-1.images.arcpublishing.com\/infobae\/UOJJZSOYBKDSI2KXBZIGZA72EY.jpg 420w,https:\/\/www.infobae.com\/new-resizer\/vcfH8wBFxFvwh5PSptKyrzUmqxs=\/768x512\/filters:format(webp):quality(85)\/cloudfront-us-east-1.images.arcpublishing.com\/infobae\/UOJJZSOYBKDSI2KXBZIGZA72EY.jpg 768w,https:\/\/www.infobae.com\/new-resizer\/3iRrP3L1ehrh3fXbgZSj3Nr5Yeg=\/992x661\/filters:format(webp):quality(85)\/cloudfront-us-east-1.images.arcpublishing.com\/infobae\/UOJJZSOYBKDSI2KXBZIGZA72EY.jpg 992w,https:\/\/www.infobae.com\/new-resizer\/FqHtbaxRHtN05nCevHTQAdfy79o=\/1200x800\/filters:format(webp):quality(85)\/cloudfront-us-east-1.images.arcpublishing.com\/infobae\/UOJJZSOYBKDSI2KXBZIGZA72EY.jpg 1200w,https:\/\/www.infobae.com\/new-resizer\/lZTKBogomq8T-fBsuwLnREIHT0Q=\/1440x960\/filters:format(webp):quality(85)\/cloudfront-us-east-1.images.arcpublishing.com\/infobae\/UOJJZSOYBKDSI2KXBZIGZA72EY.jpg 1440w\" alt=\"Peter Lanzani (REUTERS\/Guglielmo Mangiapane)\" width=\"4053\" height=\"2832\" \/>Peter Lanzani (REUTERS\/Guglielmo Mangiapane)<\/div>\n<div class=\"visual__image\"><img loading=\"lazy\" decoding=\"async\" class=\"\" src=\"https:\/\/cloudfront-us-east-1.images.arcpublishing.com\/infobae\/NHTUB7JDLORTLCXQHX7TEYBVEY.jpg\" sizes=\"auto, (min-width: 800px) 50vw, 90vw\" srcset=\"https:\/\/www.infobae.com\/new-resizer\/7ASFTRYJLkjrYfPNO7lSPGW7f3U=\/420x280\/filters:format(webp):quality(85)\/cloudfront-us-east-1.images.arcpublishing.com\/infobae\/NHTUB7JDLORTLCXQHX7TEYBVEY.jpg 420w,https:\/\/www.infobae.com\/new-resizer\/_v45qQk5Zb1xB6LOjwDUZjeUu9M=\/768x512\/filters:format(webp):quality(85)\/cloudfront-us-east-1.images.arcpublishing.com\/infobae\/NHTUB7JDLORTLCXQHX7TEYBVEY.jpg 768w,https:\/\/www.infobae.com\/new-resizer\/xqulwLKW6EJbCz2VqFEKp0wC7ds=\/992x661\/filters:format(webp):quality(85)\/cloudfront-us-east-1.images.arcpublishing.com\/infobae\/NHTUB7JDLORTLCXQHX7TEYBVEY.jpg 992w,https:\/\/www.infobae.com\/new-resizer\/9j1o1WRx2HqsHMKi0-NyjeCkuXc=\/1200x800\/filters:format(webp):quality(85)\/cloudfront-us-east-1.images.arcpublishing.com\/infobae\/NHTUB7JDLORTLCXQHX7TEYBVEY.jpg 1200w,https:\/\/www.infobae.com\/new-resizer\/4HP75ugziG7Kow1tzL0cVjUFa8Q=\/1440x960\/filters:format(webp):quality(85)\/cloudfront-us-east-1.images.arcpublishing.com\/infobae\/NHTUB7JDLORTLCXQHX7TEYBVEY.jpg 1440w\" alt=\"El beso de Santiago Mitre y Dolores Fonzi (REUTERS\/Yara Nardi)\" width=\"3458\" height=\"2305\" \/>El beso de Santiago Mitre y Dolores Fonzi (REUTERS\/Yara Nardi)<\/div>\n<div class=\"visual__image\"><img loading=\"lazy\" decoding=\"async\" class=\"\" src=\"https:\/\/cloudfront-us-east-1.images.arcpublishing.com\/infobae\/7JD62Z5GGCJUZTEFUFCUGJXMJQ.jpg\" sizes=\"auto, (min-width: 800px) 50vw, 90vw\" srcset=\"https:\/\/www.infobae.com\/new-resizer\/MFtBBR8h_JsguoKQwrA4-XPCBxc=\/420x280\/filters:format(webp):quality(85)\/cloudfront-us-east-1.images.arcpublishing.com\/infobae\/7JD62Z5GGCJUZTEFUFCUGJXMJQ.jpg 420w,https:\/\/www.infobae.com\/new-resizer\/MULNpZA4xutxQQu7EQHMi8riQt4=\/768x512\/filters:format(webp):quality(85)\/cloudfront-us-east-1.images.arcpublishing.com\/infobae\/7JD62Z5GGCJUZTEFUFCUGJXMJQ.jpg 768w,https:\/\/www.infobae.com\/new-resizer\/IhE19rK7-DZG7oUotiXjcJgIcuI=\/992x661\/filters:format(webp):quality(85)\/cloudfront-us-east-1.images.arcpublishing.com\/infobae\/7JD62Z5GGCJUZTEFUFCUGJXMJQ.jpg 992w,https:\/\/www.infobae.com\/new-resizer\/4hS34-8m2Qxd7IaVoSF1SUcgUc0=\/1200x800\/filters:format(webp):quality(85)\/cloudfront-us-east-1.images.arcpublishing.com\/infobae\/7JD62Z5GGCJUZTEFUFCUGJXMJQ.jpg 1200w,https:\/\/www.infobae.com\/new-resizer\/R2R5JuZ26DrQQOBY5iqiZfFCqZA=\/1440x960\/filters:format(webp):quality(85)\/cloudfront-us-east-1.images.arcpublishing.com\/infobae\/7JD62Z5GGCJUZTEFUFCUGJXMJQ.jpg 1440w\" alt=\"El equipo de Argentina, 1985 (REUTERS\/Guglielmo Mangiapane)\" width=\"3680\" height=\"2448\" \/>El equipo de Argentina, 1985 (REUTERS\/Guglielmo Mangiapane<\/div>\n","protected":false},"excerpt":{"rendered":"<p>Este s\u00e1bado, lleg\u00f3 al Festival de Venecia la pel\u00edcula\u00a0Argentina, 1985, dirigida por\u00a0Santiago Mitre\u00a0y protagonizada por\u00a0Ricardo Dar\u00edn\u00a0y\u00a0Peter Lanzani.\u00a0El film, que se estrenar\u00e1 en los cines el pr\u00f3ximo 29 de septiembre y luego estar\u00e1 disponible en Prime Video, trata sobre el juicio a las juntas de la dictadura militar que gobern\u00f3 entre 1976 y 1983 y est\u00e1 [&hellip;]<\/p>\n","protected":false},"author":2,"featured_media":7265,"comment_status":"closed","ping_status":"closed","sticky":false,"template":"","format":"standard","meta":{"footnotes":""},"categories":[67],"tags":[],"class_list":{"0":"post-7264","1":"post","2":"type-post","3":"status-publish","4":"format-standard","5":"has-post-thumbnail","7":"category-espectaculo"},"_links":{"self":[{"href":"https:\/\/radiobitacora.com.ar\/web\/wp-json\/wp\/v2\/posts\/7264","targetHints":{"allow":["GET"]}}],"collection":[{"href":"https:\/\/radiobitacora.com.ar\/web\/wp-json\/wp\/v2\/posts"}],"about":[{"href":"https:\/\/radiobitacora.com.ar\/web\/wp-json\/wp\/v2\/types\/post"}],"author":[{"embeddable":true,"href":"https:\/\/radiobitacora.com.ar\/web\/wp-json\/wp\/v2\/users\/2"}],"replies":[{"embeddable":true,"href":"https:\/\/radiobitacora.com.ar\/web\/wp-json\/wp\/v2\/comments?post=7264"}],"version-history":[{"count":0,"href":"https:\/\/radiobitacora.com.ar\/web\/wp-json\/wp\/v2\/posts\/7264\/revisions"}],"wp:featuredmedia":[{"embeddable":true,"href":"https:\/\/radiobitacora.com.ar\/web\/wp-json\/wp\/v2\/media\/7265"}],"wp:attachment":[{"href":"https:\/\/radiobitacora.com.ar\/web\/wp-json\/wp\/v2\/media?parent=7264"}],"wp:term":[{"taxonomy":"category","embeddable":true,"href":"https:\/\/radiobitacora.com.ar\/web\/wp-json\/wp\/v2\/categories?post=7264"},{"taxonomy":"post_tag","embeddable":true,"href":"https:\/\/radiobitacora.com.ar\/web\/wp-json\/wp\/v2\/tags?post=7264"}],"curies":[{"name":"wp","href":"https:\/\/api.w.org\/{rel}","templated":true}]}}